{"id":63714,"date":"2026-08-23T11:53:54","date_gmt":"2026-08-23T14:53:54","guid":{"rendered":"https:\/\/acasaladillo.com.ar\/?p=63714"},"modified":"2026-08-23T11:54:56","modified_gmt":"2026-08-23T14:54:56","slug":"quien-es","status":"publish","type":"post","link":"https:\/\/acasaladillo.com.ar\/?p=63714","title":{"rendered":"Quien es?"},"content":{"rendered":"\n<figure class=\"wp-block-image size-full is-style-rounded\"><img loading=\"lazy\" decoding=\"async\" width=\"399\" height=\"501\" src=\"https:\/\/acasaladillo.com.ar\/wp-content\/uploads\/2026\/08\/Albertina-Manginni-2.jpg\" alt=\"\" class=\"wp-image-63715\" srcset=\"https:\/\/acasaladillo.com.ar\/wp-content\/uploads\/2026\/08\/Albertina-Manginni-2.jpg 399w, https:\/\/acasaladillo.com.ar\/wp-content\/uploads\/2026\/08\/Albertina-Manginni-2-239x300.jpg 239w, https:\/\/acasaladillo.com.ar\/wp-content\/uploads\/2026\/08\/Albertina-Manginni-2-260x326.jpg 260w, https:\/\/acasaladillo.com.ar\/wp-content\/uploads\/2026\/08\/Albertina-Manginni-2-160x201.jpg 160w\" sizes=\"auto, (max-width: 399px) 100vw, 399px\" \/><\/figure>\n\n\n\n<p><\/p>\n\n\n\n<p>Que hac\u00eda?<\/p>\n\n\n\n<hr class=\"wp-block-separator has-alpha-channel-opacity\"\/>\n\n\n\n<!--more-->\n\n\n\n<p>Qui\u00e9n es Albertina Mangini, la funcionaria judicial acusada de integrar una banda que robaba datos biom\u00e9tricos<br>Tiene 44 a\u00f1os y desde junio de 2009 cumple funciones en el Ministerio P\u00fablico bonaerense; su primer destino fue en una fiscal\u00eda de Saladillo<\/p>\n\n\n\n<figure class=\"wp-block-image size-full is-resized\"><img loading=\"lazy\" decoding=\"async\" width=\"246\" height=\"185\" src=\"https:\/\/acasaladillo.com.ar\/wp-content\/uploads\/2026\/08\/Albertina-Manginni-1.jpg\" alt=\"\" class=\"wp-image-63716\" style=\"width:452px;height:auto\" srcset=\"https:\/\/acasaladillo.com.ar\/wp-content\/uploads\/2026\/08\/Albertina-Manginni-1.jpg 246w, https:\/\/acasaladillo.com.ar\/wp-content\/uploads\/2026\/08\/Albertina-Manginni-1-160x120.jpg 160w\" sizes=\"auto, (max-width: 246px) 100vw, 246px\" \/><\/figure>\n\n\n\n<p><br>20 de agosto de 2026<br>Ingres\u00f3 en el Ministerio P\u00fablico bonaerense en junio de 2009. Su primer destino fue una fiscal\u00eda de Saladillo. Diecisiete a\u00f1os despu\u00e9s, la abogada Albertina Mangini, de 44 a\u00f1os, est\u00e1 presa. Est\u00e1 acusada de integrar una organizaci\u00f3n criminal que ofrec\u00eda dinero a cambio de escanear ojos. Con los datos biom\u00e9tricos, los delincuentes abr\u00edan cuentas en billeteras virtuales que fueron utilizadas para direccionar la recaudaci\u00f3n de casinos online clandestinos.<\/p>\n\n\n\n<p>Mangini est\u00e1 suspendida en sus funciones desde febrero de 2025, cuando qued\u00f3 imputada en la investigaci\u00f3n que lleva adelante la fiscal de La Plata Betina Lacki.<\/p>\n\n\n\n<p>\u201cLa suspensi\u00f3n se renueva cada 90 d\u00edas. Ahora con su detenci\u00f3n y llamado a indagatoria se dispuso una nueva suspensi\u00f3n hasta que dure el proceso penal\u201d, explicaron a LA NACION fuentes de la Secretar\u00eda de Control Disciplinario y Enjuiciamiento de la Procuraci\u00f3n General bonaerense.<\/p>\n\n\n\n<p>Mangini est\u00e1 presa desde el jueves de la semana pasada. La orden de detenci\u00f3n fue dispuesta por el juez de Garant\u00edas de La Plata Agust\u00edn Crispo, tras un pedido de la fiscal Lacki.<\/p>\n\n\n\n<p>Hasta su detenci\u00f3n, Mangini cumpl\u00eda funciones en la oficina de coordinaci\u00f3n que el Ministerio P\u00fablico Fiscal bonaerense tiene en el Patronato de Liberados.<\/p>\n\n\n\n<p>Pocas horas despu\u00e9s de su detenci\u00f3n, el abogado Guillermo Espinosa Viale, defensor de Mangini, present\u00f3 un h\u00e1beas corpus contra la privaci\u00f3n de libertad de su asistida y solicit\u00f3 su inmediata libertad.<\/p>\n\n\n\n<p>Pero la Sala I de la C\u00e1mara de Apelaci\u00f3n y Garant\u00edas en lo Penal de La Plata rechaz\u00f3 el pedido hecho por el abogado Espinosa Viale.<\/p>\n\n\n\n<p>Albertina Mangini al ser detenida por la Polic\u00eda Federal Argentina (PFA) <\/p>\n\n\n\n<figure class=\"wp-block-gallery has-nested-images columns-default is-cropped wp-block-gallery-1 is-layout-flex wp-block-gallery-is-layout-flex\">\n<figure class=\"wp-block-image size-large\"><img loading=\"lazy\" decoding=\"async\" width=\"399\" height=\"501\" data-id=\"63715\" src=\"https:\/\/acasaladillo.com.ar\/wp-content\/uploads\/2026\/08\/Albertina-Manginni-2.jpg\" alt=\"\" class=\"wp-image-63715\" srcset=\"https:\/\/acasaladillo.com.ar\/wp-content\/uploads\/2026\/08\/Albertina-Manginni-2.jpg 399w, https:\/\/acasaladillo.com.ar\/wp-content\/uploads\/2026\/08\/Albertina-Manginni-2-239x300.jpg 239w, https:\/\/acasaladillo.com.ar\/wp-content\/uploads\/2026\/08\/Albertina-Manginni-2-260x326.jpg 260w, https:\/\/acasaladillo.com.ar\/wp-content\/uploads\/2026\/08\/Albertina-Manginni-2-160x201.jpg 160w\" sizes=\"auto, (max-width: 399px) 100vw, 399px\" \/><\/figure>\n<\/figure>\n\n\n\n<p>\u201cNo se advierte que Mangini se encuentre privada de su libertad sin orden de autoridad competente, ni que la medida haya sido adoptada prescindiendo de los presupuestos exigidos por el ordenamiento procesal. Tampoco se verifica una situaci\u00f3n de arbitrariedad manifiesta que habilite el remedio excepcional intentado. Por el contrario, los cuestionamientos desarrollados por la defensa traducen, esencialmente, una discrepancia con el m\u00e9rito asignado por el magistrado garante a los elementos de convicci\u00f3n y con la valoraci\u00f3n efectuada acerca de la subsistencia de riesgos procesales, mas no alcanzan a demostrar que la detenci\u00f3n se encuentre desprovista de fundamento jur\u00eddico o f\u00e1ctico. En consecuencia, encontr\u00e1ndose la privaci\u00f3n de libertad de Mangini sustentada en una orden judicial previa, dictada por autoridad competente, precedida por el tratamiento y rechazo de la eximici\u00f3n de prisi\u00f3n oportunamente promovida y fundada en los presupuestos cautelares previstos por el C\u00f3digo Procesal Penal, no se configura en el caso una restricci\u00f3n ilegal o arbitraria de la libertad personal\u201d, sostuvieron los jueces Mar\u00eda Silvia Oyhamburu, Ra\u00fal Dalto y Mar\u00eda Sof\u00eda Rezzonico Bernard al rechazar el h\u00e1beas corpus presentado por la defensa de la funcionaria judicial, seg\u00fan al resoluci\u00f3n a la que tuvo acceso LA NACION.<\/p>\n\n\n\n<p>Como se dijo, Mangini fue detenida el jueves de la semana pasada por detectives de la Divisi\u00f3n Delitos Fiscales de la Superintendencia de Investigaciones Federales de la Polic\u00eda Federal Argentina (PFA).<\/p>\n\n\n\n<p>Otro de los sospechosos detenidos fue identificado por fuentes policiales como Ignacio Marchioni. Los informantes dijeron que estuvo investigado en la causa donde est\u00e1 bajo la lupa la financiera Sur Finanzas, ligada a la Asociaci\u00f3n del F\u00fatbol Argentino (AFA).<\/p>\n\n\n\n<p>La investigaci\u00f3n comenz\u00f3 con la denuncia de una empleada de limpieza del Patronato de Liberados. En su presentaci\u00f3n, la mujer dijo que le hab\u00edan ofrecido 80.000 pesos por el escaneo de sus ojos, pero que solo le hab\u00edan pagado $40.000.<\/p>\n\n\n\n<p>\u201cDetr\u00e1s de ese tr\u00e1mite de pocos minutos [el escaneo de los ojos] se escond\u00eda una maquinaria financiera capaz de convertir la identidad de una persona vulnerable en una cuenta recaudadora de millones de pesos\u201d, dijeron a LA NACION fuentes del caso.<\/p>\n\n\n\n<p>Seg\u00fan explicaron las fuentes consultadas, el rol de Mangini en la organizaci\u00f3n criminal era la de captar a potenciales v\u00edctimas y habr\u00eda aprovechado su trabajo para convencer a personas en estado de vulnerabilidad para que aceptaran escanearse los ojos a cambio de dinero.<\/p>\n\n\n\n<p>Las v\u00edctimas de Mangini, seg\u00fan voceros consultados, habr\u00edan sido personas bajo procesos penales que se presentaban en el Patronato de Liberados para cumplir las medidas dispuestas por juzgados de ejecuciones penales. En ese lugar, seg\u00fan los investigadores, la funcionaria judicial les hac\u00eda el ofrecimiento de 80.000 pesos a cambio de escanearle los ojos.<\/p>\n\n\n\n<p>Antes de estar en la oficina de coordinaci\u00f3n entre el Ministerio P\u00fablico Fiscal y el Patronato de Liberados, cumpli\u00f3 funciones en distintas fiscal\u00edas dependientes de la Fiscal\u00eda General de La Plata.<\/p>\n\n\n\n<p>Ahora, la funcionaria judicial presa hasta restringi\u00f3 su perfil de Facebook.<\/p>\n\n\n\n<p>Por Gabriel Di Nicola<\/p>\n\n\n\n<hr class=\"wp-block-separator has-alpha-channel-opacity\"\/>\n\n\n\n<p>CREEN QUE HAY UN \u00abJEFE\u00bb EN EL CASO DE LA FUNCIONARIA DETENIDA EN LA PLATA ACUSADA DE ESTAFAS MILLONARIAS <\/p>\n\n\n\n<figure class=\"wp-block-image size-full is-resized\"><img loading=\"lazy\" decoding=\"async\" width=\"399\" height=\"501\" src=\"https:\/\/acasaladillo.com.ar\/wp-content\/uploads\/2026\/08\/albertina-mangnni-3.jpg\" alt=\"\" class=\"wp-image-63717\" style=\"aspect-ratio:0.796414248643548;width:686px;height:auto\" srcset=\"https:\/\/acasaladillo.com.ar\/wp-content\/uploads\/2026\/08\/albertina-mangnni-3.jpg 399w, https:\/\/acasaladillo.com.ar\/wp-content\/uploads\/2026\/08\/albertina-mangnni-3-239x300.jpg 239w, https:\/\/acasaladillo.com.ar\/wp-content\/uploads\/2026\/08\/albertina-mangnni-3-260x326.jpg 260w, https:\/\/acasaladillo.com.ar\/wp-content\/uploads\/2026\/08\/albertina-mangnni-3-160x201.jpg 160w\" sizes=\"auto, (max-width: 399px) 100vw, 399px\" \/><\/figure>\n\n\n\n<p>La Justicia debe definir la situaci\u00f3n de los tres detenidos por la maniobra de lavado de dinero a trav\u00e9s de billeteras virtuales, mientras la Fiscal\u00eda busca pruebas de que exist\u00eda un \u00abjefe\u00bb por encima de la estructura, que moviliz\u00f3 m\u00e1s de $27.000 millones.<\/p>\n\n\n\n<figure class=\"wp-block-image size-full\"><img loading=\"lazy\" decoding=\"async\" width=\"1080\" height=\"1350\" src=\"https:\/\/acasaladillo.com.ar\/wp-content\/uploads\/2026\/08\/albertina-manginni-4.jpg\" alt=\"\" class=\"wp-image-63718\" srcset=\"https:\/\/acasaladillo.com.ar\/wp-content\/uploads\/2026\/08\/albertina-manginni-4.jpg 1080w, https:\/\/acasaladillo.com.ar\/wp-content\/uploads\/2026\/08\/albertina-manginni-4-240x300.jpg 240w, https:\/\/acasaladillo.com.ar\/wp-content\/uploads\/2026\/08\/albertina-manginni-4-768x960.jpg 768w, https:\/\/acasaladillo.com.ar\/wp-content\/uploads\/2026\/08\/albertina-manginni-4-560x700.jpg 560w, https:\/\/acasaladillo.com.ar\/wp-content\/uploads\/2026\/08\/albertina-manginni-4-260x325.jpg 260w, https:\/\/acasaladillo.com.ar\/wp-content\/uploads\/2026\/08\/albertina-manginni-4-160x200.jpg 160w\" sizes=\"auto, (max-width: 1080px) 100vw, 1080px\" \/><\/figure>\n\n\n\n<p>La funcionaria judicial Albertina Mangini habr\u00eda captado a personas vulnerables a cambio de sus datos personales y biom\u00e9tricos. Mauro Perrota manejaba las cuentas virtuales y las transferencias, mientras que Ignacio Marchioni y otros tres detenidos se encargaban de completar el lavado. La fiscal Betina Lacki no descarta que el circuito tambi\u00e9n trabajara para otras organizaciones il\u00edcitas. <\/p>\n\n\n\n<figure class=\"wp-block-image size-full\"><img loading=\"lazy\" decoding=\"async\" width=\"1080\" height=\"1350\" src=\"https:\/\/acasaladillo.com.ar\/wp-content\/uploads\/2026\/08\/albertina-manginni-5.jpg\" alt=\"\" class=\"wp-image-63719\" srcset=\"https:\/\/acasaladillo.com.ar\/wp-content\/uploads\/2026\/08\/albertina-manginni-5.jpg 1080w, https:\/\/acasaladillo.com.ar\/wp-content\/uploads\/2026\/08\/albertina-manginni-5-240x300.jpg 240w, https:\/\/acasaladillo.com.ar\/wp-content\/uploads\/2026\/08\/albertina-manginni-5-768x960.jpg 768w, https:\/\/acasaladillo.com.ar\/wp-content\/uploads\/2026\/08\/albertina-manginni-5-560x700.jpg 560w, https:\/\/acasaladillo.com.ar\/wp-content\/uploads\/2026\/08\/albertina-manginni-5-260x325.jpg 260w, https:\/\/acasaladillo.com.ar\/wp-content\/uploads\/2026\/08\/albertina-manginni-5-160x200.jpg 160w\" sizes=\"auto, (max-width: 1080px) 100vw, 1080px\" \/><\/figure>\n\n\n\n<p>\ud83d\udc49 M\u00e1s info en eldia.com<br>\ud83d\udcf2 Mandanos tu reclamo o noticia por WhatsApp al 221 4779896<\/p>\n\n\n\n<h1 class=\"wp-block-heading\">LaPlata #Estafas #LavadoDeDinero #Justicia #Policiales<\/h1>\n","protected":false},"excerpt":{"rendered":"<p>Que hac\u00eda?<\/p>\n<p class=\"more-link-p\"><a class=\"more-link\" href=\"https:\/\/acasaladillo.com.ar\/?p=63714\">Read more &rarr;<\/a><\/p>\n","protected":false},"author":3,"featured_media":63717,"comment_status":"closed","ping_status":"closed","sticky":false,"template":"","format":"standard","meta":{"_monsterinsights_skip_tracking":false,"footnotes":""},"categories":[1],"tags":[3353,3354,3355],"class_list":["post-63714","post","type-post","status-publish","format-standard","has-post-thumbnail","hentry","category-noticias","tag-albertina-mangini","tag-albertina-mangini-detencion","tag-albertina-mangini-fiscalia"],"aioseo_notices":[],"_links":{"self":[{"href":"https:\/\/acasaladillo.com.ar\/index.php?rest_route=\/wp\/v2\/posts\/63714","targetHints":{"allow":["GET"]}}],"collection":[{"href":"https:\/\/acasaladillo.com.ar\/index.php?rest_route=\/wp\/v2\/posts"}],"about":[{"href":"https:\/\/acasaladillo.com.ar\/index.php?rest_route=\/wp\/v2\/types\/post"}],"author":[{"embeddable":true,"href":"https:\/\/acasaladillo.com.ar\/index.php?rest_route=\/wp\/v2\/users\/3"}],"replies":[{"embeddable":true,"href":"https:\/\/acasaladillo.com.ar\/index.php?rest_route=%2Fwp%2Fv2%2Fcomments&post=63714"}],"version-history":[{"count":2,"href":"https:\/\/acasaladillo.com.ar\/index.php?rest_route=\/wp\/v2\/posts\/63714\/revisions"}],"predecessor-version":[{"id":63721,"href":"https:\/\/acasaladillo.com.ar\/index.php?rest_route=\/wp\/v2\/posts\/63714\/revisions\/63721"}],"wp:featuredmedia":[{"embeddable":true,"href":"https:\/\/acasaladillo.com.ar\/index.php?rest_route=\/wp\/v2\/media\/63717"}],"wp:attachment":[{"href":"https:\/\/acasaladillo.com.ar\/index.php?rest_route=%2Fwp%2Fv2%2Fmedia&parent=63714"}],"wp:term":[{"taxonomy":"category","embeddable":true,"href":"https:\/\/acasaladillo.com.ar\/index.php?rest_route=%2Fwp%2Fv2%2Fcategories&post=63714"},{"taxonomy":"post_tag","embeddable":true,"href":"https:\/\/acasaladillo.com.ar\/index.php?rest_route=%2Fwp%2Fv2%2Ftags&post=63714"}],"curies":[{"name":"wp","href":"https:\/\/api.w.org\/{rel}","templated":true}]}}