{"id":63665,"date":"2026-08-05T17:31:29","date_gmt":"2026-08-05T20:31:29","guid":{"rendered":"https:\/\/acasaladillo.com.ar\/?p=63665"},"modified":"2026-08-09T17:12:02","modified_gmt":"2026-08-09T20:12:02","slug":"163-anos","status":"publish","type":"post","link":"https:\/\/acasaladillo.com.ar\/?p=63665","title":{"rendered":"163 a\u00f1os."},"content":{"rendered":"\n<figure class=\"wp-block-image size-full is-style-rounded\"><img loading=\"lazy\" decoding=\"async\" width=\"320\" height=\"400\" src=\"https:\/\/acasaladillo.com.ar\/wp-content\/uploads\/2026\/08\/163.jpg\" alt=\"\" class=\"wp-image-63666\" srcset=\"https:\/\/acasaladillo.com.ar\/wp-content\/uploads\/2026\/08\/163.jpg 320w, https:\/\/acasaladillo.com.ar\/wp-content\/uploads\/2026\/08\/163-240x300.jpg 240w, https:\/\/acasaladillo.com.ar\/wp-content\/uploads\/2026\/08\/163-260x325.jpg 260w, https:\/\/acasaladillo.com.ar\/wp-content\/uploads\/2026\/08\/163-160x200.jpg 160w\" sizes=\"auto, (max-width: 320px) 100vw, 320px\" \/><\/figure>\n\n\n\n<p>Saladillo.<\/p>\n\n\n\n<hr class=\"wp-block-separator has-alpha-channel-opacity\"\/>\n\n\n\n<!--more-->\n\n\n\n<p class=\"has-pale-cyan-blue-background-color has-background\"><strong>\u00a1FELIZ 163\u00b0 ANIVERSARIO, SALADILLO! <\/strong><br>Un nuevo Aniversario nos encuentra unidos por nuestra historia, nuestras tradiciones y el deseo de seguir creciendo.<br>Las obras, los encuentros, los homenajes y cada una de las actividades programadas en el marco de esta celebraci\u00f3n son una muestra del compromiso de una comunidad que valora su identidad y trabaja todos los d\u00edas para construir un futuro con m\u00e1s desarrollo, m\u00e1s oportunidades y m\u00e1s bienestar para todos.<br>Porque el verdadero progreso se construye entre todos.<br>\u00a1Feliz cumplea\u00f1os, Saladillo! Que este nuevo a\u00f1o nos encuentre renovando el orgullo de ser parte de esta ciudad.<br>Informamos adem\u00e1s que, debido a las inclemencias clim\u00e1ticas, el Acto Protocolar Oficial fue reprogramado para el s\u00e1bado 1 de agosto. En el d\u00eda de hoy se desarrollar\u00e1n \u00fanicamente las actividades previstas en espacios cerrados, entre ellas los actos de imposici\u00f3n de nombre y la Misa Aniversario.<\/p>\n\n\n\n<hr class=\"wp-block-separator has-alpha-channel-opacity\"\/>\n\n\n\n<p><strong>Torneo de Ajedrez<\/strong><\/p>\n\n\n\n<p>Se realiz\u00f3 el acto de apertura del Torneo de Ajedrez en las instalaciones del Centro Educativo Complementario 801 de nuestra ciudad con palabras de bienvenida a todas las delegaciones presentes por parte del Subsecretario de Deportes Nicolas Tosca la Secretaria de Gobierno Viviana Rodriguez y el Intendente Interino Dr Alejandro P M Armendariz<\/p>\n\n\n\n<figure class=\"wp-block-image size-full is-resized\"><img loading=\"lazy\" decoding=\"async\" width=\"300\" height=\"255\" src=\"https:\/\/acasaladillo.com.ar\/wp-content\/uploads\/2026\/08\/WhatsApp-Image-2026-08-09-at-12.51.35-1.jpeg\" alt=\"\" class=\"wp-image-63690\" style=\"width:400px;height:auto\" srcset=\"https:\/\/acasaladillo.com.ar\/wp-content\/uploads\/2026\/08\/WhatsApp-Image-2026-08-09-at-12.51.35-1.jpeg 300w, https:\/\/acasaladillo.com.ar\/wp-content\/uploads\/2026\/08\/WhatsApp-Image-2026-08-09-at-12.51.35-1-260x221.jpeg 260w, https:\/\/acasaladillo.com.ar\/wp-content\/uploads\/2026\/08\/WhatsApp-Image-2026-08-09-at-12.51.35-1-160x136.jpeg 160w\" sizes=\"auto, (max-width: 300px) 100vw, 300px\" \/><\/figure>\n\n\n\n<hr class=\"wp-block-separator has-alpha-channel-opacity\"\/>\n\n\n\n<p><strong>Marat\u00f3n 163.\u00ba<\/strong><\/p>\n\n\n\n<p><strong> <\/strong>M\u00e1s de 300 personas participaron de la Carrera Aniversario por los 163 a\u00f1os de Saladillo<br>No fue solo una carrera: fue un encuentro que uni\u00f3 a la comunidad a trav\u00e9s del deporte, el movimiento, el esfuerzo y la alegr\u00eda de celebrar juntos un nuevo aniversario de Saladillo.\u201d<br>Desde la Subsecretar\u00eda de Deportes, Recreaci\u00f3n y Juventudes estamos orgullosos de haber acompa\u00f1ado, una vez m\u00e1s, una nueva edici\u00f3n de la Carrera Aniversario, en el marco de los festejos por el 163.\u00ba aniversario de nuestra ciudad.<br>Queremos agradecer especialmente a todos los sponsors, instituciones, colaboradores, voluntarios y a cada persona que hizo posible esta jornada, permitiendo que vecinos y visitantes disfrutaran de una verdadera fiesta del deporte.<br>La competencia cont\u00f3 con las modalidades de 10K competitivos y 3K participativos, reafirmando el crecimiento y la convocatoria de este evento tan esperado por la comunidad.<br>En la clasificaci\u00f3n general masculina, el ganador fue Ezequiel Aguilera, mientras que el segundo lugar qued\u00f3 en manos de Gonzalo Grandays, logrando que dos saladillenses ocuparan los primeros puestos de la competencia.<br>En la categor\u00eda femenina, la ganadora fue Albo Antonella de Bolivar ; el segundo puesto fue para Su\u00e1rez Agostina ; y el tercero para Lorena Quevedo tambi\u00e9n de la ciudad de Bolivar.<br>Los mejores clasificados locales fueron Ezequiel Aguilera y Ema Mac Cormick.<br>Quienes deseen conocer las posiciones finales y la clasificaci\u00f3n completa de cada categor\u00eda podr\u00e1n comunicarse con la Subsecretar\u00eda de Deportes, Recreaci\u00f3n y Juventudes o en el siguiente link<br>https:\/\/eventosrunners.com.ar\/saladillocorre10km\/<br>La organizaci\u00f3n del evento estuvo a cargo de la Subsecretar\u00eda de Deportes, Recreaci\u00f3n y Juventudes, junto al Profesorado de Educaci\u00f3n F\u00edsica del ISFD N.\u00ba 16, el CEF N.\u00ba 77, Escuela de Educaci\u00f3n Secundaria N.\u00ba 6 \u201cVito Dumas\u201d, Instituto Ni\u00f1o Jes\u00fas, Grupo Scout y la Agrupacion Auto Tuning Saladillo.<\/p>\n\n\n\n<figure class=\"wp-block-image size-full is-resized\"><img loading=\"lazy\" decoding=\"async\" width=\"300\" height=\"200\" src=\"https:\/\/acasaladillo.com.ar\/wp-content\/uploads\/2026\/08\/14.jpg\" alt=\"\" class=\"wp-image-63667\" style=\"width:389px;height:auto\" srcset=\"https:\/\/acasaladillo.com.ar\/wp-content\/uploads\/2026\/08\/14.jpg 300w, https:\/\/acasaladillo.com.ar\/wp-content\/uploads\/2026\/08\/14-260x173.jpg 260w, https:\/\/acasaladillo.com.ar\/wp-content\/uploads\/2026\/08\/14-160x107.jpg 160w\" sizes=\"auto, (max-width: 300px) 100vw, 300px\" \/><\/figure>\n\n\n\n<hr class=\"wp-block-separator has-alpha-channel-opacity\"\/>\n\n\n\n<p><strong>EL PERIC\u00d3N NACIONAL<\/strong><br>Entre los festejos populares del Domingo, en el marco del 163\u00b0 Aniversario de Saladillo, frente al municipio, se realiz\u00f3 el baile del Peric\u00f3n Nacional.<\/p>\n\n\n\n<figure class=\"wp-block-image size-full is-resized\"><img loading=\"lazy\" decoding=\"async\" width=\"300\" height=\"200\" src=\"https:\/\/acasaladillo.com.ar\/wp-content\/uploads\/2026\/08\/13.jpg\" alt=\"\" class=\"wp-image-63668\" style=\"width:407px;height:auto\" srcset=\"https:\/\/acasaladillo.com.ar\/wp-content\/uploads\/2026\/08\/13.jpg 300w, https:\/\/acasaladillo.com.ar\/wp-content\/uploads\/2026\/08\/13-260x173.jpg 260w, https:\/\/acasaladillo.com.ar\/wp-content\/uploads\/2026\/08\/13-160x107.jpg 160w\" sizes=\"auto, (max-width: 300px) 100vw, 300px\" \/><\/figure>\n\n\n\n<hr class=\"wp-block-separator has-alpha-channel-opacity\"\/>\n\n\n\n<p><strong>LA CENA DEL 163\u00b0 ANIVERSARIO DE SALADILLO<\/strong><br>El pasado S\u00e1bado, en las instalaciones de la Sociedad Rural, se llev\u00f3 a cabo la cena del 163\u00b0 Aniversario de la fundaci\u00f3n de Saladillo a beneficio del Centro de Estudiantes Universitarios de Saladillo en La Plata.<\/p>\n\n\n\n<figure class=\"wp-block-image size-full is-resized\"><img loading=\"lazy\" decoding=\"async\" width=\"300\" height=\"200\" src=\"https:\/\/acasaladillo.com.ar\/wp-content\/uploads\/2026\/08\/12.jpg\" alt=\"\" class=\"wp-image-63669\" style=\"width:399px;height:auto\" srcset=\"https:\/\/acasaladillo.com.ar\/wp-content\/uploads\/2026\/08\/12.jpg 300w, https:\/\/acasaladillo.com.ar\/wp-content\/uploads\/2026\/08\/12-260x173.jpg 260w, https:\/\/acasaladillo.com.ar\/wp-content\/uploads\/2026\/08\/12-160x107.jpg 160w\" sizes=\"auto, (max-width: 300px) 100vw, 300px\" \/><\/figure>\n\n\n\n<hr class=\"wp-block-separator has-alpha-channel-opacity\"\/>\n\n\n\n<p><strong>INAUGURACI\u00d3N DEL NUEVO TRAMO DE ILUMINACI\u00d3N LED EN LA RUTA 205<\/strong><br>Se llev\u00f3 a cabo en el marco de la celebraci\u00f3n del 163\u00b0 Aniversario de la fundaci\u00f3n de Saladillo, el acto de inauguraci\u00f3n de un nuevo tramo de iluminaci\u00f3n led de la Ruta Nacional 205 obra realizada entre el gobierno municipal y la Cooperativa El\u00e9ctrica de nuestra ciudad.<\/p>\n\n\n\n<figure class=\"wp-block-image size-full is-resized\"><img loading=\"lazy\" decoding=\"async\" width=\"300\" height=\"200\" src=\"https:\/\/acasaladillo.com.ar\/wp-content\/uploads\/2026\/08\/11.jpg\" alt=\"\" class=\"wp-image-63670\" style=\"width:393px;height:auto\" srcset=\"https:\/\/acasaladillo.com.ar\/wp-content\/uploads\/2026\/08\/11.jpg 300w, https:\/\/acasaladillo.com.ar\/wp-content\/uploads\/2026\/08\/11-260x173.jpg 260w, https:\/\/acasaladillo.com.ar\/wp-content\/uploads\/2026\/08\/11-160x107.jpg 160w\" sizes=\"auto, (max-width: 300px) 100vw, 300px\" \/><\/figure>\n\n\n\n<hr class=\"wp-block-separator has-alpha-channel-opacity\"\/>\n\n\n\n<p><strong>CONCIERTO DE GALA 163\u00b0 ANIVERSARIO DE SALADILLO<\/strong><br>El pasado S\u00e1bado, como parte de las actividades del 163\u00b0 Aniversario de la fundaci\u00f3n de Saladillo, en el Teatro Marconi se desarroll\u00f3 el Concierto de Gala con el Ensamble de Vientos Ayres del Plata junto a la Banda Municipal de Saladillo con la Direcci\u00f3n de la Profesora Julieta Ugartemendia.<\/p>\n\n\n\n<figure class=\"wp-block-image size-full is-resized\"><img loading=\"lazy\" decoding=\"async\" width=\"300\" height=\"200\" src=\"https:\/\/acasaladillo.com.ar\/wp-content\/uploads\/2026\/08\/10.jpg\" alt=\"\" class=\"wp-image-63672\" style=\"width:392px;height:auto\" srcset=\"https:\/\/acasaladillo.com.ar\/wp-content\/uploads\/2026\/08\/10.jpg 300w, https:\/\/acasaladillo.com.ar\/wp-content\/uploads\/2026\/08\/10-260x173.jpg 260w, https:\/\/acasaladillo.com.ar\/wp-content\/uploads\/2026\/08\/10-160x107.jpg 160w\" sizes=\"auto, (max-width: 300px) 100vw, 300px\" \/><\/figure>\n\n\n\n<hr class=\"wp-block-separator has-alpha-channel-opacity\"\/>\n\n\n\n<p><strong>DESFILE GAUCHO<\/strong><\/p>\n\n\n\n<figure class=\"wp-block-image size-full is-resized\"><img loading=\"lazy\" decoding=\"async\" width=\"300\" height=\"200\" src=\"https:\/\/acasaladillo.com.ar\/wp-content\/uploads\/2026\/08\/9.jpg\" alt=\"\" class=\"wp-image-63671\" style=\"width:401px;height:auto\" srcset=\"https:\/\/acasaladillo.com.ar\/wp-content\/uploads\/2026\/08\/9.jpg 300w, https:\/\/acasaladillo.com.ar\/wp-content\/uploads\/2026\/08\/9-260x173.jpg 260w, https:\/\/acasaladillo.com.ar\/wp-content\/uploads\/2026\/08\/9-160x107.jpg 160w\" sizes=\"auto, (max-width: 300px) 100vw, 300px\" \/><\/figure>\n\n\n\n<hr class=\"wp-block-separator has-alpha-channel-opacity\"\/>\n\n\n\n<p><strong>INAUGURACI\u00d3N DEL PAVIMENTO EN LA AVENIDA FROCHAM Y LOS 37 A\u00d1OS DEL CEC N\u00b0 801<\/strong><br>Luego del acto del 163 Aniversario de la fundaci\u00f3n de Saladillo se realiz\u00f3 la inauguraci\u00f3n del pavimento en la Avenida Frocham y los 37 a\u00f1os del Centro Educativo Complementario N\u00b0 801 Mar\u00eda Elena Walsh<\/p>\n\n\n\n<figure class=\"wp-block-image size-full is-resized\"><img loading=\"lazy\" decoding=\"async\" width=\"300\" height=\"200\" src=\"https:\/\/acasaladillo.com.ar\/wp-content\/uploads\/2026\/08\/8.jpg\" alt=\"\" class=\"wp-image-63673\" style=\"width:401px;height:auto\" srcset=\"https:\/\/acasaladillo.com.ar\/wp-content\/uploads\/2026\/08\/8.jpg 300w, https:\/\/acasaladillo.com.ar\/wp-content\/uploads\/2026\/08\/8-260x173.jpg 260w, https:\/\/acasaladillo.com.ar\/wp-content\/uploads\/2026\/08\/8-160x107.jpg 160w\" sizes=\"auto, (max-width: 300px) 100vw, 300px\" \/><\/figure>\n\n\n\n<hr class=\"wp-block-separator has-alpha-channel-opacity\"\/>\n\n\n\n<p><strong>ACTO POR EL 163\u00b0 ANIVERSARIO DE SALADILLO<\/strong><br>Luego se las inclemencias clim\u00e1ticas, el pasado S\u00e1bado, en horas de la ma\u00f1ana, se desarroll\u00f3 el acto central por el 163\u00b0 Aniversario de la fundaci\u00f3n de Saladillo.<\/p>\n\n\n\n<figure class=\"wp-block-image size-full is-resized\"><img loading=\"lazy\" decoding=\"async\" width=\"300\" height=\"200\" src=\"https:\/\/acasaladillo.com.ar\/wp-content\/uploads\/2026\/08\/7.jpg\" alt=\"\" class=\"wp-image-63674\" style=\"width:401px;height:auto\" srcset=\"https:\/\/acasaladillo.com.ar\/wp-content\/uploads\/2026\/08\/7.jpg 300w, https:\/\/acasaladillo.com.ar\/wp-content\/uploads\/2026\/08\/7-260x173.jpg 260w, https:\/\/acasaladillo.com.ar\/wp-content\/uploads\/2026\/08\/7-160x107.jpg 160w\" sizes=\"auto, (max-width: 300px) 100vw, 300px\" \/><\/figure>\n\n\n\n<hr class=\"wp-block-separator has-alpha-channel-opacity\"\/>\n\n\n\n<p><strong>MISA DEL 163\u00b0 ANIVERSARIO DE SALADILLO<\/strong><br>El Viernes 31 de Julio a las 19 horas tuvo lugar la Misa del 163\u00b0 Aniversario de Saladillo en la Iglesia Nuestra Se\u00f1ora de la Asunci\u00f3n con la presencia de las autoridades municipales y las representaciones de las colectividad.<\/p>\n\n\n\n<figure class=\"wp-block-image size-full is-resized\"><img loading=\"lazy\" decoding=\"async\" width=\"300\" height=\"200\" src=\"https:\/\/acasaladillo.com.ar\/wp-content\/uploads\/2026\/08\/6.jpg\" alt=\"\" class=\"wp-image-63676\" style=\"width:389px;height:auto\" srcset=\"https:\/\/acasaladillo.com.ar\/wp-content\/uploads\/2026\/08\/6.jpg 300w, https:\/\/acasaladillo.com.ar\/wp-content\/uploads\/2026\/08\/6-260x173.jpg 260w, https:\/\/acasaladillo.com.ar\/wp-content\/uploads\/2026\/08\/6-160x107.jpg 160w\" sizes=\"auto, (max-width: 300px) 100vw, 300px\" \/><\/figure>\n\n\n\n<hr class=\"wp-block-separator has-alpha-channel-opacity\"\/>\n\n\n\n<p><strong>ACTO DE IMPOSICI\u00d3N DEL NOMBRE DE ACCESO INTENDENTE CARLOS ANTONIO GOROSITO A UN TRAMO DE LA RUTA NACIONAL 205<\/strong><br>Durante la tarde del Viernes 31 de Julio, en el marco de las actividades por el 163\u00b0 Aniversario de la fundaci\u00f3n de Saladillo, en el hall del municipio, se llev\u00f3 a cabo el homenaje y acto de imposici\u00f3n del nombre Acceso Intendente Carlos Antonio Gorosito a un tramo de la Ruta Nacional 205.<\/p>\n\n\n\n<figure class=\"wp-block-image size-full is-resized\"><img loading=\"lazy\" decoding=\"async\" width=\"300\" height=\"206\" src=\"https:\/\/acasaladillo.com.ar\/wp-content\/uploads\/2026\/08\/5.jpg\" alt=\"\" class=\"wp-image-63675\" style=\"width:395px;height:auto\" srcset=\"https:\/\/acasaladillo.com.ar\/wp-content\/uploads\/2026\/08\/5.jpg 300w, https:\/\/acasaladillo.com.ar\/wp-content\/uploads\/2026\/08\/5-260x179.jpg 260w, https:\/\/acasaladillo.com.ar\/wp-content\/uploads\/2026\/08\/5-160x110.jpg 160w\" sizes=\"auto, (max-width: 300px) 100vw, 300px\" \/><\/figure>\n\n\n\n<hr class=\"wp-block-separator has-alpha-channel-opacity\"\/>\n\n\n\n<p><strong>HOMENAJE AL DR. JORGE LENZI<br><\/strong>En las instalaciones del C\u00edrculo M\u00e9dico se llev\u00f3 a cabo el acto de homenaje e imposici\u00f3n del nombre de Dr. Jorge Ernesto Lenzi a una calle de Saladillo en el marco de los actos por el 163\u00b0 Aniversario de nuestra ciudad.<br>Esta fue una iniciativa del Veterano de Guerra y H\u00e9roe de Malvinas Guillermo Ni Colo.<\/p>\n\n\n\n<figure class=\"wp-block-image size-full is-resized\"><img loading=\"lazy\" decoding=\"async\" width=\"300\" height=\"291\" src=\"https:\/\/acasaladillo.com.ar\/wp-content\/uploads\/2026\/08\/4.jpg\" alt=\"\" class=\"wp-image-63679\" style=\"width:392px;height:auto\" srcset=\"https:\/\/acasaladillo.com.ar\/wp-content\/uploads\/2026\/08\/4.jpg 300w, https:\/\/acasaladillo.com.ar\/wp-content\/uploads\/2026\/08\/4-260x252.jpg 260w, https:\/\/acasaladillo.com.ar\/wp-content\/uploads\/2026\/08\/4-160x155.jpg 160w\" sizes=\"auto, (max-width: 300px) 100vw, 300px\" \/><\/figure>\n\n\n\n<hr class=\"wp-block-separator has-alpha-channel-opacity\"\/>\n\n\n\n<p><strong>163\u00b0 ANIVERSARIO DE SALADILLO<\/strong><br>EL CAPS M\u00d3VIL MUNICIPAL ESTAR\u00c1 PRESENTE ESTE DOMINGO, EN LA FIESTA POPULAR.<br>En el marco de los Festejos por el Aniversario de Saladillo programados para el pr\u00f3ximo domingo, desde el Equipo de Gobierno Municipal, se informa que el CAPS M\u00f3vil estar\u00e1 presente para brindar atenci\u00f3n y servicios de salud a todos los vecinos y vecinas que se acerquen al M\u00f3vil, que estar\u00e1 ubicado en calle Belgrano entre Rivadavia y San Martin.<br>Durante la jornada, el equipo ofrecer\u00e1:<br>Servicio de enfermer\u00eda, control de presi\u00f3n arterial y control de glucemia,, permitiendo la atenci\u00f3n y orientaci\u00f3n por profesionales de la salud.<br>Esta propuesta tiene como objetivo acercar la atenci\u00f3n primaria a la comunidad, promoviendo la prevenci\u00f3n, el control y el acceso a la salud en un espacio de encuentro y celebraci\u00f3n.<br>Invitamos a toda la comunidad a acercarse al CAPS M\u00f3vil Municipal, aprovechar estos servicios gratuitos durante la Fiesta Popular<\/p>\n\n\n\n<figure class=\"wp-block-image size-full is-resized\"><img loading=\"lazy\" decoding=\"async\" width=\"275\" height=\"183\" src=\"https:\/\/acasaladillo.com.ar\/wp-content\/uploads\/2026\/08\/3.jpg\" alt=\"\" class=\"wp-image-63680\" style=\"width:396px;height:auto\" srcset=\"https:\/\/acasaladillo.com.ar\/wp-content\/uploads\/2026\/08\/3.jpg 275w, https:\/\/acasaladillo.com.ar\/wp-content\/uploads\/2026\/08\/3-260x173.jpg 260w, https:\/\/acasaladillo.com.ar\/wp-content\/uploads\/2026\/08\/3-160x106.jpg 160w\" sizes=\"auto, (max-width: 275px) 100vw, 275px\" \/><\/figure>\n\n\n\n<hr class=\"wp-block-separator has-alpha-channel-opacity\"\/>\n\n\n\n<p><strong>RECORRIDO GUIADO HUELLAS DE LA HISTORIA<\/strong><br>El Mi\u00e9rcoles por la tarde, el Museo Saladillo desarrollo el Recorrido Guiado Huellas de la Historia en el marco de las actividades del 163\u00b0 Aniversario.<\/p>\n\n\n\n<figure class=\"wp-block-image size-full\"><img loading=\"lazy\" decoding=\"async\" width=\"400\" height=\"267\" src=\"https:\/\/acasaladillo.com.ar\/wp-content\/uploads\/2026\/08\/2.jpg\" alt=\"\" class=\"wp-image-63681\" srcset=\"https:\/\/acasaladillo.com.ar\/wp-content\/uploads\/2026\/08\/2.jpg 400w, https:\/\/acasaladillo.com.ar\/wp-content\/uploads\/2026\/08\/2-300x200.jpg 300w, https:\/\/acasaladillo.com.ar\/wp-content\/uploads\/2026\/08\/2-260x174.jpg 260w, https:\/\/acasaladillo.com.ar\/wp-content\/uploads\/2026\/08\/2-160x107.jpg 160w\" sizes=\"auto, (max-width: 400px) 100vw, 400px\" \/><\/figure>\n\n\n\n<hr class=\"wp-block-separator has-alpha-channel-opacity\"\/>\n\n\n\n<p><strong>HOMENAJE AL PERRO CALLEJERO EN EL 163\u00b0 ANIVERSARIO DE SALADILLO<\/strong><br>Se llev\u00f3 a cabo el homenaje al perro callejero en el marco de las actividades del 163\u00b0 aniversario de Saladillo con la presentaci\u00f3n de la escultura El Negrito de Saavedra de Mart\u00edn Sampallo en reconocimiento del valor de la adopci\u00f3n, el cuidado y la tenencia responsable de los an\u00edmales<\/p>\n\n\n\n<figure class=\"wp-block-image size-full is-resized\"><img loading=\"lazy\" decoding=\"async\" width=\"300\" height=\"200\" src=\"https:\/\/acasaladillo.com.ar\/wp-content\/uploads\/2026\/08\/1.jpg\" alt=\"\" class=\"wp-image-63682\" style=\"width:398px;height:auto\" srcset=\"https:\/\/acasaladillo.com.ar\/wp-content\/uploads\/2026\/08\/1.jpg 300w, https:\/\/acasaladillo.com.ar\/wp-content\/uploads\/2026\/08\/1-260x173.jpg 260w, https:\/\/acasaladillo.com.ar\/wp-content\/uploads\/2026\/08\/1-160x107.jpg 160w\" sizes=\"auto, (max-width: 300px) 100vw, 300px\" \/><\/figure>\n","protected":false},"excerpt":{"rendered":"<p>Saladillo.<\/p>\n<p class=\"more-link-p\"><a class=\"more-link\" href=\"https:\/\/acasaladillo.com.ar\/?p=63665\">Read more &rarr;<\/a><\/p>\n","protected":false},"author":3,"featured_media":63674,"comment_status":"closed","ping_status":"closed","sticky":false,"template":"","format":"standard","meta":{"_monsterinsights_skip_tracking":false,"footnotes":""},"categories":[1],"tags":[3352],"class_list":["post-63665","post","type-post","status-publish","format-standard","has-post-thumbnail","hentry","category-noticias","tag-163-anos-saladillo"],"aioseo_notices":[],"_links":{"self":[{"href":"https:\/\/acasaladillo.com.ar\/index.php?rest_route=\/wp\/v2\/posts\/63665","targetHints":{"allow":["GET"]}}],"collection":[{"href":"https:\/\/acasaladillo.com.ar\/index.php?rest_route=\/wp\/v2\/posts"}],"about":[{"href":"https:\/\/acasaladillo.com.ar\/index.php?rest_route=\/wp\/v2\/types\/post"}],"author":[{"embeddable":true,"href":"https:\/\/acasaladillo.com.ar\/index.php?rest_route=\/wp\/v2\/users\/3"}],"replies":[{"embeddable":true,"href":"https:\/\/acasaladillo.com.ar\/index.php?rest_route=%2Fwp%2Fv2%2Fcomments&post=63665"}],"version-history":[{"count":3,"href":"https:\/\/acasaladillo.com.ar\/index.php?rest_route=\/wp\/v2\/posts\/63665\/revisions"}],"predecessor-version":[{"id":63691,"href":"https:\/\/acasaladillo.com.ar\/index.php?rest_route=\/wp\/v2\/posts\/63665\/revisions\/63691"}],"wp:featuredmedia":[{"embeddable":true,"href":"https:\/\/acasaladillo.com.ar\/index.php?rest_route=\/wp\/v2\/media\/63674"}],"wp:attachment":[{"href":"https:\/\/acasaladillo.com.ar\/index.php?rest_route=%2Fwp%2Fv2%2Fmedia&parent=63665"}],"wp:term":[{"taxonomy":"category","embeddable":true,"href":"https:\/\/acasaladillo.com.ar\/index.php?rest_route=%2Fwp%2Fv2%2Fcategories&post=63665"},{"taxonomy":"post_tag","embeddable":true,"href":"https:\/\/acasaladillo.com.ar\/index.php?rest_route=%2Fwp%2Fv2%2Ftags&post=63665"}],"curies":[{"name":"wp","href":"https:\/\/api.w.org\/{rel}","templated":true}]}}