{"id":63448,"date":"2026-05-18T21:44:30","date_gmt":"2026-05-19T00:44:30","guid":{"rendered":"https:\/\/acasaladillo.com.ar\/?p=63448"},"modified":"2026-07-31T13:30:54","modified_gmt":"2026-07-31T16:30:54","slug":"generales","status":"publish","type":"post","link":"https:\/\/acasaladillo.com.ar\/?p=63448","title":{"rendered":"Generales."},"content":{"rendered":"\n<figure class=\"wp-block-image size-full\"><img loading=\"lazy\" decoding=\"async\" width=\"196\" height=\"258\" src=\"https:\/\/acasaladillo.com.ar\/wp-content\/uploads\/2026\/05\/Logo-noticias-varias.jpg\" alt=\"\" class=\"wp-image-63449\" srcset=\"https:\/\/acasaladillo.com.ar\/wp-content\/uploads\/2026\/05\/Logo-noticias-varias.jpg 196w, https:\/\/acasaladillo.com.ar\/wp-content\/uploads\/2026\/05\/Logo-noticias-varias-160x211.jpg 160w\" sizes=\"auto, (max-width: 196px) 100vw, 196px\" \/><\/figure>\n\n\n\n<p><\/p>\n\n\n\n<p>Noticias sueltas.<\/p>\n\n\n\n<hr class=\"wp-block-separator has-alpha-channel-opacity\"\/>\n\n\n\n<!--more-->\n\n\n\n<p><\/p>\n\n\n\n<p><\/p>\n\n\n\n<h3 class=\"wp-block-heading\"><a href=\"https:\/\/www.facebook.com\/delfina.pilar.rodriguez?__cft__[0]=AZbM5YD_wdOirMTKQZMwjxt3Dn3HOWQIY0Hr6I6-NeijUfclkOtteDoQUwAhdFmDM7D31ZQOj_zjIHtRk9aDuF72t43Tga2Sp9LqGJ_6ctGyaxLjb4Taf7yU_UosqG9whgQpU9SjdY87AbAt1HslebG87kyuY-pCOcBA7sHFKacLMAvmlteg9eiEWJANtOZuHHr0SZUiaf0nf9QJXIBJ_-ZHlogXpniMscQqWgTPJK5D-w&amp;__tn__=-UC%2CP-y-R\"><strong>Delfina Pilar Rodriguez<\/strong><\/a><\/h3>\n\n\n\n<p><a href=\"https:\/\/www.facebook.com\/delfina.pilar.rodriguez\/videos\/1166842857922390\/?__cft__[0]=AZbM5YD_wdOirMTKQZMwjxt3Dn3HOWQIY0Hr6I6-NeijUfclkOtteDoQUwAhdFmDM7D31ZQOj_zjIHtRk9aDuF72t43Tga2Sp9LqGJ_6ctGyaxLjb4Taf7yU_UosqG9whgQpU9SjdY87AbAt1HslebG87kyuY-pCOcBA7sHFKacLMAvmlteg9eiEWJANtOZuHHr0SZUiaf0nf9QJXIBJ_-ZHlogXpniMscQqWgTPJK5D-w&amp;__tn__=%2CO%2CP-y-R\">r\u034fn\u034fS\u034fd\u034ft\u034fp\u034fe\u034fo\u034fo\u034fs\u034f2\u034fc\u034fg\u034fa\u034ft\u034f0\u034f2\u034fs\u034fg\u034f2\u034fi\u034f1\u034fe\u034fa\u034fu\u034f&nbsp;\u034f0\u034f0\u034fd\u034fm\u034fo\u034f0\u034f5\u034f4\u034f6\u034f2\u034fh\u034fi\u034fe\u034fh\u034fo\u034f3\u034fg\u034ff\u034f0\u034f0\u034ft\u034f5\u034fd\u034f0\u034fc\u034f2\u034f0\u034fg\u034f&nbsp;\u034f&nbsp;\u034f0\u034fu\u034f&nbsp;\u034ft\u034f<\/a>&nbsp;\u00b7<\/p>\n\n\n\n<p>Mi recreaci\u00f3n del video del centenario de saladillo, a\u00f1o 1963 comparada con la actualidad. Inspirada por <a href=\"https:\/\/www.facebook.com\/marcelo.pereyra.54390?__cft__[0]=AZbM5YD_wdOirMTKQZMwjxt3Dn3HOWQIY0Hr6I6-NeijUfclkOtteDoQUwAhdFmDM7D31ZQOj_zjIHtRk9aDuF72t43Tga2Sp9LqGJ_6ctGyaxLjb4Taf7yU_UosqG9whgQpU9SjdY87AbAt1HslebG87kyuY-pCOcBA7sHFKacLMAvmlteg9eiEWJANtOZuHHr0SZUiaf0nf9QJXIBJ_-ZHlogXpniMscQqWgTPJK5D-w&amp;__tn__=-]K-y-R\">Marcelo Pereyra<\/a> y <a href=\"https:\/\/www.facebook.com\/SaladilloenSepia.com.ar?__cft__[0]=AZbM5YD_wdOirMTKQZMwjxt3Dn3HOWQIY0Hr6I6-NeijUfclkOtteDoQUwAhdFmDM7D31ZQOj_zjIHtRk9aDuF72t43Tga2Sp9LqGJ_6ctGyaxLjb4Taf7yU_UosqG9whgQpU9SjdY87AbAt1HslebG87kyuY-pCOcBA7sHFKacLMAvmlteg9eiEWJANtOZuHHr0SZUiaf0nf9QJXIBJ_-ZHlogXpniMscQqWgTPJK5D-w&amp;__tn__=-]K-y-R\">SaladilloenSepia.com<\/a>. <a href=\"https:\/\/www.facebook.com\/munisaladillo?__cft__[0]=AZbM5YD_wdOirMTKQZMwjxt3Dn3HOWQIY0Hr6I6-NeijUfclkOtteDoQUwAhdFmDM7D31ZQOj_zjIHtRk9aDuF72t43Tga2Sp9LqGJ_6ctGyaxLjb4Taf7yU_UosqG9whgQpU9SjdY87AbAt1HslebG87kyuY-pCOcBA7sHFKacLMAvmlteg9eiEWJANtOZuHHr0SZUiaf0nf9QJXIBJ_-ZHlogXpniMscQqWgTPJK5D-w&amp;__tn__=-]K-y-R\">Municipalidad de Saladillo<\/a><a href=\"https:\/\/www.facebook.com\/museo.saladillo?__cft__[0]=AZbM5YD_wdOirMTKQZMwjxt3Dn3HOWQIY0Hr6I6-NeijUfclkOtteDoQUwAhdFmDM7D31ZQOj_zjIHtRk9aDuF72t43Tga2Sp9LqGJ_6ctGyaxLjb4Taf7yU_UosqG9whgQpU9SjdY87AbAt1HslebG87kyuY-pCOcBA7sHFKacLMAvmlteg9eiEWJANtOZuHHr0SZUiaf0nf9QJXIBJ_-ZHlogXpniMscQqWgTPJK5D-w&amp;__tn__=-]K-y-R\">Museo Saladillo<\/a>. Gracias por colaborar <a href=\"https:\/\/www.facebook.com\/CICARE.S.A?__cft__[0]=AZbM5YD_wdOirMTKQZMwjxt3Dn3HOWQIY0Hr6I6-NeijUfclkOtteDoQUwAhdFmDM7D31ZQOj_zjIHtRk9aDuF72t43Tga2Sp9LqGJ_6ctGyaxLjb4Taf7yU_UosqG9whgQpU9SjdY87AbAt1HslebG87kyuY-pCOcBA7sHFKacLMAvmlteg9eiEWJANtOZuHHr0SZUiaf0nf9QJXIBJ_-ZHlogXpniMscQqWgTPJK5D-w&amp;__tn__=-]K-y-R\">Cicar\u00e9<\/a> y <a href=\"https:\/\/www.facebook.com\/drone.saladillo?__cft__[0]=AZbM5YD_wdOirMTKQZMwjxt3Dn3HOWQIY0Hr6I6-NeijUfclkOtteDoQUwAhdFmDM7D31ZQOj_zjIHtRk9aDuF72t43Tga2Sp9LqGJ_6ctGyaxLjb4Taf7yU_UosqG9whgQpU9SjdY87AbAt1HslebG87kyuY-pCOcBA7sHFKacLMAvmlteg9eiEWJANtOZuHHr0SZUiaf0nf9QJXIBJ_-ZHlogXpniMscQqWgTPJK5D-w&amp;__tn__=-]K-y-R\">Drone Saladillo<\/a>. Video de <a href=\"https:\/\/www.facebook.com\/groups\/973233646177014\/?__cft__[0]=AZbM5YD_wdOirMTKQZMwjxt3Dn3HOWQIY0Hr6I6-NeijUfclkOtteDoQUwAhdFmDM7D31ZQOj_zjIHtRk9aDuF72t43Tga2Sp9LqGJ_6ctGyaxLjb4Taf7yU_UosqG9whgQpU9SjdY87AbAt1HslebG87kyuY-pCOcBA7sHFKacLMAvmlteg9eiEWJANtOZuHHr0SZUiaf0nf9QJXIBJ_-ZHlogXpniMscQqWgTPJK5D-w&amp;__tn__=-UK-y-R\">SUCESOS ARGENTINOS<\/a><img loading=\"lazy\" decoding=\"async\" height=\"16\" width=\"16\" alt=\"\ud83d\udc93\" src=\"https:\/\/static.xx.fbcdn.net\/images\/emoji.php\/v9\/t66\/1\/16\/1f493.png\"><\/p>\n\n\n\n<figure class=\"wp-block-embed is-type-video is-provider-youtube wp-block-embed-youtube wp-embed-aspect-4-3 wp-has-aspect-ratio\"><div class=\"wp-block-embed__wrapper\">\n<iframe loading=\"lazy\" title=\"Recreaci\u00f3n del video del centenario de saladillo con 61 a\u00f1os de diferencia, 1963-2024\" width=\"560\" height=\"420\" src=\"https:\/\/www.youtube.com\/embed\/J6foTGK2v50?feature=oembed\" frameborder=\"0\" allow=\"accelerometer; autoplay; clipboard-write; encrypted-media; gyroscope; picture-in-picture; web-share\" referrerpolicy=\"strict-origin-when-cross-origin\" allowfullscreen><\/iframe>\n<\/div><\/figure>\n\n\n\n<hr class=\"wp-block-separator has-alpha-channel-opacity\"\/>\n\n\n\n<p>La Unidad M\u00f3vil del RENAPER llega a Saladillo para los festejos populares del 163\u00b0 Aniversario. <\/p>\n\n\n\n<figure class=\"wp-block-image size-full is-resized\"><img loading=\"lazy\" decoding=\"async\" width=\"216\" height=\"168\" src=\"https:\/\/acasaladillo.com.ar\/wp-content\/uploads\/2026\/05\/WhatsApp-Image-2026-07-31-at-11.31.09.jpeg\" alt=\"\" class=\"wp-image-63648\" style=\"width:395px;height:auto\" srcset=\"https:\/\/acasaladillo.com.ar\/wp-content\/uploads\/2026\/05\/WhatsApp-Image-2026-07-31-at-11.31.09.jpeg 216w, https:\/\/acasaladillo.com.ar\/wp-content\/uploads\/2026\/05\/WhatsApp-Image-2026-07-31-at-11.31.09-160x124.jpeg 160w\" sizes=\"auto, (max-width: 216px) 100vw, 216px\" \/><\/figure>\n\n\n\n<p>Desde el equipo de Gobierno de la Municipalidad de Saladillo, se informa a la comunidad que la Unidad M\u00f3vil del Registro Nacional de las Personas (RENAPER), el domingo, en la Fiesta Aniversario, brindar\u00e1 atenci\u00f3n en nuestra ciudad para facilitar la realizaci\u00f3n de diversos tr\u00e1mites documentarios.<br>Durante su permanencia, los vecinos podr\u00e1n acceder a los siguientes servicios:<\/p>\n\n\n\n<ul class=\"wp-block-list\">\n<li>Tramitaci\u00f3n del DNI<\/li>\n\n\n\n<li>Renovaci\u00f3n por vencimiento, extrav\u00edo, robo o deterioro.<\/li>\n\n\n\n<li>Cambio de domicilio.<\/li>\n\n\n\n<li>Solicitud de pasaporte.<\/li>\n\n\n\n<li>Actualizaciones de datos personales y dem\u00e1s tr\u00e1mites habilitados por RENAPER.<br>Se recomienda a los interesados concurrir con la documentaci\u00f3n correspondiente y respetar el orden de atenci\u00f3n establecido.<br>La Unidad, estar\u00e1 ubicada en calle Belgrano, entre San Martin y Rivadavia.<br>Esta iniciativa tiene como objetivo acercar los servicios del Estado a los vecinos, facilitando el acceso a la documentaci\u00f3n personal de manera \u00e1gil y cercana.<\/li>\n<\/ul>\n\n\n\n<p>Tarifario de tr\u00e1mites de Renaper<br>DNI<br>Primer ejemplar<\/p>\n\n\n\n<ul class=\"wp-block-list\">\n<li>Nacidos en el territorio nacional de 0 a 18 a\u00f1os de edad (Art. 13<br>Decreto N\u00b0 415\/2006): sin cargo<\/li>\n\n\n\n<li>Por identificaci\u00f3n tard\u00eda e inscripci\u00f3n tard\u00eda: sin cargo<br>Primer ejemplar<\/li>\n\n\n\n<li>Carta de Ciudadan\u00eda: $ 10.000<\/li>\n\n\n\n<li>Opci\u00f3n de Nacionalidad: $ 10.000<br>\u25cf Actualizaci\u00f3n de 5\/8 a\u00f1os: $ 10.000<br>\u25cf Actualizaci\u00f3n de 14 a\u00f1os: $ 10.000<br>\u25cf Ejemplar nuevo (actualizaciones posteriores\/ rectificaci\u00f3n de<br>datos\/ cambio de domicilio\/ canje de LE o LC por DNI\/ otros<br>ejemplares de DNI\/ adopci\u00f3n): $ 10.000<br>\u25cf Rectificaci\u00f3n por reconocimiento de tu identidad de g\u00e9nero de<br>acuerdo con la Ley 26.743 : sin cargo (el tr\u00e1mite ser\u00e1 con cargo a<br>partir de la segunda y posteriores rectificaciones)<br>\u25cf CPI (Certificado de Pre-identificaci\u00f3n) sin cargo<br>\u25cf DNI expr\u00e9s (dentro de las 96 horas h\u00e1biles) $ 26.000<br>\u25cf Reposici\u00f3n por error u omisi\u00f3n, sin cargo<br>DNI extranjeros<br>\u25cf Primera identificaci\u00f3n: $ 20.000<br>\u25cf Actualizaci\u00f3n de 5\/8 a\u00f1os: $ 20.000<br>\u25cf Actualizaci\u00f3n de 14 a\u00f1os: $ 20.000 Ejemplar nuevo(actualizaciones posteriores\/ rectificaci\u00f3n de<br>datos\/ cambio de domicilio\/ cambio de categor\u00eda\/ pr\u00f3rroga\/ otros<br>ejemplares de DNI): $ 20.000<br>\u25cf Reposici\u00f3n por error u omisi\u00f3n: sin cargo<br>PASAPORTE<br>\u25cf Pasaporte regular: $ 100.000<br>\u25cf Pasaporte expr\u00e9s (dentro de las 96 horas h\u00e1biles) : $ 200.000<br>\u25cf Reposici\u00f3n por error u omisi\u00f3n: sin cargo<br>(**) En caso de que el error u omisi\u00f3n se pueda comprobar por el<br>simple cotejo de la documentaci\u00f3n presentada en oportunidad de la<br>tramitaci\u00f3n dentro de los noventa (90) d\u00edas corridos contados a partir de la fecha de entrega.<\/li>\n<\/ul>\n\n\n\n<hr class=\"wp-block-separator has-alpha-channel-opacity\"\/>\n\n\n\n<p>Con el orgullo de nuestras ra\u00edces y el coraz\u00f3n bien celeste y blanco, este domingo 17, la escuela N\u00b030 de \u00abLos Guaycos\u00bb, abri\u00f3 las puertas del campo de la Sociedad Rural, para dar inicio a las actividades enmarcadas en la Semana de Mayo, con una aut\u00e9ntica fiesta gaucha, de esas que huelen a tradici\u00f3n y a campo.<br>Desde temprano, el patio se visti\u00f3 de ponchos, bombachas y pa\u00f1uelos al cuello.<br>Desde el Municipio, como cada a\u00f1o, se apoya esta fiesta, que como muchas otras, tienen como fin fortalecer el gran evento que nos identifica a los saladillenses, como son las valoradas \u00abFiestas Patrias\u00bb.<br>Desde el equipo de gobierno felicitamos a Candela la Directora de la escuela, como a la asociaci\u00f3n cooperadora que desde hace d\u00edas est\u00e1n con la organizaci\u00f3n, y con un comprometido trabajo en el lugar.<br>Tambi\u00e9n un gran reconocimiento a Oscar Laforcada, a los animadores y a cada participante de las destrezas gauchas que le dan vida a esta fiesta.<br>Cada mate compartido, el fondo musical de nuestra m\u00fasica folkl\u00f3rica, el fuego dando inicio al gran asado y cada plato t\u00edpico que se prepara fue tambi\u00e9n una forma de ense\u00f1ar, de transmitir a las nuevas generaciones el valor de nuestra historia y de nuestras costumbres. <\/p>\n\n\n\n<figure class=\"wp-block-image size-full\"><img loading=\"lazy\" decoding=\"async\" width=\"500\" height=\"375\" src=\"https:\/\/acasaladillo.com.ar\/wp-content\/uploads\/2026\/05\/701234622_3457141997781934_7255367464324361185_n.jpg\" alt=\"\" class=\"wp-image-63450\" srcset=\"https:\/\/acasaladillo.com.ar\/wp-content\/uploads\/2026\/05\/701234622_3457141997781934_7255367464324361185_n.jpg 500w, https:\/\/acasaladillo.com.ar\/wp-content\/uploads\/2026\/05\/701234622_3457141997781934_7255367464324361185_n-300x225.jpg 300w, https:\/\/acasaladillo.com.ar\/wp-content\/uploads\/2026\/05\/701234622_3457141997781934_7255367464324361185_n-260x195.jpg 260w, https:\/\/acasaladillo.com.ar\/wp-content\/uploads\/2026\/05\/701234622_3457141997781934_7255367464324361185_n-160x120.jpg 160w\" sizes=\"auto, (max-width: 500px) 100vw, 500px\" \/><\/figure>\n","protected":false},"excerpt":{"rendered":"<p>Noticias sueltas.<\/p>\n<p class=\"more-link-p\"><a class=\"more-link\" href=\"https:\/\/acasaladillo.com.ar\/?p=63448\">Read more &rarr;<\/a><\/p>\n","protected":false},"author":3,"featured_media":63449,"comment_status":"closed","ping_status":"closed","sticky":false,"template":"","format":"standard","meta":{"_monsterinsights_skip_tracking":false,"footnotes":""},"categories":[1],"tags":[],"class_list":["post-63448","post","type-post","status-publish","format-standard","has-post-thumbnail","hentry","category-noticias"],"aioseo_notices":[],"_links":{"self":[{"href":"https:\/\/acasaladillo.com.ar\/index.php?rest_route=\/wp\/v2\/posts\/63448","targetHints":{"allow":["GET"]}}],"collection":[{"href":"https:\/\/acasaladillo.com.ar\/index.php?rest_route=\/wp\/v2\/posts"}],"about":[{"href":"https:\/\/acasaladillo.com.ar\/index.php?rest_route=\/wp\/v2\/types\/post"}],"author":[{"embeddable":true,"href":"https:\/\/acasaladillo.com.ar\/index.php?rest_route=\/wp\/v2\/users\/3"}],"replies":[{"embeddable":true,"href":"https:\/\/acasaladillo.com.ar\/index.php?rest_route=%2Fwp%2Fv2%2Fcomments&post=63448"}],"version-history":[{"count":3,"href":"https:\/\/acasaladillo.com.ar\/index.php?rest_route=\/wp\/v2\/posts\/63448\/revisions"}],"predecessor-version":[{"id":63651,"href":"https:\/\/acasaladillo.com.ar\/index.php?rest_route=\/wp\/v2\/posts\/63448\/revisions\/63651"}],"wp:featuredmedia":[{"embeddable":true,"href":"https:\/\/acasaladillo.com.ar\/index.php?rest_route=\/wp\/v2\/media\/63449"}],"wp:attachment":[{"href":"https:\/\/acasaladillo.com.ar\/index.php?rest_route=%2Fwp%2Fv2%2Fmedia&parent=63448"}],"wp:term":[{"taxonomy":"category","embeddable":true,"href":"https:\/\/acasaladillo.com.ar\/index.php?rest_route=%2Fwp%2Fv2%2Fcategories&post=63448"},{"taxonomy":"post_tag","embeddable":true,"href":"https:\/\/acasaladillo.com.ar\/index.php?rest_route=%2Fwp%2Fv2%2Ftags&post=63448"}],"curies":[{"name":"wp","href":"https:\/\/api.w.org\/{rel}","templated":true}]}}