{"id":63428,"date":"2026-05-11T13:17:19","date_gmt":"2026-05-11T16:17:19","guid":{"rendered":"https:\/\/acasaladillo.com.ar\/?p=63428"},"modified":"2026-09-01T11:15:27","modified_gmt":"2026-09-01T14:15:27","slug":"c-e-s","status":"publish","type":"post","link":"https:\/\/acasaladillo.com.ar\/?p=63428","title":{"rendered":"C.E.S"},"content":{"rendered":"\n<figure class=\"wp-block-image size-full is-style-default\"><img loading=\"lazy\" decoding=\"async\" width=\"248\" height=\"203\" src=\"https:\/\/acasaladillo.com.ar\/wp-content\/uploads\/2026\/05\/coop.jpg\" alt=\"\" class=\"wp-image-63429\" srcset=\"https:\/\/acasaladillo.com.ar\/wp-content\/uploads\/2026\/05\/coop.jpg 248w, https:\/\/acasaladillo.com.ar\/wp-content\/uploads\/2026\/05\/coop-160x131.jpg 160w\" sizes=\"auto, (max-width: 248px) 100vw, 248px\" \/><\/figure>\n\n\n\n<p>Toda la info<\/p>\n\n\n\n<hr class=\"wp-block-separator has-alpha-channel-opacity\"\/>\n\n\n\n<!--more-->\n\n\n\n<p><\/p>\n\n\n\n<p>INVERSIONES EN CESPRET: La CES moderniza su F\u00e1brica de Pretensados con una importante inversi\u00f3n en equipamiento<\/p>\n\n\n\n<p>La Cooperativa El\u00e9ctrica de Saladillo contin\u00faa fortaleciendo su l\u00ednea de producci\u00f3n y anunci\u00f3 una importante modernizaci\u00f3n y renovaci\u00f3n de equipos en su F\u00e1brica de Elementos Pretensados de Hormig\u00f3n.<\/p>\n\n\n\n<p>Recientemente, la f\u00e1brica ha incorporado nuevos moldes para la fabricaci\u00f3n de columnas de hormig\u00f3n en sus diferentes medidas y prestaciones, lo que permitir\u00e1 mejorar la calidad, optimizar los tiempos de producci\u00f3n y ampliar la capacidad productiva.<\/p>\n\n\n\n<figure class=\"wp-block-image size-full is-resized\"><img loading=\"lazy\" decoding=\"async\" width=\"210\" height=\"300\" src=\"https:\/\/acasaladillo.com.ar\/wp-content\/uploads\/2026\/05\/ttttttttttttttttttttttttttttttttttttttttttt.jpg\" alt=\"\" class=\"wp-image-63732\" style=\"width:474px;height:auto\" srcset=\"https:\/\/acasaladillo.com.ar\/wp-content\/uploads\/2026\/05\/ttttttttttttttttttttttttttttttttttttttttttt.jpg 210w, https:\/\/acasaladillo.com.ar\/wp-content\/uploads\/2026\/05\/ttttttttttttttttttttttttttttttttttttttttttt-160x229.jpg 160w\" sizes=\"auto, (max-width: 210px) 100vw, 210px\" \/><\/figure>\n\n\n\n<p>La planta, que constituye una importante fuente de trabajo para la ciudad de Saladillo, produce elementos pretensados destinados a las l\u00edneas de distribuci\u00f3n el\u00e9ctrica y premoldeados \u2014como nichos\u2014 que son comercializados en una amplia zona de la Provincia de Buenos Aires y de todo el pa\u00eds.<\/p>\n\n\n\n<p>Con esta inversi\u00f3n, la CES reafirma su compromiso con el crecimiento industrial, la innovaci\u00f3n y el desarrollo local.<\/p>\n\n\n\n<hr class=\"wp-block-separator has-alpha-channel-opacity\"\/>\n\n\n\n<p>ASAMBLEA ELECTORAL DE DISTRITO | CONVOCATORIA DE LA CES<\/p>\n\n\n\n<p>Se\u00f1ores Asociados: En cumplimiento de lo establecido en el Art\u00edculo 32\u00ba del Estatuto Social, convocase a los se\u00f1ores asociados de la Cooperativa El\u00e9ctrica de Consumo y Otros Servicios de Saladillo Ltda. a partir del d\u00eda 12 de Agosto del 2026 a la Asamblea Electoral de Distrito que se celebrar\u00e1 el d\u00eda 30 de Septiembre de 2026 desde las 8 hs. hasta las 18 hs., en la sede del auditorio de la Cooperativa, sita en la calle Sarmiento N.\u00ba 3177 -primer piso-, de la ciudad de Saladillo, para considerar el siguiente:<\/p>\n\n\n\n<p>ORDEN DEL DIA:<br>1) Designaci\u00f3n de dos (2) asociados para firmar el Acta de la Asamblea<br>2) Elecci\u00f3n de ciento dos (102) delegados Titulares y cincuenta y un (51) delegados Suplentes en la Asamblea Electoral de Distrito, los que representar\u00e1n a los asociados durante el ejercicio 1\u00ba de Julio de 2026 al 30 de junio de 2027.<br>3) Elecci\u00f3n de tres (3) consejeros Titulares por tres (3) a\u00f1os<br>4) Elecci\u00f3n de tres (3) consejeros Suplentes por tres (3) a\u00f1os<br>5) Elecci\u00f3n de un (1) S\u00edndico Titular y un (1) S\u00edndico Suplente por un (1) a\u00f1o.<\/p>\n\n\n\n<p>Las listas ser\u00e1n recepcionadas hasta las 12 hs. del d\u00eda 28 de agosto del 2026 en la sede de la Entidad Social, sita en calle Belgrano N.\u00ba 3384, habiendo sido designado para cumplir con dicha misi\u00f3n la se\u00f1ora presidente, Marcela Fabiana Barreiro.<\/p>\n\n\n\n<p>Se deja constancia que el Padr\u00f3n de Asociados se encuentra a disposici\u00f3n de los se\u00f1ores Socios y de la Autoridad de Aplicaci\u00f3n en la Sede Social, sita en la calle Belgrano N.\u00ba 3384 de Saladillo, de lunes a viernes en el horario de 8 a 14 hs. (art.32\u00ba Estatuto Social).<\/p>\n\n\n\n<hr class=\"wp-block-separator has-alpha-channel-opacity\"\/>\n\n\n\n<p><strong>|| M\u00c1S ENERG\u00cdA + EDUCACI\u00d3N | La CES y el CEPT N36 de La Barrancosa acuerdan importante obra el\u00e9ctrica para la instituci\u00f3n.<\/strong><\/p>\n\n\n\n<p>La Cooperativa El\u00e9ctrica de Saladillo y el CEPT N\u00b0 36 La Barrancosa, firmaron un acuerdo para la ejecuci\u00f3n de una obra el\u00e9ctrica de gran relevancia para la instituci\u00f3n educativa de la zona rural, en una reuni\u00f3n que cont\u00f3 con el acompa\u00f1amiento de los consejo escolares Ceferino Ninni y Alejandro Orciani.<\/p>\n\n\n\n<figure class=\"wp-block-image size-full is-resized\"><img loading=\"lazy\" decoding=\"async\" width=\"200\" height=\"150\" src=\"https:\/\/acasaladillo.com.ar\/wp-content\/uploads\/2026\/05\/80b3453e-4090-4f19-8717-0547f4e10744.jpg\" alt=\"\" class=\"wp-image-63627\" style=\"width:371px;height:auto\" srcset=\"https:\/\/acasaladillo.com.ar\/wp-content\/uploads\/2026\/05\/80b3453e-4090-4f19-8717-0547f4e10744.jpg 200w, https:\/\/acasaladillo.com.ar\/wp-content\/uploads\/2026\/05\/80b3453e-4090-4f19-8717-0547f4e10744-160x120.jpg 160w\" sizes=\"auto, (max-width: 200px) 100vw, 200px\" \/><\/figure>\n\n\n\n<p>El proyecto contempla una inversi\u00f3n que supera los $14.500.000 y tiene como objetivo garantizar el suministro el\u00e9ctrico necesario para el crecimiento y el normal funcionamiento del Centro.<\/p>\n\n\n\n<p>La obra se ejecutar\u00e1 en la estaci\u00f3n transformadora que abastece al C.E.P.T. N\u00b0 36 y consiste en la ampliaci\u00f3n de potencia.<\/p>\n\n\n\n<figure class=\"wp-block-image size-full is-resized\"><img loading=\"lazy\" decoding=\"async\" width=\"200\" height=\"150\" src=\"https:\/\/acasaladillo.com.ar\/wp-content\/uploads\/2026\/05\/0207644c-33b4-4e6d-a78a-e53aa26f9e64.jpg\" alt=\"\" class=\"wp-image-63628\" style=\"width:366px;height:auto\" srcset=\"https:\/\/acasaladillo.com.ar\/wp-content\/uploads\/2026\/05\/0207644c-33b4-4e6d-a78a-e53aa26f9e64.jpg 200w, https:\/\/acasaladillo.com.ar\/wp-content\/uploads\/2026\/05\/0207644c-33b4-4e6d-a78a-e53aa26f9e64-160x120.jpg 160w\" sizes=\"auto, (max-width: 200px) 100vw, 200px\" \/><\/figure>\n\n\n\n<p>\u201cEsta obra es clave para el C.E.P.T. N\u00b0 36, ya que permitir\u00e1 incorporar equipamiento, ampliar espacios de aprendizaje y fortalecer la propuesta educativa\u201d explicaron los integrantes del Consejo de administraci\u00f3n y equipo t\u00e9cnico (docentes) de la instituci\u00f3n educativa. A su vez, beneficia de manera directa a las familias de La Barrancosa y zonas aleda\u00f1as, que ven en estas instituciones un pilar fundamental para el desarrollo rural.<\/p>\n\n\n\n<p>Desde la CES su presidenta, Prof. Marcela Barreiro, destac\u00f3 que este tipo de proyectos se enmarcan en el compromiso cooperativo de acompa\u00f1ar a la educaci\u00f3n y al crecimiento de las comunidades donde presta servicio. \u00abInvertir en energ\u00eda para las escuelas es invertir en el futuro de Saladillo\u00bb, se\u00f1al\u00f3.<\/p>\n\n\n\n<hr class=\"wp-block-separator has-alpha-channel-opacity\"\/>\n\n\n\n<p><strong>QUE PERSONAJES! Vacaciones para Cooparte<\/strong>.<\/p>\n\n\n\n<figure class=\"wp-block-image size-full is-resized\"><img loading=\"lazy\" decoding=\"async\" width=\"300\" height=\"225\" src=\"https:\/\/acasaladillo.com.ar\/wp-content\/uploads\/2026\/05\/WhatsApp-Image-2026-07-23-at-10.30.01.jpeg\" alt=\"\" class=\"wp-image-63620\" style=\"width:425px;height:auto\" srcset=\"https:\/\/acasaladillo.com.ar\/wp-content\/uploads\/2026\/05\/WhatsApp-Image-2026-07-23-at-10.30.01.jpeg 300w, https:\/\/acasaladillo.com.ar\/wp-content\/uploads\/2026\/05\/WhatsApp-Image-2026-07-23-at-10.30.01-260x195.jpeg 260w, https:\/\/acasaladillo.com.ar\/wp-content\/uploads\/2026\/05\/WhatsApp-Image-2026-07-23-at-10.30.01-160x120.jpeg 160w\" sizes=\"auto, (max-width: 300px) 100vw, 300px\" \/><\/figure>\n\n\n\n<p>En el marco de las actividades de invierno, este la CES realiz\u00f3 un encuentro-taller en su espacio Cooparte con una propuesta pensada para los m\u00e1s chicos.<\/p>\n\n\n\n<figure class=\"wp-block-image size-full is-resized\"><img loading=\"lazy\" decoding=\"async\" width=\"300\" height=\"225\" src=\"https:\/\/acasaladillo.com.ar\/wp-content\/uploads\/2026\/05\/WhatsApp-Image-2026-07-23-at-10.29.59.jpeg\" alt=\"\" class=\"wp-image-63618\" style=\"width:421px;height:auto\" srcset=\"https:\/\/acasaladillo.com.ar\/wp-content\/uploads\/2026\/05\/WhatsApp-Image-2026-07-23-at-10.29.59.jpeg 300w, https:\/\/acasaladillo.com.ar\/wp-content\/uploads\/2026\/05\/WhatsApp-Image-2026-07-23-at-10.29.59-260x195.jpeg 260w, https:\/\/acasaladillo.com.ar\/wp-content\/uploads\/2026\/05\/WhatsApp-Image-2026-07-23-at-10.29.59-160x120.jpeg 160w\" sizes=\"auto, (max-width: 300px) 100vw, 300px\" \/><\/figure>\n\n\n\n<p>Con la coordinaci\u00f3n de la profesora Marcela Montes, se llev\u00f3 adelante un taller de literatura y filosof\u00eda para infantes en el que los participantes exploraron historias y cuentos para luego dar vida a sus propios personajes construidos con materiales reciclables.<\/p>\n\n\n\n<p>La actividad invit\u00f3 a jugar, imaginar y reflexionar sobre temas de la vida cotidiana mediante el di\u00e1logo y la creaci\u00f3n art\u00edstica. Cada ni\u00f1o pudo plasmar su inventiva y llevarse a casa el personaje creado a partir de \u201cuna historia enlatada\u201d.<\/p>\n\n\n\n<figure class=\"wp-block-image size-full is-resized\"><img loading=\"lazy\" decoding=\"async\" width=\"1600\" height=\"1200\" src=\"https:\/\/acasaladillo.com.ar\/wp-content\/uploads\/2026\/05\/WhatsApp-Image-2026-07-23-at-10.30.00.jpeg\" alt=\"\" class=\"wp-image-63619\" style=\"aspect-ratio:1.3313207547169812;width:430px;height:auto\" srcset=\"https:\/\/acasaladillo.com.ar\/wp-content\/uploads\/2026\/05\/WhatsApp-Image-2026-07-23-at-10.30.00.jpeg 1600w, https:\/\/acasaladillo.com.ar\/wp-content\/uploads\/2026\/05\/WhatsApp-Image-2026-07-23-at-10.30.00-300x225.jpeg 300w, https:\/\/acasaladillo.com.ar\/wp-content\/uploads\/2026\/05\/WhatsApp-Image-2026-07-23-at-10.30.00-768x576.jpeg 768w, https:\/\/acasaladillo.com.ar\/wp-content\/uploads\/2026\/05\/WhatsApp-Image-2026-07-23-at-10.30.00-1536x1152.jpeg 1536w, https:\/\/acasaladillo.com.ar\/wp-content\/uploads\/2026\/05\/WhatsApp-Image-2026-07-23-at-10.30.00-560x420.jpeg 560w, https:\/\/acasaladillo.com.ar\/wp-content\/uploads\/2026\/05\/WhatsApp-Image-2026-07-23-at-10.30.00-260x195.jpeg 260w, https:\/\/acasaladillo.com.ar\/wp-content\/uploads\/2026\/05\/WhatsApp-Image-2026-07-23-at-10.30.00-160x120.jpeg 160w\" sizes=\"auto, (max-width: 1600px) 100vw, 1600px\" \/><\/figure>\n\n\n\n<p>Durante el encuentro funcion\u00f3 un servicio de kiosco y cantina infantil. Todo lo recaudado fue destinado de manera \u00edntegra al Hogar Golondrinas, uniendo as\u00ed el esparcimiento con una acci\u00f3n solidaria para una instituci\u00f3n local.<\/p>\n\n\n\n<p>Las actividades programadas continuar\u00e1n el pr\u00f3ximo martes 28 de julio a las 16:30 con una propuesta para cantar entre todos canciones, en un karaoke infantil para ni\u00f1os y ni\u00f1as.<\/p>\n\n\n\n<hr class=\"wp-block-separator has-alpha-channel-opacity\"\/>\n\n\n\n<p><strong>|| NUEVO PARQUE SOLAR EN CAZ\u00d3N | CES Energ\u00eda avanza en la primera etapa de la instalaci\u00f3n de paneles fotovoltaicos.<\/strong><\/p>\n\n\n\n<figure class=\"wp-block-image size-full is-resized\"><img loading=\"lazy\" decoding=\"async\" width=\"320\" height=\"400\" src=\"https:\/\/acasaladillo.com.ar\/wp-content\/uploads\/2026\/05\/9b5875d0-3a2a-4537-8b7d-7fd80327d6d1.jpg\" alt=\"\" class=\"wp-image-63612\" style=\"width:469px;height:auto\" srcset=\"https:\/\/acasaladillo.com.ar\/wp-content\/uploads\/2026\/05\/9b5875d0-3a2a-4537-8b7d-7fd80327d6d1.jpg 320w, https:\/\/acasaladillo.com.ar\/wp-content\/uploads\/2026\/05\/9b5875d0-3a2a-4537-8b7d-7fd80327d6d1-240x300.jpg 240w, https:\/\/acasaladillo.com.ar\/wp-content\/uploads\/2026\/05\/9b5875d0-3a2a-4537-8b7d-7fd80327d6d1-260x325.jpg 260w, https:\/\/acasaladillo.com.ar\/wp-content\/uploads\/2026\/05\/9b5875d0-3a2a-4537-8b7d-7fd80327d6d1-160x200.jpg 160w\" sizes=\"auto, (max-width: 320px) 100vw, 320px\" \/><\/figure>\n\n\n\n<p><br>Liderando el mapa de generaci\u00f3n de energ\u00edas renovables la Cooperativa El\u00e9ctrica de Saladillo est\u00e1 avanzando en la primera etapa de montaje del Parque Solar en Caz\u00f3n.<br>Actualmente se est\u00e1n realizando los trabajos de colocaci\u00f3n de estructuras, herrajes y anclajes al suelo, elementos que ser\u00e1n la base donde posteriormente se montar\u00e1n los paneles solares.<br>Se trata de una de las primeras etapas de montaje del Parque Solar, una obra estrat\u00e9gica que fortalecer\u00e1 la infraestructura el\u00e9ctrica para el Partido de Saladillo y la regi\u00f3n.<br>Desde la Cooperativa su presidenta, Prof. Marcela Barreiro destac\u00f3 que \u201ceste proyecto busca reforzar el sistema energ\u00e9tico local y aportar al desarrollo sostenible de toda la comunidad\u201d, dado que \u201cdesde la CES se busca impulsar nuevas alternativas de generaci\u00f3n de energ\u00eda sustentable con el medio ambiente y el entorno productivo<\/p>\n\n\n\n<hr class=\"wp-block-separator has-alpha-channel-opacity\"\/>\n\n\n\n<p><strong>| NUEVO PARQUE SOLAR EN CAZ\u00d3N | CES Energ\u00eda avanza en la primera etapa de la instalaci\u00f3n de paneles fotovoltaicos.<\/strong><\/p>\n\n\n\n<figure class=\"wp-block-image size-full is-resized\"><img loading=\"lazy\" decoding=\"async\" width=\"400\" height=\"300\" src=\"https:\/\/acasaladillo.com.ar\/wp-content\/uploads\/2026\/05\/9b531d8c-33bc-4d95-963b-afc6d29e024d.jpg\" alt=\"\" class=\"wp-image-63608\" style=\"width:504px;height:auto\" srcset=\"https:\/\/acasaladillo.com.ar\/wp-content\/uploads\/2026\/05\/9b531d8c-33bc-4d95-963b-afc6d29e024d.jpg 400w, https:\/\/acasaladillo.com.ar\/wp-content\/uploads\/2026\/05\/9b531d8c-33bc-4d95-963b-afc6d29e024d-300x225.jpg 300w, https:\/\/acasaladillo.com.ar\/wp-content\/uploads\/2026\/05\/9b531d8c-33bc-4d95-963b-afc6d29e024d-260x195.jpg 260w, https:\/\/acasaladillo.com.ar\/wp-content\/uploads\/2026\/05\/9b531d8c-33bc-4d95-963b-afc6d29e024d-160x120.jpg 160w\" sizes=\"auto, (max-width: 400px) 100vw, 400px\" \/><\/figure>\n\n\n\n<p>Liderando el mapa de generaci\u00f3n de energ\u00edas renovables la Cooperativa El\u00e9ctrica de Saladillo est\u00e1 avanzando en la primera etapa de montaje del Parque Solar en Caz\u00f3n.<\/p>\n\n\n\n<p>Actualmente se est\u00e1n realizando los trabajos de colocaci\u00f3n de estructuras, herrajes y anclajes al suelo, elementos que ser\u00e1n la base donde posteriormente se montar\u00e1n los paneles solares.<\/p>\n\n\n\n<p>Se trata de una de las primeras etapas de montaje del Parque Solar, una obra estrat\u00e9gica que fortalecer\u00e1 la infraestructura el\u00e9ctrica para el Partido de Saladillo y la regi\u00f3n.<\/p>\n\n\n\n<figure class=\"wp-block-image size-full is-resized\"><img loading=\"lazy\" decoding=\"async\" width=\"400\" height=\"300\" src=\"https:\/\/acasaladillo.com.ar\/wp-content\/uploads\/2026\/05\/7b0b2591-ccce-476c-b757-9a527654bee0.jpg\" alt=\"\" class=\"wp-image-63607\" style=\"width:491px;height:auto\" srcset=\"https:\/\/acasaladillo.com.ar\/wp-content\/uploads\/2026\/05\/7b0b2591-ccce-476c-b757-9a527654bee0.jpg 400w, https:\/\/acasaladillo.com.ar\/wp-content\/uploads\/2026\/05\/7b0b2591-ccce-476c-b757-9a527654bee0-300x225.jpg 300w, https:\/\/acasaladillo.com.ar\/wp-content\/uploads\/2026\/05\/7b0b2591-ccce-476c-b757-9a527654bee0-260x195.jpg 260w, https:\/\/acasaladillo.com.ar\/wp-content\/uploads\/2026\/05\/7b0b2591-ccce-476c-b757-9a527654bee0-160x120.jpg 160w\" sizes=\"auto, (max-width: 400px) 100vw, 400px\" \/><\/figure>\n\n\n\n<p>Desde la Cooperativa su presidenta, Prof. Marcela Barreiro destac\u00f3 que \u201ceste proyecto busca reforzar el sistema energ\u00e9tico local y aportar al desarrollo sostenible de toda la comunidad\u201d, dado que \u201cdesde la CES se busca impulsar nuevas alternativas de generaci\u00f3n de energ\u00eda sustentable con el medio ambiente y el entorno productivo\u201d.<\/p>\n\n\n\n<hr class=\"wp-block-separator has-alpha-channel-opacity\"\/>\n\n\n\n<p><strong>|| CESPAZ EN DEL CARRIL | Presentaron las remodelaciones y puesta en valor de la sala de servicios sociales.<\/strong><\/p>\n\n\n\n<p>En el marco de las celebraciones oficiales por el D\u00eda de la Independencia, el Municipio de Saladillo y la Cooperativa El\u00e9ctrica local presentaron formalmente la puesta en valor de la sala de servicios sociales de CESPAZ en esa localidad.<\/p>\n\n\n\n<figure class=\"wp-block-image size-full is-resized\"><img loading=\"lazy\" decoding=\"async\" width=\"300\" height=\"200\" src=\"https:\/\/acasaladillo.com.ar\/wp-content\/uploads\/2026\/05\/WhatsApp-Image-2026-07-10-at-11.53.06.jpeg\" alt=\"\" class=\"wp-image-63582\" style=\"width:484px;height:auto\" srcset=\"https:\/\/acasaladillo.com.ar\/wp-content\/uploads\/2026\/05\/WhatsApp-Image-2026-07-10-at-11.53.06.jpeg 300w, https:\/\/acasaladillo.com.ar\/wp-content\/uploads\/2026\/05\/WhatsApp-Image-2026-07-10-at-11.53.06-260x173.jpeg 260w, https:\/\/acasaladillo.com.ar\/wp-content\/uploads\/2026\/05\/WhatsApp-Image-2026-07-10-at-11.53.06-160x107.jpeg 160w\" sizes=\"auto, (max-width: 300px) 100vw, 300px\" \/><\/figure>\n\n\n\n<p>Los trabajos en el edificio tuvieron un plazo de ejecuci\u00f3n de 45 d\u00edas e incluyeron mejoras estructurales claves de impermeabilizaci\u00f3n de cargas, hidrolavado y pintura integral en el exterior y las salas, recambio del tanque de reserva para asegurar el agua potable, sellado de aberturas para optimizar el aislamiento t\u00e9rmico y la incorporaci\u00f3n de mobiliarios para los servicios.<\/p>\n\n\n\n<p>\u00abCon esta puesta en valor se procura igualar las condiciones de servicio a los adherentes de Del Carril, dado que es obligaci\u00f3n de la Cooperativa brindar a los socios de esa localidad un servicio id\u00e9ntico a los que se prestan en la ciudad cabecera\u201d, remarc\u00f3 la presidenta de la CES, Prof. Marcela Barreiro. La directiva felicit\u00f3 a la comunidad en su d\u00eda patrio y agradeci\u00f3 el fuerte compromiso del municipio para concretar la mejora.<\/p>\n\n\n\n<hr class=\"wp-block-separator has-alpha-channel-opacity\"\/>\n\n\n\n<p>|| IMPULSAR VALORES DEL MA\u00d1ANA | Saladillo fue sede de un encuentro de estudiantes cooperativistas de la region.<\/p>\n\n\n\n<figure class=\"wp-block-gallery has-nested-images columns-default is-cropped wp-block-gallery-1 is-layout-flex wp-block-gallery-is-layout-flex\">\n<figure class=\"wp-block-image size-large\"><img loading=\"lazy\" decoding=\"async\" width=\"300\" height=\"169\" data-id=\"63566\" src=\"https:\/\/acasaladillo.com.ar\/wp-content\/uploads\/2026\/05\/WhatsApp-Image-2026-07-03-at-13.05.14.jpeg\" alt=\"\" class=\"wp-image-63566\" srcset=\"https:\/\/acasaladillo.com.ar\/wp-content\/uploads\/2026\/05\/WhatsApp-Image-2026-07-03-at-13.05.14.jpeg 300w, https:\/\/acasaladillo.com.ar\/wp-content\/uploads\/2026\/05\/WhatsApp-Image-2026-07-03-at-13.05.14-260x146.jpeg 260w, https:\/\/acasaladillo.com.ar\/wp-content\/uploads\/2026\/05\/WhatsApp-Image-2026-07-03-at-13.05.14-160x90.jpeg 160w\" sizes=\"auto, (max-width: 300px) 100vw, 300px\" \/><\/figure>\n\n\n\n<figure class=\"wp-block-image size-large\"><img loading=\"lazy\" decoding=\"async\" width=\"300\" height=\"169\" data-id=\"63565\" src=\"https:\/\/acasaladillo.com.ar\/wp-content\/uploads\/2026\/05\/WhatsApp-Image-2026-07-03-at-13.26.50.jpeg\" alt=\"\" class=\"wp-image-63565\" srcset=\"https:\/\/acasaladillo.com.ar\/wp-content\/uploads\/2026\/05\/WhatsApp-Image-2026-07-03-at-13.26.50.jpeg 300w, https:\/\/acasaladillo.com.ar\/wp-content\/uploads\/2026\/05\/WhatsApp-Image-2026-07-03-at-13.26.50-260x146.jpeg 260w, https:\/\/acasaladillo.com.ar\/wp-content\/uploads\/2026\/05\/WhatsApp-Image-2026-07-03-at-13.26.50-160x90.jpeg 160w\" sizes=\"auto, (max-width: 300px) 100vw, 300px\" \/><\/figure>\n<\/figure>\n\n\n\n<p>En el marco de la celebraci\u00f3n por los 80 a\u00f1os de Cooperativismo Escolar en la Provincia de Buenos Aires y el d\u00eda internacional del cooperativismo, la Direcci\u00f3n General de Cultura y Educaci\u00f3n en articulaci\u00f3n con la Cooperativa El\u00e9ctrica de Saladillo (CES) organizaron una jornada para escuelas de la regi\u00f3n educativa Nro. 24 en un encuentro orientado para fortalecer los valores del asociativismo, la inclusi\u00f3n y el desarrollo solidario desde las aulas.<\/p>\n\n\n\n<p>En las instalaciones del CEC N\u00b0 801 \u201cMar\u00eda Elena Walsh\u201d, donde funciona una cooperativa escolar, estudiantes y docentes integrantes de Cooperativas escolares de las secundarias 1 y 3 de Roque P\u00e9rez, secundarias 2, 4 y 5, las secundarias 1, 2, 6 y la T\u00e9cnica N\u00b01 de Veinticinco de Mayo, junto a la Primaria N\u00b01 de Las Flores intercambiaron experiencias y planificaron acciones para fortalecer sus espacios en las escuelas y sus comunidades<\/p>\n\n\n\n<p>La directora provincial de Cooperaci\u00f3n y Participaci\u00f3n Comunitaria bonaerense, Rosana Merlos, subray\u00f3 la \u201cimportancia de construir colectivamente estrategias y acciones que fortalezcan la cooperaci\u00f3n y la participaci\u00f3n comunitaria en las escuelas bonaerenses\u201d. \u201cEn cumplimiento con la ley provincial y la ley nacional de educaci\u00f3n, garantizamos la formaci\u00f3n, el reconocimiento oficial y el seguimiento de estos proyectos pedag\u00f3gicos que democratizan el espacio escolar y nos permiten profundizar la dimensi\u00f3n socio comunitaria de las escuelas, estamos muy orgullosos de todo el trabajo que vienen realizando desde la regi\u00f3n y cada uno de los distritos\u201d, agreg\u00f3.<\/p>\n\n\n\n<p>El evento en el que acompa\u00f1aron las Cooperativas de servicios y producci\u00f3n de Saladillo agrupadas en Intercoops, invit\u00f3 a \u201cimpulsar los valores del ma\u00f1ana\u201d, por lo que, \u201cdesde su rol como gestora social y promotora hist\u00f3rica de la ayuda mutua en la localidad, la CES propuso esta iniciativa que celebra ocho d\u00e9cadas de trayectoria del cooperativismo en las escuelas bonaerenses\u201d indic\u00f3 la presidenta de la Cooperativa El\u00e9ctrica, Prof. Marcela Barreiro.<\/p>\n\n\n\n<p>Participaron de la jornada las Subdirectoras de Cooperaci\u00f3n y Participaci\u00f3n Comunitaria, Silvina Cotignola y Eva Fern\u00e1ndez, la Subdirectora de Copret, Eliana Catena, el director de fiscalizaci\u00f3n del IPAC, Facundo Villalba, el intendente municipal, Ing. Jos\u00e9 Luis Salom\u00f3n, la Jefa regional de educaci\u00f3n, Fernanda Catulo, el Jefe Distrital, Hern\u00e1n Ponce, la asesora de la Direcci\u00f3n de Psicolog\u00eda Social y Pedagog\u00eda Comunitaria, Mariana Rodr\u00edguez, y Mirta Coloschi y Mariela Castro de los equipos t\u00e9cnicos regionales del CIIE, en representaci\u00f3n de la Direcci\u00f3n de Formaci\u00f3n Docente Permanente.<\/p>\n\n\n\n<hr class=\"wp-block-separator has-alpha-channel-opacity\"\/>\n\n\n\n<p>|| COOPERATIVAS ESCOLARES | La CES ser\u00e1 anfitriona de un encuentro de estudiantes de la regi\u00f3n 24<\/p>\n\n\n\n<p>En el marco de la celebraci\u00f3n por los 80 a\u00f1os de Cooperativismo Escolar en la Provincia de Buenos Aires, la Cooperativa El\u00e9ctrica de Saladillo (CES) recibir\u00e1 a las comunidades educativas de la regi\u00f3n para una jornada orientada a fortalecer los valores del asociativismo, la inclusi\u00f3n y el desarrollo solidario desde las aulas. <\/p>\n\n\n\n<figure class=\"wp-block-image size-full is-resized\"><img loading=\"lazy\" decoding=\"async\" width=\"200\" height=\"200\" src=\"https:\/\/acasaladillo.com.ar\/wp-content\/uploads\/2026\/05\/WhatsApp-Image-2026-07-01-at-08.41.49.jpeg\" alt=\"\" class=\"wp-image-63557\" style=\"width:304px;height:auto\" srcset=\"https:\/\/acasaladillo.com.ar\/wp-content\/uploads\/2026\/05\/WhatsApp-Image-2026-07-01-at-08.41.49.jpeg 200w, https:\/\/acasaladillo.com.ar\/wp-content\/uploads\/2026\/05\/WhatsApp-Image-2026-07-01-at-08.41.49-160x160.jpeg 160w\" sizes=\"auto, (max-width: 200px) 100vw, 200px\" \/><\/figure>\n\n\n\n<p>La (CES) ser\u00e1 la entidad anfitriona del pr\u00f3ximo Encuentro de Cooperativas Escolares, el pr\u00f3ximo viernes 3 de julio a partir de las 8:30 horas en las instalaciones del CEC N\u00b0 801 \u201cMar\u00eda Elena Walsh\u201d, ubicado en M. Ib\u00e1\u00f1ez Frochman 2750, Saladillo, adelantando los festejos del d\u00eda internacional del cooperativismo que se celebra el primer s\u00e1bado de julio de cada a\u00f1o.<\/p>\n\n\n\n<p>Este relevante espacio de intercambio y formaci\u00f3n pedag\u00f3gica cuenta con la coorganizaci\u00f3n estrat\u00e9gica de la Direcci\u00f3n de Cooperaci\u00f3n y Participaci\u00f3n Comunitaria, la Subsecretar\u00eda de Educaci\u00f3n, y la Direcci\u00f3n General de Cultura y Educaci\u00f3n del Gobierno de la Provincia de Buenos Aires.<\/p>\n\n\n\n<p>El evento propone \u201cimpulsar los valores del ma\u00f1ana\u201d, por lo que, desde su rol como actor social central y promotor hist\u00f3rico de la ayuda mutua en la localidad, la CES acompa\u00f1a activamente esta iniciativa que celebra ocho d\u00e9cadas de trayectoria del cooperativismo en las escuelas bonaerenses\u201d indic\u00f3 la presidenta de la Cooperativa El\u00e9ctrica, Prof. Marcela Barreiro.<\/p>\n\n\n\n<p>El encuentro convoca a alumnos, docentes y directivos con el prop\u00f3sito de visibilizar proyectos pedag\u00f3gicos comunes, incentivar la participaci\u00f3n activa de los j\u00f3venes y consolidar redes democr\u00e1ticas de trabajo dentro de los establecimientos escolares.<\/p>\n\n\n\n<p>La organizaci\u00f3n invita la comunidad a acompa\u00f1ar el desarrollo del evento, el cual consolida a Saladillo como un punto de encuentro clave para el crecimiento colectivo basado en la solidaridad y el esfuerzo compartido.<\/p>\n\n\n\n<hr class=\"wp-block-separator has-alpha-channel-opacity\"\/>\n\n\n\n<p><strong>|| SERVICIO EL\u00c9CTRICO EN TOLEDO | CES Energ\u00eda realiz\u00f3 un operativo de mejora de elementos en l\u00edneas de media tensi\u00f3n<\/strong>.<\/p>\n\n\n\n<figure class=\"wp-block-gallery has-nested-images columns-default is-cropped wp-block-gallery-2 is-layout-flex wp-block-gallery-is-layout-flex\">\n<figure class=\"wp-block-image size-large\"><img loading=\"lazy\" decoding=\"async\" width=\"135\" height=\"300\" data-id=\"63543\" src=\"https:\/\/acasaladillo.com.ar\/wp-content\/uploads\/2026\/05\/WhatsApp-Image-2026-06-20-at-14.20.02.jpeg\" alt=\"\" class=\"wp-image-63543\"\/><\/figure>\n\n\n\n<figure class=\"wp-block-image size-large\"><img loading=\"lazy\" decoding=\"async\" width=\"169\" height=\"300\" data-id=\"63544\" src=\"https:\/\/acasaladillo.com.ar\/wp-content\/uploads\/2026\/05\/WhatsApp-Image-2026-06-20-at-14.20.06.jpeg\" alt=\"\" class=\"wp-image-63544\" srcset=\"https:\/\/acasaladillo.com.ar\/wp-content\/uploads\/2026\/05\/WhatsApp-Image-2026-06-20-at-14.20.06.jpeg 169w, https:\/\/acasaladillo.com.ar\/wp-content\/uploads\/2026\/05\/WhatsApp-Image-2026-06-20-at-14.20.06-160x284.jpeg 160w\" sizes=\"auto, (max-width: 169px) 100vw, 169px\" \/><\/figure>\n<\/figure>\n\n\n\n<p>Cuadrillas de trabajo de CES Energ\u00eda realizaron este s\u00e1bado un importante operativo de reemplazo de aisladores de retenci\u00f3n en las columnas de las l\u00edneas de media tensi\u00f3n que distribuyen energ\u00eda hasta la localidad del interior del partido.<\/p>\n\n\n\n<p>La tarea se realiz\u00f3 despu\u00e9s de una jornada en que las inclemencias clim\u00e1ticas provocaron reiterados cortes en el suministro el pasado jueves.<\/p>\n\n\n\n<p>El recambio de cerca de un centenar de elementos ubicados en las cumbres de las columnas de distribuci\u00f3n a lo largo del tendido el\u00e9ctrico se concret\u00f3 en un corte programado que se repetir\u00e1 en los pr\u00f3ximos d\u00edas para continuar con el recambio de elementos que puedan presentar signos de deterioro.<\/p>\n\n\n\n<p>Los aisladores de retenci\u00f3n (o de anclaje) son componentes clave que sostienen mec\u00e1nicamente la tensi\u00f3n de los cables y a\u00edslan el\u00e9ctricamente los conductores energizados de los postes de soporte (generalmente en \u00e1ngulos, curvas o tramos terminales). Suelen fallar por una combinaci\u00f3n de estr\u00e9s mec\u00e1nico extremo, contaminaci\u00f3n ambiental y degradaci\u00f3n del material.<\/p>\n\n\n\n<p>Cabe se\u00f1alar que las l\u00edneas que proveen energ\u00eda a esas localidades son parte de la obra de renovaci\u00f3n de l\u00edneas ejecutada en el a\u00f1o 2023, por lo que se descarta que las fallas sean por el estado de la red de distribuci\u00f3n.<\/p>\n\n\n\n<hr class=\"wp-block-separator has-alpha-channel-opacity\"\/>\n\n\n\n<p><strong>|| AVANCES DE GESTI\u00d3N | La CES realiz\u00f3 una Asamblea informativa de delegados con la evoluci\u00f3n de inversiones y proyectos de impacto social y productivo.<\/strong> <\/p>\n\n\n\n<figure class=\"wp-block-gallery has-nested-images columns-default is-cropped wp-block-gallery-3 is-layout-flex wp-block-gallery-is-layout-flex\">\n<figure class=\"wp-block-image size-large\"><img loading=\"lazy\" decoding=\"async\" width=\"400\" height=\"225\" data-id=\"63540\" src=\"https:\/\/acasaladillo.com.ar\/wp-content\/uploads\/2026\/05\/WhatsApp-Image-2026-06-19-at-21.19.12.jpeg\" alt=\"\" class=\"wp-image-63540\" srcset=\"https:\/\/acasaladillo.com.ar\/wp-content\/uploads\/2026\/05\/WhatsApp-Image-2026-06-19-at-21.19.12.jpeg 400w, https:\/\/acasaladillo.com.ar\/wp-content\/uploads\/2026\/05\/WhatsApp-Image-2026-06-19-at-21.19.12-300x169.jpeg 300w, https:\/\/acasaladillo.com.ar\/wp-content\/uploads\/2026\/05\/WhatsApp-Image-2026-06-19-at-21.19.12-260x146.jpeg 260w, https:\/\/acasaladillo.com.ar\/wp-content\/uploads\/2026\/05\/WhatsApp-Image-2026-06-19-at-21.19.12-160x90.jpeg 160w\" sizes=\"auto, (max-width: 400px) 100vw, 400px\" \/><\/figure>\n\n\n\n<figure class=\"wp-block-image size-large\"><img loading=\"lazy\" decoding=\"async\" width=\"300\" height=\"169\" data-id=\"63539\" src=\"https:\/\/acasaladillo.com.ar\/wp-content\/uploads\/2026\/05\/WhatsApp-Image-2026-06-19-at-21.39.40.jpeg\" alt=\"\" class=\"wp-image-63539\" srcset=\"https:\/\/acasaladillo.com.ar\/wp-content\/uploads\/2026\/05\/WhatsApp-Image-2026-06-19-at-21.39.40.jpeg 300w, https:\/\/acasaladillo.com.ar\/wp-content\/uploads\/2026\/05\/WhatsApp-Image-2026-06-19-at-21.39.40-260x146.jpeg 260w, https:\/\/acasaladillo.com.ar\/wp-content\/uploads\/2026\/05\/WhatsApp-Image-2026-06-19-at-21.39.40-160x90.jpeg 160w\" sizes=\"auto, (max-width: 300px) 100vw, 300px\" \/><\/figure>\n<\/figure>\n\n\n\n<p>Despu\u00e9s de trascurrir seis meses de gesti\u00f3n y pr\u00f3ximo al cierre del Ejercicio econ\u00f3mico financiero 2025 \u2013 2026 referentes del Consejo de Administraci\u00f3n y t\u00e9cnicos presentaron detalles de los avances logrados, y del rumbo que va tomando la Cooperativa El\u00e9ctrica de Saladillo en sus diferentes \u00e1reas de servicios y producci\u00f3n.<br>Desde CESPAZ se inform\u00f3 que el \u00e1rea se encuentra cumpliendo con su objetivo fundacional, \u201cbrindar igualdad de oportunidades\u201d, por lo que m\u00e1s all\u00e1 de mantener el valor de las cuotas sociales sobre el punto de equilibrio, \u201cse ha logrado invertir en modernas unidades y en la puesta en valor de los espacios de prestaci\u00f3n de servicio, a partir del incremento del n\u00famero de adherentes\u201d.<br>La f\u00e1brica de pretensados de hormig\u00f3n, CESPRET, ha registrado en estos \u00faltimos seis meses una evoluci\u00f3n con el desaf\u00edo de lograr un posicionamiento competitivo, mediante la incorporaci\u00f3n de nuevas herramientas de gesti\u00f3n y la puesta en marcha de un plan de inversiones para la mejora de la estructura de su l\u00ednea de producci\u00f3n.<br>Por su parte desde CESTEL se mostraron importantes logros basados en una inversi\u00f3n permanente en nuevas tecnolog\u00edas y una expansi\u00f3n estrat\u00e9gica orientada a cubrir las diferentes localidades del interior del Partido de Saladillo.<br>\u2714 M\u00e1s informaci\u00f3n de la Cooperativa El\u00e9ctrica de Saladillo CES<br>ACA: \ud83d\udc47<br>https:\/\/acasaladillo.com.ar\/?p=63428<br>Para CES Energ\u00eda se esperan grandes novedades con inversiones que se reflejar\u00e1n en m\u00e1s y mejor energ\u00eda para los pr\u00f3ximos 20 a\u00f1os, dado que durante la reuni\u00f3n sus t\u00e9cnicos hablaron del ambicioso plan de ampliaci\u00f3n de la sub estaci\u00f3n, el avance de la telemedici\u00f3n y la concreci\u00f3n de nuevos proyectos de energ\u00edas renovables, como lo es el cuarto parque solar que la CES est\u00e1 construyendo en Caz\u00f3n con recursos propios.<br>Al cierre de la reuni\u00f3n la presidente de la entidad, Prof. Marcela Barreiro, coment\u00f3 que los avances conseguidos est\u00e1n apoyados en una gesti\u00f3n que procura involucrar a la Cooperativa en las necesidades y proyectos comunitarios que generen impacto positivo en todos los saladillenes<\/p>\n\n\n\n<hr class=\"wp-block-separator has-alpha-channel-opacity\"\/>\n\n\n\n<p><strong>|| SERVICIO EL\u00c9CTRICO EN TOLEDO | Personal de guardia trabaja desde ayer para detectar falla en la red de distribuci\u00f3n.<\/strong>  <\/p>\n\n\n\n<figure class=\"wp-block-image size-full\"><img loading=\"lazy\" decoding=\"async\" width=\"169\" height=\"300\" src=\"https:\/\/acasaladillo.com.ar\/wp-content\/uploads\/2026\/05\/1111.jpg\" alt=\"\" class=\"wp-image-63536\" srcset=\"https:\/\/acasaladillo.com.ar\/wp-content\/uploads\/2026\/05\/1111.jpg 169w, https:\/\/acasaladillo.com.ar\/wp-content\/uploads\/2026\/05\/1111-160x284.jpg 160w\" sizes=\"auto, (max-width: 169px) 100vw, 169px\" \/><\/figure>\n\n\n\n<p>Desde las 14:00 del d\u00eda jueves personal de Guardia destacado en la localidad de Polvaredas viene trabajando, con el apoyo de refuerzos de personal t\u00e9cnico, abocado a la detecci\u00f3n de una falla que ha ocasionado recurrentes interrupciones del servicio el\u00e9ctrico.<\/p>\n\n\n\n<p>Durante varias horas, con condiciones clim\u00e1ticas adversas que propician la aparici\u00f3n de desperfectos en componentes de las l\u00edneas de distribuci\u00f3n, se registr\u00f3 la actuaci\u00f3n sutom\u00e0tica de los reconectadores en diferentes puntos, por lo que los usuarios del servicio de energ\u00eda en Toledo, Polvaredas, Acceso N\u00e9stor Kichner y zonas aleda\u00f1as experimentaron deficiencias en la provisi\u00f3n del insumo el\u00e9ctrico. Asimismo algunas maniobras realizadas para encontrar el problema repercutieron momentaneamente en Del Carril.<\/p>\n\n\n\n<p>Desde CES Energ\u00eda se informa que a\u00fan se est\u00e1 trabajando por sectores para encontrar el elemento da\u00f1ado, puesto que con las mejoras clim\u00e1ticas el mismo trabaja con normalidad. Para tal fin es posible que en las pr\u00f3ximas horas se anuncien cortes programados para esa zona, con el objetivo de continuar intentando identificarlo y proceder a su recambio.<\/p>\n\n\n\n<p>Cabe se\u00f1alar que las l\u00edneas que proveen energ\u00eda a esas localidades son parte de la obra de renovaci\u00f3n de l\u00edneas ejecutada en el a\u00f1o 2023, por lo que se descarta que las fallas sean por el estado de la red de distribuci\u00f3n.<\/p>\n\n\n\n<p><strong>| ACCI\u00d3N DE RECONECTADORES | <\/strong>Los reconectadores act\u00faan en las l\u00edneas de media tensi\u00f3n como interruptores autom\u00e1ticos inteligentes. Ante una falla (como un cortocircuito o una rama tocando un cable), se abren para cortar la corriente y luego intentan reconectarse solos unas veces. Si la falla es pasajera, la red se estabiliza; si es permanente, el equipo se abre definitivamente.<\/p>\n\n\n\n<p>Los reconectadores no act\u00faan directamente dentro de los hogares ni controlan el voltaje exacto que llega a los enchufes, sino que protegen la red de distribuci\u00f3n general. Sin embargo, indirectamente evitan da\u00f1os en los electrodom\u00e9sticos.<\/p>\n\n\n\n<p>Es importante saber que los reconectadores no son la \u00faltima barrera: Para proteger los artefactos sensibles en el hogar, el sistema el\u00e9ctrico depende de dispositivos locales. La protecci\u00f3n de los equipos en el hogar recae sobre los fusibles del transformador de a manzana, la llave t\u00e9rmica de cada casa y, en especial, de los protectores de tensi\u00f3n que puedan tener instalados los usuarios.<\/p>\n\n\n\n<hr class=\"wp-block-separator has-alpha-channel-opacity\"\/>\n\n\n\n<p><strong>LITETARTE \/ Nuevo encuentro del Taller en Cooparte para jugar, explorar y crear<\/strong>.<\/p>\n\n\n\n<figure class=\"wp-block-image size-full\"><img loading=\"lazy\" decoding=\"async\" width=\"225\" height=\"400\" src=\"https:\/\/acasaladillo.com.ar\/wp-content\/uploads\/2026\/05\/WhatsApp-Image-2026-06-17-at-12.19.21.jpeg\" alt=\"\" class=\"wp-image-63527\" srcset=\"https:\/\/acasaladillo.com.ar\/wp-content\/uploads\/2026\/05\/WhatsApp-Image-2026-06-17-at-12.19.21.jpeg 225w, https:\/\/acasaladillo.com.ar\/wp-content\/uploads\/2026\/05\/WhatsApp-Image-2026-06-17-at-12.19.21-169x300.jpeg 169w, https:\/\/acasaladillo.com.ar\/wp-content\/uploads\/2026\/05\/WhatsApp-Image-2026-06-17-at-12.19.21-160x284.jpeg 160w\" sizes=\"auto, (max-width: 225px) 100vw, 225px\" \/><\/figure>\n\n\n\n<p>Este s\u00e1bado 20 de junio se viene un nuevo encuentro de LiterArte, el taller de literatura y filosof\u00eda pensado para ni\u00f1os de 5 a 12 a\u00f1os que quieran explorar temas y cuestiones de la vida cotidiana a trav\u00e9s de la literatura y el di\u00e1logo filos\u00f3fico.<\/p>\n\n\n\n<p>La iniciativa propone partir de un texto literario (cuento, narraci\u00f3n, canci\u00f3n, etc.) para conversar y reflexionar sobre temas que les inquieten y, despu\u00e9s de un intercambio de ideas, realizar una actividad de producci\u00f3n literaria.<\/p>\n\n\n\n<p>Un espacio de creaci\u00f3n y exploraci\u00f3n conjunta, donde se fomenta el di\u00e1logo, la creatividad y la reflexi\u00f3n cr\u00edtica, a cargo de la profesora Marcela Montes, en el auditorio de la CES.<\/p>\n\n\n\n<p>De modalidad \u00abal sombrero\u00bb LiterArte aspira a que los ni\u00f1os desarrollen su pensamiento cr\u00edtico y su amor por la literatura.<\/p>\n\n\n\n<p>Los interesados en participar del nuevo encuentro del s\u00e1bado podr\u00e1n inscribirse por WA al 1144346109<\/p>\n\n\n\n<p>\u00bfPor qu\u00e9 filosof\u00eda en la infancia?<\/p>\n\n\n\n<p>\u00abPorque cualquier edad es propicia para el desarrollo del pensamiento filos\u00f3fico\u00bb indica Marcela. \u00abPorque las ni\u00f1as y los ni\u00f1os tienen esa capacidad de asombro que se necesita para ser buenas o buenos fil\u00f3sofos\u00bb. \u00abPorque ven el mundo que les rodea con curiosidad\u00bb y tambi\u00e9n \u00abporque estimulando la argumentaci\u00f3n, dando orden a sus ideas y profundizando sobre su comprensi\u00f3n del mundo, aprenden a escuchar, a respetar opiniones diferentes y a usar el di\u00e1logo para resolver conflictos\u00bb.<\/p>\n\n\n\n<hr class=\"wp-block-separator has-alpha-channel-opacity\"\/>\n\n\n\n<p><strong>PASANT\u00cdAS EN LA CES | Alumnos de Escuelas T\u00e9cnicas realizan tramos educativos en entornos laborales.<\/strong> <\/p>\n\n\n\n<figure class=\"wp-block-image size-full is-style-default\"><img loading=\"lazy\" decoding=\"async\" width=\"318\" height=\"400\" src=\"https:\/\/acasaladillo.com.ar\/wp-content\/uploads\/2026\/05\/WhatsApp-Image-2026-06-16-at-13.12.47.jpeg\" alt=\"\" class=\"wp-image-63526\" srcset=\"https:\/\/acasaladillo.com.ar\/wp-content\/uploads\/2026\/05\/WhatsApp-Image-2026-06-16-at-13.12.47.jpeg 318w, https:\/\/acasaladillo.com.ar\/wp-content\/uploads\/2026\/05\/WhatsApp-Image-2026-06-16-at-13.12.47-239x300.jpeg 239w, https:\/\/acasaladillo.com.ar\/wp-content\/uploads\/2026\/05\/WhatsApp-Image-2026-06-16-at-13.12.47-260x327.jpeg 260w, https:\/\/acasaladillo.com.ar\/wp-content\/uploads\/2026\/05\/WhatsApp-Image-2026-06-16-at-13.12.47-160x201.jpeg 160w\" sizes=\"auto, (max-width: 318px) 100vw, 318px\" \/><\/figure>\n\n\n\n<p>Como acci\u00f3n de intercambio interinstitucional y en el marco de un proyecto de pasant\u00edas que se impulsa desde la Cooperativa El\u00e9ctrica de Saladillo (CES), alumnos de escuelas secundarias realizan pr\u00e1cticas profesionalizantes.<\/p>\n\n\n\n<p>Integr\u00e1ndolos a tareas espec\u00edficas y relacionadas a las orientaciones que cursan la Cooperativa recibe a estudiantes del \u00faltimo a\u00f1o en diferentes \u00e1reas de servicios y producci\u00f3n.<\/p>\n\n\n\n<p>Durante la primera mitad del a\u00f1o recibi\u00f3 a j\u00f3venes que cursan la orientaci\u00f3n de t\u00e9cnicos en programaci\u00f3n de la Escuela T\u00e9cnica Nro. 1 de Saladillo, quienes se desempe\u00f1aron en CESTEL, como tambi\u00e9n a alumnas de la carrera de administraci\u00f3n del CFR \u201cLas Margaritas\u201d que se integraron al \u00e1rea administrativa de CESPAZ en la ejecuci\u00f3n de una campa\u00f1a de promoci\u00f3n del servicio.<\/p>\n\n\n\n<p>Las pr\u00e1cticas profesionalizantes en las escuelas t\u00e9cnicas de la Provincia de Buenos Aires son actividades formativas obligatorias que buscan que los estudiantes consoliden y apliquen saberes y habilidades para el mundo laboral, acerc\u00e1ndolos a su futuro perfil profesional a trav\u00e9s de formatos como pasant\u00edas en empresas, proyectos productivos institucionales o comunitarios, y empresas simuladas. Estas pr\u00e1cticas, reguladas por la Ley de Educaci\u00f3n T\u00e9cnico Profesional, permiten a los estudiantes del \u00faltimo a\u00f1o de las tecnicaturas integrar los conocimientos adquiridos con las pr\u00e1cticas productivas, fomentando el desarrollo de competencias profesionales y la articulaci\u00f3n con el sector socio productivo.<\/p>\n\n\n\n<p>Al respecto la presidena de la CES, Prof. Marcela Barreiro, coment\u00f3 que \u201cla actividad es pensada desde la Cooperativa en el marco de otras acciones que buscan potenciar el desarrollo de las personas, ya que de esa manera se fortalece tambi\u00e9n el sistema educativo\u201d.<\/p>\n\n\n\n<hr class=\"wp-block-separator has-alpha-channel-opacity\"\/>\n\n\n\n<p><strong>GESTI\u00d3N COOPERATIVA \/\/ Saladillo y Bol\u00edvar fortalecen la integraci\u00f3n con un intercambio de experiencias <\/strong><\/p>\n\n\n\n<figure class=\"wp-block-image size-full\"><img loading=\"lazy\" decoding=\"async\" width=\"400\" height=\"152\" src=\"https:\/\/acasaladillo.com.ar\/wp-content\/uploads\/2026\/05\/WhatsApp-Image-2026-06-12-at-09.06.26.jpeg\" alt=\"\" class=\"wp-image-63516\" srcset=\"https:\/\/acasaladillo.com.ar\/wp-content\/uploads\/2026\/05\/WhatsApp-Image-2026-06-12-at-09.06.26.jpeg 400w, https:\/\/acasaladillo.com.ar\/wp-content\/uploads\/2026\/05\/WhatsApp-Image-2026-06-12-at-09.06.26-300x114.jpeg 300w, https:\/\/acasaladillo.com.ar\/wp-content\/uploads\/2026\/05\/WhatsApp-Image-2026-06-12-at-09.06.26-260x99.jpeg 260w, https:\/\/acasaladillo.com.ar\/wp-content\/uploads\/2026\/05\/WhatsApp-Image-2026-06-12-at-09.06.26-160x61.jpeg 160w\" sizes=\"auto, (max-width: 400px) 100vw, 400px\" \/><\/figure>\n\n\n\n<p>En el marco del principio cooperativo de integraci\u00f3n, autoridades y t\u00e9cnicos de la CES recibieon a integrantes de la Cooperativa El\u00e9ctrica de Bol\u00edvar, que llegaron a interiorizarse sobre el Programa de energ\u00edas renovables, adem\u00e1s de c\u00f3mo la CES realiza la telemedicion, el uso del scada, y c\u00f3mo se et\u00e1n planteando los avances en las obras de ampliaci\u00f3n de la ET Transba y de iluminaci\u00f3n de la RN205, \u00e9sta \u00faltima con la inversi\u00f3n municipal.<\/p>\n\n\n\n<p>La jornada el objetivo de mostrar c\u00f3mo Saladillo viene posicion\u00e1ndose en el \u00e1mbito nacional con el mayor n\u00famero de parques solares por cantidad de habitantes.<\/p>\n\n\n\n<p>El encuentro permiti\u00f3 intercambiar ideas de gesti\u00f3n y poner en valor el trabajo articulado entre cooperativas de la regi\u00f3n.<\/p>\n\n\n\n<hr class=\"wp-block-separator has-alpha-channel-opacity\"\/>\n\n\n\n<p><strong>SERVICIOS P\u00daBLICOS El Ministro de Servicios e Infraestructura de la Provincia de Buenos Aires visit\u00f3 la CES.<\/strong> <\/p>\n\n\n\n<figure class=\"wp-block-image size-full\"><img loading=\"lazy\" decoding=\"async\" width=\"400\" height=\"214\" src=\"https:\/\/acasaladillo.com.ar\/wp-content\/uploads\/2026\/05\/WhatsApp-Image-2026-06-10-at-20.33.25.jpeg\" alt=\"\" class=\"wp-image-63513\" srcset=\"https:\/\/acasaladillo.com.ar\/wp-content\/uploads\/2026\/05\/WhatsApp-Image-2026-06-10-at-20.33.25.jpeg 400w, https:\/\/acasaladillo.com.ar\/wp-content\/uploads\/2026\/05\/WhatsApp-Image-2026-06-10-at-20.33.25-300x161.jpeg 300w, https:\/\/acasaladillo.com.ar\/wp-content\/uploads\/2026\/05\/WhatsApp-Image-2026-06-10-at-20.33.25-260x139.jpeg 260w, https:\/\/acasaladillo.com.ar\/wp-content\/uploads\/2026\/05\/WhatsApp-Image-2026-06-10-at-20.33.25-160x86.jpeg 160w\" sizes=\"auto, (max-width: 400px) 100vw, 400px\" \/><\/figure>\n\n\n\n<p>En una reuni\u00f3n compartida entre miembros del Consejo de Administraci\u00f3n de la CES y el ministro, se abordaron aspectos vinculados a los servicios p\u00fablicos y al desarrollo estrat\u00e9gico de Saladillo.<\/p>\n\n\n\n<p>Durante el encuentro, del que participaron adem\u00e1s el Dir. provincial de vinculaci\u00f3n e integraci\u00f3n regional, Oscar Minteguia, y Miguela Varela, Directora de Entramados Productivos del Ministerio de Infraestructura y Servicios P\u00fablicos bonaerense, se destac\u00f3 que la Provincia de Buenos Aires, junto con la cooperativa el\u00e9ctrica local y a trav\u00e9s de PROINGED, viene impulsando un ambicioso proyecto de generaci\u00f3n de energ\u00edas renovables con la creaci\u00f3n de parques solares. En ese contexto, la Cooperativa El\u00e9ctrica de Saladillo con recursos propios est\u00e1 ejecutando la obra del cuarto parque solar para el partido, lo que posiciona a la localidad entre las m\u00e1s pujantes en generaci\u00f3n de energ\u00edas limpias.<\/p>\n\n\n\n<p>Los referentes de la CES plantearon al ministro provincial distintas inquietudes y presentaron planes de obras orientados al desarrollo estrat\u00e9gico y sostenible de Saladillo en materia energ\u00e9tica y de servicios p\u00fablicos.<\/p>\n\n\n\n<p>Desde el Consejo de Administraci\u00f3n de la Cooperativa El\u00e9ctrica de Saladillo manifestaron su satisfacci\u00f3n por el compromiso asumido por las autoridades provinciales para acompa\u00f1ar los diferentes proyectos que la cooperativa tiene en marcha y aquellos que se comenzar\u00e1n a ejecutar en el corto plazo de gran impacto para la comunidad y que exceden la mera prestaci\u00f3n de servicios.<\/p>\n\n\n\n<hr class=\"wp-block-separator has-alpha-channel-opacity\"\/>\n\n\n\n<p><strong>|| CESPAZ EN DEL CARRIL | Avanza la puesta en valor de la sala de servicios sociales.<\/strong><\/p>\n\n\n\n<figure class=\"wp-block-image size-full\"><img loading=\"lazy\" decoding=\"async\" width=\"400\" height=\"225\" src=\"https:\/\/acasaladillo.com.ar\/wp-content\/uploads\/2026\/05\/7e648caa-e7ea-4418-93b8-d8d815eb2838.jpg\" alt=\"\" class=\"wp-image-63510\" srcset=\"https:\/\/acasaladillo.com.ar\/wp-content\/uploads\/2026\/05\/7e648caa-e7ea-4418-93b8-d8d815eb2838.jpg 400w, https:\/\/acasaladillo.com.ar\/wp-content\/uploads\/2026\/05\/7e648caa-e7ea-4418-93b8-d8d815eb2838-300x169.jpg 300w, https:\/\/acasaladillo.com.ar\/wp-content\/uploads\/2026\/05\/7e648caa-e7ea-4418-93b8-d8d815eb2838-260x146.jpg 260w, https:\/\/acasaladillo.com.ar\/wp-content\/uploads\/2026\/05\/7e648caa-e7ea-4418-93b8-d8d815eb2838-160x90.jpg 160w\" sizes=\"auto, (max-width: 400px) 100vw, 400px\" \/><\/figure>\n\n\n\n<p>En un trabajo coordinado entre el Municipio de Saladillo, a cargo de la licitaci\u00f3n para la puesta en valor de la sala de uso de CESPAZ en Del Carril, y la Cooperativa El\u00e9ctrica local se est\u00e1 avanzando en la obra.<\/p>\n\n\n\n<p>Los trabajos, cuyo plazo de ejecuci\u00f3n es de 45 d\u00edas, comprende la impermeabilizaci\u00f3n de cargas y colocaci\u00f3n de babetas en la cubierta, hidrolavado y pintura del exterior del edificio y salas, adem\u00e1s del recambio de tanque de reserva y sellado de aberturas.<\/p>\n\n\n\n<p>Con esta puesta en valor se procura igualar las condiciones de servicio a los adherentes de Del Carril, dado que es obligaci\u00f3n de la Cooperativa brindar a los socios de esa localidad un servicio id\u00e9ntico a los que se brinda en la ciudad cabecera\u201d coment\u00f3 la presidenta de la CES, Prof. Marcela Barreiro, destacando el compromiso puesto de manifiesto por el municipio para contribuir a la mejora de la infraestructura de uso de CESPAZ.<\/p>\n\n\n\n<hr class=\"wp-block-separator has-alpha-channel-opacity\"\/>\n\n\n\n<p><strong>BUENOS VECINOS | CESTEL lanza su plan \u201cVecindad\u201d una soluci\u00f3n a la conectividad en edificios<\/strong> <\/p>\n\n\n\n<figure class=\"wp-block-image size-full\"><img loading=\"lazy\" decoding=\"async\" width=\"318\" height=\"400\" src=\"https:\/\/acasaladillo.com.ar\/wp-content\/uploads\/2026\/05\/WhatsApp-Image-2026-06-04-at-11.35.46.jpeg\" alt=\"\" class=\"wp-image-63497\" srcset=\"https:\/\/acasaladillo.com.ar\/wp-content\/uploads\/2026\/05\/WhatsApp-Image-2026-06-04-at-11.35.46.jpeg 318w, https:\/\/acasaladillo.com.ar\/wp-content\/uploads\/2026\/05\/WhatsApp-Image-2026-06-04-at-11.35.46-239x300.jpeg 239w, https:\/\/acasaladillo.com.ar\/wp-content\/uploads\/2026\/05\/WhatsApp-Image-2026-06-04-at-11.35.46-260x327.jpeg 260w, https:\/\/acasaladillo.com.ar\/wp-content\/uploads\/2026\/05\/WhatsApp-Image-2026-06-04-at-11.35.46-160x201.jpeg 160w\" sizes=\"auto, (max-width: 318px) 100vw, 318px\" \/><\/figure>\n\n\n\n<p>Con la inauguraci\u00f3n del edificio \u201cGlass IX\u201d, ubicado en la calle Posadas entre Belgrano y Moreno, CESTEL pone en marcha una nueva opci\u00f3n para dotar de servicio triple play a los complejos habitacionales y consorcios de edificios de Saladillo.<\/p>\n\n\n\n<p>En la presentaci\u00f3n del desarrollo inmobiliario de Coninarq Group, bajo la direcci\u00f3n de la arquitecta Antonela Mengarelli, qued\u00f3 operativa la red interna de fibra \u00f3ptica directa de CESTEL que permite contar con un paquete de servicios que integra en una sola entrada, internet de banda ancha, televisi\u00f3n Pack Full HD y telefon\u00eda fija.<\/p>\n\n\n\n<p>La experiencia que da origen al \u201cPlan Vecindario\u201d de CESTEL promete replicarse en otros emprendimientos y proyectos de obras, dado que agiliza el acceso a servicios tecnol\u00f3gicos a los futuros habitantes de cada nuevo emprendimiento urbano, al tiempo que da valor agregado al edificio.<\/p>\n\n\n\n<p>Desde CESTEL se celebr\u00f3 esta inversi\u00f3n de emprendedores locales integr\u00e1ndose al proyecto con sus servicios, aportando los materiales, el cableado, mano de obra y la interconexi\u00f3n de la fibra \u00f3ptica en el edificio.<\/p>\n\n\n\n<p>|| VECINDARIO | Vecindario es el nombre que recibe el nuevo plan de CESTEL para brindar soluciones a los emprendimientos urbanos nuevos y a los ya existentes.<\/p>\n\n\n\n<p>Se trata de un plan de internet de hasta 400 Mbps de bajada, dise\u00f1ado especialmente para consorcios de edificios, generando m\u00e1s beneficios, servicios integrados de triple play con conexi\u00f3n r\u00e1pida y segura para mejorar la calidad de vida de sus habitantes.<\/p>\n\n\n\n<p>Los proyectos inmobiliarios o los consorcios de edificios pueden obtener mayor informaci\u00f3n y hacer consultas por escrito al WhatsApp \/\/ 2344 406164 \/\/ entre las 08:00 y 14:00 o por mail a usuarios@coopsal.com.ar<\/p>\n\n\n\n<hr class=\"wp-block-separator has-alpha-channel-opacity\"\/>\n\n\n\n<p><strong>|| INTEGRACI\u00d3N T\u00c9CNICA | Acercamiento de la CES con la Universidad Nacional del Centro para impulsar trabajos sobre calidad de servicio.<\/strong><\/p>\n\n\n\n<figure class=\"wp-block-image size-full\"><img loading=\"lazy\" decoding=\"async\" width=\"500\" height=\"281\" src=\"https:\/\/acasaladillo.com.ar\/wp-content\/uploads\/2026\/05\/7c235568-b6af-4fdd-a2a4-15cf9ad09e4d.jpg\" alt=\"\" class=\"wp-image-63490\" srcset=\"https:\/\/acasaladillo.com.ar\/wp-content\/uploads\/2026\/05\/7c235568-b6af-4fdd-a2a4-15cf9ad09e4d.jpg 500w, https:\/\/acasaladillo.com.ar\/wp-content\/uploads\/2026\/05\/7c235568-b6af-4fdd-a2a4-15cf9ad09e4d-300x169.jpg 300w, https:\/\/acasaladillo.com.ar\/wp-content\/uploads\/2026\/05\/7c235568-b6af-4fdd-a2a4-15cf9ad09e4d-260x146.jpg 260w, https:\/\/acasaladillo.com.ar\/wp-content\/uploads\/2026\/05\/7c235568-b6af-4fdd-a2a4-15cf9ad09e4d-160x90.jpg 160w\" sizes=\"auto, (max-width: 500px) 100vw, 500px\" \/><\/figure>\n\n\n\n<p>En el marco del principio cooperativo de integraci\u00f3n, referentes del Consejo de Administraci\u00f3n y del \u00e1rea t\u00e9cnica de CES Energ\u00eda recibieron a docentes e investigadores del Laboratorio Industrial de M\u00e1quinas El\u00e9ctricas (LIDME), perteneciente a la Facultad de Ingenier\u00eda de la UNICEN, especializados en diagn\u00f3stico de fallas en m\u00e1quinas el\u00e9ctricas<\/p>\n\n\n\n<hr class=\"wp-block-separator has-alpha-channel-opacity\"\/>\n\n\n\n<p><strong>PUESTA EN VALOR \/ La CES puso operativas las torres de iluminaci\u00f3n del Estadio Daniel Carbonari<\/strong> <\/p>\n\n\n\n<figure class=\"wp-block-image size-full\"><img loading=\"lazy\" decoding=\"async\" width=\"400\" height=\"225\" src=\"https:\/\/acasaladillo.com.ar\/wp-content\/uploads\/2026\/05\/WhatsApp-Image-2026-06-01-at-11.44.38.jpeg\" alt=\"\" class=\"wp-image-63483\" srcset=\"https:\/\/acasaladillo.com.ar\/wp-content\/uploads\/2026\/05\/WhatsApp-Image-2026-06-01-at-11.44.38.jpeg 400w, https:\/\/acasaladillo.com.ar\/wp-content\/uploads\/2026\/05\/WhatsApp-Image-2026-06-01-at-11.44.38-300x169.jpeg 300w, https:\/\/acasaladillo.com.ar\/wp-content\/uploads\/2026\/05\/WhatsApp-Image-2026-06-01-at-11.44.38-260x146.jpeg 260w, https:\/\/acasaladillo.com.ar\/wp-content\/uploads\/2026\/05\/WhatsApp-Image-2026-06-01-at-11.44.38-160x90.jpeg 160w\" sizes=\"auto, (max-width: 400px) 100vw, 400px\" \/><\/figure>\n\n\n\n<p>La Cooperativa de Electricidad de Saladillo -CES- junto al Club Apeadero llevaron adelante los trabajos de puesta en valor de las torres de iluminaci\u00f3n del Estadio Daniel Carbonari afectadas, tiempo atr\u00e1s por un temporal.<\/p>\n\n\n\n<p>Las tareas incluyeron el recambio y retensado completo de cables en las cuatro torres, adem\u00e1s de la reparaci\u00f3n de falsos contactos en los reflectores, para garantizar un funcionamiento seguro y uniforme del sistema lum\u00ednico. La intervenci\u00f3n permite que el estadio cuente con condiciones \u00f3ptimas para entrenamientos y competencias nocturnas, mejorando la visibilidad y la seguridad para jugadores e hinchas.<\/p>\n\n\n\n<p>Desde la CES destacaron el compromiso de acompa\u00f1ar a las instituciones deportivas de la comunidad con asistencia t\u00e9cnica y mano de obra especializada. Por su parte, desde el Club Apeadero agradecieron la colaboraci\u00f3n y se\u00f1alaron que esta obra era una necesidad pendiente para potenciar el uso del estadio en horarios nocturnos.<\/p>\n\n\n\n<p>La iniciativa forma parte del trabajo conjunto entre la cooperativa y las entidades locales para fortalecer la infraestructura deportiva y social de Saladillo.<\/p>\n\n\n\n<hr class=\"wp-block-separator has-alpha-channel-opacity\"\/>\n\n\n\n<p><strong>AHORA \/\/ Avertencia por llamadas maliciosas.<\/strong><\/p>\n\n\n\n<p>Ante el aviso de usuarios informando haber recibido llamados telef\u00f3nicos avisando de un supuesto \u201ccorte de energ\u00eda\u201d desde la guardia advierte\u2026<\/p>\n\n\n\n<figure class=\"wp-block-image size-full\"><img loading=\"lazy\" decoding=\"async\" width=\"283\" height=\"400\" src=\"https:\/\/acasaladillo.com.ar\/wp-content\/uploads\/2026\/05\/11111.jpg\" alt=\"\" class=\"wp-image-63475\" srcset=\"https:\/\/acasaladillo.com.ar\/wp-content\/uploads\/2026\/05\/11111.jpg 283w, https:\/\/acasaladillo.com.ar\/wp-content\/uploads\/2026\/05\/11111-212x300.jpg 212w, https:\/\/acasaladillo.com.ar\/wp-content\/uploads\/2026\/05\/11111-260x367.jpg 260w, https:\/\/acasaladillo.com.ar\/wp-content\/uploads\/2026\/05\/11111-160x226.jpg 160w\" sizes=\"auto, (max-width: 283px) 100vw, 283px\" \/><\/figure>\n\n\n\n<p>Los cortes de luz reales solo son programados, o por alguna contingencia. No avisan llam\u00e1ndote por tel\u00e9fono.<\/p>\n\n\n\n<p>No atiendas esos llamados. Son intentos de estafa para asustarte y sacarte datos o plata.<\/p>\n\n\n\n<p>Qu\u00e9 hacer:<\/p>\n\n\n\n<ul class=\"wp-block-list\">\n<li>Si te llaman diciendo que van a cortarte la luz, colg\u00e1.<\/li>\n\n\n\n<li>Si ten\u00e9s duda, verific\u00e1 directo con tu distribuidora de energ\u00eda usando el n\u00famero oficial, no el que te dieron por tel\u00e9fono.<\/li>\n\n\n\n<li>No des datos personales ni sigas instrucciones de desconocidos.<\/li>\n<\/ul>\n\n\n\n<hr class=\"wp-block-separator has-alpha-channel-opacity\"\/>\n\n\n\n<p>Ante el fallecimiento de la exconsejera Silvia Lucio los integrantes del Consejo de Administraci\u00f3n, en representaci\u00f3n de asociados, personal administrativo y t\u00e9cnico, saludan a sus familiares y amigos, destacando su compromiso por el paso por la instituci\u00f3n.  <\/p>\n\n\n\n<figure class=\"wp-block-image size-full\"><img loading=\"lazy\" decoding=\"async\" width=\"375\" height=\"400\" src=\"https:\/\/acasaladillo.com.ar\/wp-content\/uploads\/2026\/05\/s.jpg\" alt=\"\" class=\"wp-image-63478\" srcset=\"https:\/\/acasaladillo.com.ar\/wp-content\/uploads\/2026\/05\/s.jpg 375w, https:\/\/acasaladillo.com.ar\/wp-content\/uploads\/2026\/05\/s-281x300.jpg 281w, https:\/\/acasaladillo.com.ar\/wp-content\/uploads\/2026\/05\/s-260x277.jpg 260w, https:\/\/acasaladillo.com.ar\/wp-content\/uploads\/2026\/05\/s-160x171.jpg 160w\" sizes=\"auto, (max-width: 375px) 100vw, 375px\" \/><\/figure>\n\n\n\n<p>Consejo de Administraci\u00f3n | Personal administrativo y t\u00e9cnico<\/p>\n\n\n\n<hr class=\"wp-block-separator has-alpha-channel-opacity\"\/>\n\n\n\n<p><strong>| VISITA EDUCATIVA | Alumnos de la Escuela t\u00e9cnica participaron de una jornada laboral en CESPRET.<\/strong><\/p>\n\n\n\n<p>Como parte de las acciones de fortalecimiento del sistema educativo que impulsa la Cooperativa El\u00e9ctrica local abri\u00f3 las puertas de su f\u00e1brica de pretensados de hormig\u00f3n, CESPRET, para que alumnos que cursan la tecnicatura de Maestro mayor de obra conocieran el proceso de producci\u00f3n. <\/p>\n\n\n\n<figure class=\"wp-block-image size-full\"><img loading=\"lazy\" decoding=\"async\" width=\"375\" height=\"412\" src=\"https:\/\/acasaladillo.com.ar\/wp-content\/uploads\/2026\/05\/05af9c00-259f-4890-b90f-d0e8c662a2ea.jpg\" alt=\"\" class=\"wp-image-63479\" srcset=\"https:\/\/acasaladillo.com.ar\/wp-content\/uploads\/2026\/05\/05af9c00-259f-4890-b90f-d0e8c662a2ea.jpg 375w, https:\/\/acasaladillo.com.ar\/wp-content\/uploads\/2026\/05\/05af9c00-259f-4890-b90f-d0e8c662a2ea-273x300.jpg 273w, https:\/\/acasaladillo.com.ar\/wp-content\/uploads\/2026\/05\/05af9c00-259f-4890-b90f-d0e8c662a2ea-260x286.jpg 260w, https:\/\/acasaladillo.com.ar\/wp-content\/uploads\/2026\/05\/05af9c00-259f-4890-b90f-d0e8c662a2ea-160x176.jpg 160w\" sizes=\"auto, (max-width: 375px) 100vw, 375px\" \/><\/figure>\n\n\n\n<p>Adem\u00e1s de integrarse en procesos de pr\u00e1cticas profesionalizantes, los alumnos de las instituciones educativas locales suelen realizar recorridos guiados por las \u00e1reas de servicio y producci\u00f3n de la CES, permitiendo a los estudiantes de nivel secundario y t\u00e9cnico conocer de primera mano el circuito operativo, el proceso de elaboraci\u00f3n y, en el caso de CESPRET, la fabricaci\u00f3n de productos pretensados y sus est\u00e1ndares de seguridad e higiene industrial.<\/p>\n\n\n\n<p>En esta oportunidad un grupo de estudiantes que cursan el quinto a\u00f1o de la especialidad Maestro Mayor de obra, acompa\u00f1ados por los Prof. Rosina Stella y Mauro Quiroga a cargo de la materia \u201cMateriales de obra\u201d, recorrieron las instalaciones de CESPRET para conocer el proceso productivo y comercial de estos productos que se generan en Saladillo con mano de obra local y se expanden a todo el pa\u00eds.<\/p>\n\n\n\n<hr class=\"wp-block-separator has-alpha-channel-opacity\"\/>\n\n\n\n<p><strong>|| ACCI\u00d3N COOPERATIVA | Nuevos aportes de la CES al Hospital Posadas<\/strong>.<\/p>\n\n\n\n<p>Con sentido de responsabilidad social y dando respuesta a necesidades en el campo sanitario la Cooperativa El\u00e9ctrica de Saladillo realiz\u00f3 un nuevo aporte al Hospital Doctor Posadas de Saladillo.<\/p>\n\n\n\n<figure class=\"wp-block-image size-full\"><img loading=\"lazy\" decoding=\"async\" width=\"500\" height=\"281\" src=\"https:\/\/acasaladillo.com.ar\/wp-content\/uploads\/2026\/05\/coop3.jpg\" alt=\"\" class=\"wp-image-63463\" srcset=\"https:\/\/acasaladillo.com.ar\/wp-content\/uploads\/2026\/05\/coop3.jpg 500w, https:\/\/acasaladillo.com.ar\/wp-content\/uploads\/2026\/05\/coop3-300x169.jpg 300w, https:\/\/acasaladillo.com.ar\/wp-content\/uploads\/2026\/05\/coop3-260x146.jpg 260w, https:\/\/acasaladillo.com.ar\/wp-content\/uploads\/2026\/05\/coop3-160x90.jpg 160w\" sizes=\"auto, (max-width: 500px) 100vw, 500px\" \/><\/figure>\n\n\n\n<p>La ayuda se concret\u00f3 con la entrega de un kit conformado por una desmalezadora y herramientas el\u00e9ctricas como atornilladores y sierra circular, adem\u00e1s de juegos de llaves y tubos que la administraci\u00f3n ha solicitado para fortalecer el \u00e1rea de mantenimiento general.<\/p>\n\n\n\n<p>Proponiendo programas integrales con pol\u00edticas universales desde la CES se trabaja en la asistencia de necesidades sociales, con recursos genuinos del aporte de los socios que benefician al conjunto de la comunidad. La CES es una empresa saladillense y el Hospital Posadas es un bien de todos los habitantes de Saladillo y la regi\u00f3n. <\/p>\n\n\n\n<hr class=\"wp-block-separator has-alpha-channel-opacity\"\/>\n\n\n\n<p><strong>CESTEL LLEG\u00d3 CON INTERNET A SALADILLO NORTE | En el marco del aniversario de la localidad la CES inaugur\u00f3 una importante obra de expansi\u00f3n.<\/strong><\/p>\n\n\n\n<p>Con una importante inversi\u00f3n, con recursos y mano de obra propia, CESTEL inaugur\u00f3 su llegada con los servicios de telefon\u00eda b\u00e1sica e internet por medio de fibra \u00f3ptica directa al hogar (FTTH) hasta la localidad del interior, brindando la misma oportunidad a los norte\u00f1os que se ha generado con la llegada del servicio a Caz\u00f3n, Del Carril, Polvaredas y Toledo.<\/p>\n\n\n\n<figure class=\"wp-block-image size-full\"><img loading=\"lazy\" decoding=\"async\" width=\"500\" height=\"281\" src=\"https:\/\/acasaladillo.com.ar\/wp-content\/uploads\/2026\/05\/coop2.jpg\" alt=\"\" class=\"wp-image-63464\" srcset=\"https:\/\/acasaladillo.com.ar\/wp-content\/uploads\/2026\/05\/coop2.jpg 500w, https:\/\/acasaladillo.com.ar\/wp-content\/uploads\/2026\/05\/coop2-300x169.jpg 300w, https:\/\/acasaladillo.com.ar\/wp-content\/uploads\/2026\/05\/coop2-260x146.jpg 260w, https:\/\/acasaladillo.com.ar\/wp-content\/uploads\/2026\/05\/coop2-160x90.jpg 160w\" sizes=\"auto, (max-width: 500px) 100vw, 500px\" \/><\/figure>\n\n\n\n<p>\u201cEl desembarco de CESTEL es parte de un gran proyecto que contempl\u00f3 brindar igualdad de oportunidades a todos los saladillenses, sin importar donde vivan\u201d coment\u00f3 la presidenta de la CES, Prof. Marcela Barreiro, al tiempo que destac\u00f3 que \u201ccon el soporte de esta red de fibra \u00f3ptica se avanzar\u00e1 en la prestaci\u00f3n de nuevos servicios a esta comunidad del interior y se profundizar\u00e1 el desarrollo de otras herramientas complementarias como la telemedici\u00f3n, el telecomando y la conexi\u00f3n para c\u00e1maras de seguridad en puntos geogr\u00e1ficos distantes de la planta urbana de Saladillo\u201d.<\/p>\n\n\n\n<p>Entre los beneficios de esta nueva obra de la CES se enfatiza en que los norte\u00f1os podr\u00e1n contar con un servicio de Internet por fibra \u00f3ptica de alta velocidad y estabilidad al mejor precio del mercado, en una amplia zona que contempla adem\u00e1s servir al nuevo barrio de viviendas planificado para esa zona.<\/p>\n\n\n\n<p>En la inauguraci\u00f3n se dej\u00f3 instalado y funcionando el servicio en la flamante sede del comando de patrullas, como aporte de la Cooperativa El\u00e9ctrica a la comunidad.<\/p>\n\n\n\n<p>Planes del servicio | En el acto de inauguraci\u00f3n se anunci\u00f3 que CESTEL estar\u00e1 adhiriendo nuevos usuarios con una oferta de ancho de banda igual que en Saladillo y con el compromiso de la CES de mantener siempre el valor m\u00e1s bajo del mercado.<\/p>\n\n\n\n<hr class=\"wp-block-separator has-alpha-channel-opacity\"\/>\n\n\n\n<p><strong>Saladillo y 9 de Julio fortalecen la integraci\u00f3n cooperativa con un intercambio de experiencias<\/strong><\/p>\n\n\n\n<p>En el marco del principio cooperativo de integraci\u00f3n, la Cooperativa El\u00e9ctrica de Saladillo recibi\u00f3 a integrantes de la Cooperativa Mariano Moreno de 9 de Julio, acompa\u00f1adospor referentes del municipiode esa localidad.<\/p>\n\n\n\n<figure class=\"wp-block-image size-full\"><img loading=\"lazy\" decoding=\"async\" width=\"400\" height=\"300\" src=\"https:\/\/acasaladillo.com.ar\/wp-content\/uploads\/2026\/05\/coop1.jpg\" alt=\"\" class=\"wp-image-63465\" srcset=\"https:\/\/acasaladillo.com.ar\/wp-content\/uploads\/2026\/05\/coop1.jpg 400w, https:\/\/acasaladillo.com.ar\/wp-content\/uploads\/2026\/05\/coop1-300x225.jpg 300w, https:\/\/acasaladillo.com.ar\/wp-content\/uploads\/2026\/05\/coop1-260x195.jpg 260w, https:\/\/acasaladillo.com.ar\/wp-content\/uploads\/2026\/05\/coop1-160x120.jpg 160w\" sizes=\"auto, (max-width: 400px) 100vw, 400px\" \/><\/figure>\n\n\n\n<p>La jornada tuvo como objetivo mostrar c\u00f3mo Saladillo tiene instrumentado su sistema de gesti\u00f3n, con especial foco en los procedimientos administrativos que involucran a los profesionales matriculados, el control t\u00e9cnico y la organizaci\u00f3n que garantiza conexiones para un servicio eficiente y seguro.<\/p>\n\n\n\n<p>El encuentro permiti\u00f3 compartir herramientas, resolver consultas y poner en valor el trabajo articulado entre cooperativas de la regi\u00f3n.<\/p>\n\n\n\n<p>Esta instancia de cooperaci\u00f3n reafirma el compromiso de ambas instituciones de crecer juntos, aprendiendo de la experiencia del otro para brindar mejores servicios a sus comunidades<\/p>\n\n\n\n<hr class=\"wp-block-separator has-alpha-channel-opacity\"\/>\n\n\n\n<p><strong>|| CUMPLEA\u00d1OS FELIZ | CESTEL Celebra el aniversario de Saladillo Norte llegando con sus servicios a la localidad.<\/strong><\/p>\n\n\n\n<figure class=\"wp-block-image size-full is-resized\"><img loading=\"lazy\" decoding=\"async\" width=\"1080\" height=\"1350\" src=\"https:\/\/acasaladillo.com.ar\/wp-content\/uploads\/2026\/05\/WhatsApp-Image-2026-05-20-at-10.21.13.jpeg\" alt=\"\" class=\"wp-image-63456\" style=\"width:455px;height:auto\" srcset=\"https:\/\/acasaladillo.com.ar\/wp-content\/uploads\/2026\/05\/WhatsApp-Image-2026-05-20-at-10.21.13.jpeg 1080w, https:\/\/acasaladillo.com.ar\/wp-content\/uploads\/2026\/05\/WhatsApp-Image-2026-05-20-at-10.21.13-240x300.jpeg 240w, https:\/\/acasaladillo.com.ar\/wp-content\/uploads\/2026\/05\/WhatsApp-Image-2026-05-20-at-10.21.13-768x960.jpeg 768w, https:\/\/acasaladillo.com.ar\/wp-content\/uploads\/2026\/05\/WhatsApp-Image-2026-05-20-at-10.21.13-560x700.jpeg 560w, https:\/\/acasaladillo.com.ar\/wp-content\/uploads\/2026\/05\/WhatsApp-Image-2026-05-20-at-10.21.13-260x325.jpeg 260w, https:\/\/acasaladillo.com.ar\/wp-content\/uploads\/2026\/05\/WhatsApp-Image-2026-05-20-at-10.21.13-160x200.jpeg 160w\" sizes=\"auto, (max-width: 1080px) 100vw, 1080px\" \/><\/figure>\n\n\n\n<p>En el d\u00eda aniversario de la localidad de Saladillo Norte CESTEL anuncia su llegada con Internet de fibra \u00f3ptica directa al hogar y telefon\u00eda.<\/p>\n\n\n\n<p>El desembarco de CESTEL es parte de un gran proyecto que que contempl\u00f3 brindar igualdad de oportunidades a todos los saladillenses, sin importar dode vivan.<\/p>\n\n\n\n<p>De esta manera Saladillo Norte se suma con Fibra \u00f3ptica a la red que bribda el servicio en la Ciudad de Saladillo, Caz\u00f3n, \u00c1lvarez de Toledo, Polvaredas y Del Carril.<\/p>\n\n\n\n<p>Con el soporte de una red de fibra \u00f3ptica se avanzar\u00e1 en la prestaci\u00f3n de nuevos servicios a esta comunidad del interior y se profundizar\u00e1 el desarrollo de otras herramientas complementarias como la telemedici\u00f3n, el telecomando y la conexi\u00f3n para c\u00e1maras de seguridad en puntos geogr\u00e1ficos distantes de la planta urbana de Saladillo.<\/p>\n\n\n\n<p>Entre los beneficios de esta nueva obra de la CES se enfatiza en que los norte\u00f1os podr\u00e1n contar con los servicios de Internet por fibra \u00f3ptica de alta velocidad y estabilidad de CESTEL.<\/p>\n\n\n\n<p>Planes del servicio | Despu\u00e9s de la inauguraci\u00f3n de la obra CESTEL estar\u00e1 adhiriendo nuevos usuarios con una oferta de ancho de banda igual que en Saladillo y con el compromiso de la CES de mantener siempre el valor m\u00e1s bajo del mercado.<\/p>\n\n\n\n<hr class=\"wp-block-separator has-alpha-channel-opacity\"\/>\n\n\n\n<p><strong>ASAMBLEA INFORMATIVA DE LA CES | El Consejo de Administraci\u00f3n presentar\u00e1 informaci\u00f3n de gesti\u00f3n a los delegados.<\/strong><\/p>\n\n\n\n<figure class=\"wp-block-image size-full\"><img loading=\"lazy\" decoding=\"async\" width=\"400\" height=\"400\" src=\"https:\/\/acasaladillo.com.ar\/wp-content\/uploads\/2026\/05\/WhatsApp-Image-2026-05-18-at-09.22.14.jpeg\" alt=\"\" class=\"wp-image-63443\" srcset=\"https:\/\/acasaladillo.com.ar\/wp-content\/uploads\/2026\/05\/WhatsApp-Image-2026-05-18-at-09.22.14.jpeg 400w, https:\/\/acasaladillo.com.ar\/wp-content\/uploads\/2026\/05\/WhatsApp-Image-2026-05-18-at-09.22.14-300x300.jpeg 300w, https:\/\/acasaladillo.com.ar\/wp-content\/uploads\/2026\/05\/WhatsApp-Image-2026-05-18-at-09.22.14-260x260.jpeg 260w, https:\/\/acasaladillo.com.ar\/wp-content\/uploads\/2026\/05\/WhatsApp-Image-2026-05-18-at-09.22.14-160x160.jpeg 160w\" sizes=\"auto, (max-width: 400px) 100vw, 400px\" \/><\/figure>\n\n\n\n<p>Frente a los avances registrados en sus diferentes \u00e1reas de servicios y producci\u00f3n, con un amplio plan de obras de mejoras para mantener la calidad de servicio e inversiones, el Consejo de Administraci\u00f3n a trav\u00e9s de su S\u00edndico convoca a los delegados para participar de una Asamblea extraordinaria.<\/p>\n\n\n\n<p>En la reuni\u00f3n prevista para el 19 de junio a las 19:30 en el sal\u00f3n auditorio ubicado en calle Sarmiento 3177 \u2013 Piso 1, estar\u00e1n los referentes t\u00e9cnicos y responsables de las diferentes \u00e1reas de la Cooperativa para brindar informaci\u00f3n a los asociados que se desempe\u00f1an como delegados, y para el abordaje del orden del d\u00eda.<\/p>\n\n\n\n<hr class=\"wp-block-separator has-alpha-channel-opacity\"\/>\n\n\n\n<p><strong>NO DEJES DE USAR | Ante la llegada del fr\u00edo y el cambio en algunos componentes de la tarifa se sugiere hacer un consumo cuidado y racional.<\/strong> <\/p>\n\n\n\n<figure class=\"wp-block-image size-full\"><img loading=\"lazy\" decoding=\"async\" width=\"500\" height=\"500\" src=\"https:\/\/acasaladillo.com.ar\/wp-content\/uploads\/2026\/05\/WhatsApp-Image-2026-05-13-at-11.36.26.jpeg\" alt=\"\" class=\"wp-image-63437\" srcset=\"https:\/\/acasaladillo.com.ar\/wp-content\/uploads\/2026\/05\/WhatsApp-Image-2026-05-13-at-11.36.26.jpeg 500w, https:\/\/acasaladillo.com.ar\/wp-content\/uploads\/2026\/05\/WhatsApp-Image-2026-05-13-at-11.36.26-300x300.jpeg 300w, https:\/\/acasaladillo.com.ar\/wp-content\/uploads\/2026\/05\/WhatsApp-Image-2026-05-13-at-11.36.26-260x260.jpeg 260w, https:\/\/acasaladillo.com.ar\/wp-content\/uploads\/2026\/05\/WhatsApp-Image-2026-05-13-at-11.36.26-160x160.jpeg 160w\" sizes=\"auto, (max-width: 500px) 100vw, 500px\" \/><\/figure>\n\n\n\n<p>Con la llegada de jornadas de bajas temperaturas, en estos d\u00edas de fr\u00edo extremo se est\u00e1n registrando mayores demandas del servicio de energ\u00eda el\u00e9ctrica, aumentando el consumo por parte de los usuarios.<\/p>\n\n\n\n<p>Para reducir el consumo de energ\u00eda el\u00e9ctrica convencional, sin dejar de usar los electrodom\u00e9sticos, la clave es optimizar los h\u00e1bitos de uso y el estado y mantenimiento de los equipos, contemplando que cada electrodom\u00e9stico tiene un consumo propio del modelo y estado en que se encuentre el equipo.<\/p>\n\n\n\n<p>Entre los artefactos que m\u00e1s consumen se encuentra el termotanque el\u00e9ctrico, que suelen venir con temperatura al m\u00e1ximo regulada internamente de f\u00e1brica, por lo que se puede optimizar su funcionamiento para un uso eficiente con temporizadores (timers) que permiten programar las horas de encendido y apagado, evitando que el termo funcione innecesariamente todo el d\u00eda.<\/p>\n\n\n\n<p>Con el termotanque se sugiere revisar su termostato, \u00e9ste deber\u00e1 estar regulado a 45\u00b0 o 50\u00b0 grados cent\u00edgrados, y contemplar que un equipo con sarro produce sobreconsumo.<\/p>\n\n\n\n<p>En cuanto a la calefacci\u00f3n de ambientes los caloventores son electrodom\u00e9sticos de alto consumo el\u00e9ctrico, generalmente entre 1000 W y 2000 W (1 a 2 kWh) al m\u00e1ximo. Una hora de uso a m\u00e1xima potencia consume 2 kWh, lo que los hace ineficientes para calefacci\u00f3n continua, siendo ideales solo para ba\u00f1os o usos breves, dado que usarlo 3 horas diarias durante un mes resulta en un consumo de aproximadamente 180 kWh, solo ese electrodom\u00e9stico.<\/p>\n\n\n\n<p>Los aires acondicionados son otros de los equipos que, de no ser utilizados a una temperatura de 20 grados en invierno, generan grandes consumos. Cada grado por encima de esa temperatura sugerida aumenta el consumo un (8%), siendo importante para que el equipo no consuma de m\u00e1s mantener los filtros limpios evitando as\u00ed que el motor se fuerce.<\/p>\n\n\n\n<p>Por otra parte, las pavas el\u00e9ctricas que tienen una potencia elevada, generalmente entre 1.500 y 2.200 watts (1,5 a 2,2 kW), si bien su consumo instant\u00e1neo es alto, su uso es breve (3-4 minutos), lo que resulta en un consumo por uso de aproximadamente 0,10 a 0,12 kWh. En estos casos un uso intensivo (5 veces al d\u00eda) suma unos 15-18 kWh al mes.<\/p>\n\n\n\n<p>Los hornos el\u00e9ctricos residenciales consumen, en promedio, entre 1.500 y 3.000 watts por hora (1.5 &#8211; 3 kWh), siendo electrodom\u00e9sticos de alto consumo. El consumo real depende de la potencia del modelo, la temperatura seleccionada y el uso del termostato.<\/p>\n\n\n\n<p>Hay otro consumo que no se suele contemplar y es el denominado \u00abConsumo Vampiro\u00bb que es el de los electrodom\u00e9sticos que no est\u00e1n en uso, pero siguen enchufados en \u00abStand-by\u00bb. En estos casos se sugiere desconectar televisores, computadoras, consolas y cargadores de celular cuando no se usan. Los aparatos conectados, aunque est\u00e9n apagados, pueden consumir hasta un 10% del total.<\/p>\n\n\n\n<p>Adem\u00e1s de estas precauciones se sugiere reemplazar l\u00e1mparas comunes por las de bajo consumo y apagar la luz cuando no se est\u00e1 en el espacio iluminado.<\/p>\n\n\n\n<p>Para realizar un c\u00e1lculo estimativo de lo que consume cada electrodom\u00e9stico (Dependiendo de su eficiencia de consumo y estado) CES Energ\u00eda dispone de una Calculadora de Consumo online \/  https:\/\/coopsal.com.ar\/calc-consumo  <\/p>\n\n\n\n<p>CAMBIOS TARIFARIOS: El aumento de la energ\u00eda en la provincia de Buenos Aires en el primer cuatrimestre de 2026 se debe principalmente a la quita progresiva de subsidios por parte del Gobierno Nacional y del Costo de la Energ\u00eda en el Mercado El\u00e9ctrico Mayorista (MEM), como tambi\u00e9n la recomposici\u00f3n del cyuadro tarifario establecido por el Gobierno provincial.<\/p>\n\n\n\n<hr class=\"wp-block-separator has-alpha-channel-opacity\"\/>\n\n\n\n<p><strong>LITETARTE \/ Nuevo encuentro del Taller en Cooparte para jugar, explorar y crear.<\/strong><\/p>\n\n\n\n<figure class=\"wp-block-image size-full is-resized\"><img loading=\"lazy\" decoding=\"async\" width=\"225\" height=\"229\" src=\"https:\/\/acasaladillo.com.ar\/wp-content\/uploads\/2026\/05\/WhatsApp-Image-2026-05-11-at-11.01.50-crop.jpeg\" alt=\"\" class=\"wp-image-63430\" style=\"width:432px;height:auto\" srcset=\"https:\/\/acasaladillo.com.ar\/wp-content\/uploads\/2026\/05\/WhatsApp-Image-2026-05-11-at-11.01.50-crop.jpeg 225w, https:\/\/acasaladillo.com.ar\/wp-content\/uploads\/2026\/05\/WhatsApp-Image-2026-05-11-at-11.01.50-crop-160x163.jpeg 160w\" sizes=\"auto, (max-width: 225px) 100vw, 225px\" \/><\/figure>\n\n\n\n<p>Este s\u00e1bado 16 de mayo se viene un nuevo encuentro de LiterArte, el taller de literatura y filosof\u00eda pensado para ni\u00f1os de 5 a 12 a\u00f1os que quieran explorar temas y cuestiones de la vida cotidiana a trav\u00e9s de la literatura y el di\u00e1logo filos\u00f3fico.<\/p>\n\n\n\n<p>La iniciativa propone partir de un texto literario (cuento, narraci\u00f3n, canci\u00f3n, etc.) para conversar y reflexionar sobre temas que les inquieten y, despu\u00e9s de un intercambio de ideas, realizar una actividad de producci\u00f3n literaria.<\/p>\n\n\n\n<figure class=\"wp-block-image size-full is-resized\"><img loading=\"lazy\" decoding=\"async\" width=\"1600\" height=\"1200\" src=\"https:\/\/acasaladillo.com.ar\/wp-content\/uploads\/2026\/05\/WhatsApp-Image-2026-05-11-at-11.01.50.jpeg\" alt=\"\" class=\"wp-image-63431\" style=\"width:456px;height:auto\" srcset=\"https:\/\/acasaladillo.com.ar\/wp-content\/uploads\/2026\/05\/WhatsApp-Image-2026-05-11-at-11.01.50.jpeg 1600w, https:\/\/acasaladillo.com.ar\/wp-content\/uploads\/2026\/05\/WhatsApp-Image-2026-05-11-at-11.01.50-300x225.jpeg 300w, https:\/\/acasaladillo.com.ar\/wp-content\/uploads\/2026\/05\/WhatsApp-Image-2026-05-11-at-11.01.50-768x576.jpeg 768w, https:\/\/acasaladillo.com.ar\/wp-content\/uploads\/2026\/05\/WhatsApp-Image-2026-05-11-at-11.01.50-1536x1152.jpeg 1536w, https:\/\/acasaladillo.com.ar\/wp-content\/uploads\/2026\/05\/WhatsApp-Image-2026-05-11-at-11.01.50-560x420.jpeg 560w, https:\/\/acasaladillo.com.ar\/wp-content\/uploads\/2026\/05\/WhatsApp-Image-2026-05-11-at-11.01.50-260x195.jpeg 260w, https:\/\/acasaladillo.com.ar\/wp-content\/uploads\/2026\/05\/WhatsApp-Image-2026-05-11-at-11.01.50-160x120.jpeg 160w\" sizes=\"auto, (max-width: 1600px) 100vw, 1600px\" \/><\/figure>\n\n\n\n<p>\u00abLo m\u00e1s interesante es que se trata de un espacio de creaci\u00f3n y exploraci\u00f3n conjunta, donde se fomenta el di\u00e1logo, la creatividad y la reflexi\u00f3n cr\u00edtica\u00bb adelanta la profesora Marcela Montes, quien estar\u00e1 a cargo del taller que tendr\u00e1 lugar una vez al mes en el auditorio de la CES.<\/p>\n\n\n\n<p>De modalidad \u00abal sombrero\u00bb LiterArte propone un espacio ideal para que los ni\u00f1os desarrollen su pensamiento cr\u00edtico y su amor por la literatura.<\/p>\n\n\n\n<figure class=\"wp-block-image size-full is-resized\"><img loading=\"lazy\" decoding=\"async\" width=\"288\" height=\"312\" src=\"https:\/\/acasaladillo.com.ar\/wp-content\/uploads\/2026\/05\/WhatsApp-Image-2026-05-11-at-11.01.50-crop-1.jpeg\" alt=\"\" class=\"wp-image-63432\" style=\"width:471px;height:auto\" srcset=\"https:\/\/acasaladillo.com.ar\/wp-content\/uploads\/2026\/05\/WhatsApp-Image-2026-05-11-at-11.01.50-crop-1.jpeg 288w, https:\/\/acasaladillo.com.ar\/wp-content\/uploads\/2026\/05\/WhatsApp-Image-2026-05-11-at-11.01.50-crop-1-277x300.jpeg 277w, https:\/\/acasaladillo.com.ar\/wp-content\/uploads\/2026\/05\/WhatsApp-Image-2026-05-11-at-11.01.50-crop-1-260x282.jpeg 260w, https:\/\/acasaladillo.com.ar\/wp-content\/uploads\/2026\/05\/WhatsApp-Image-2026-05-11-at-11.01.50-crop-1-160x173.jpeg 160w\" sizes=\"auto, (max-width: 288px) 100vw, 288px\" \/><\/figure>\n\n\n\n<p>Los interesados en participar del primer encuentro el s\u00e1bado 18 de abril podr\u00e1n inscribirse por WA al 11 4434-6109 o para saber un poco de qu\u00e9 se trata se puede seguir en Instagram a literarte_filosofia_literatura<\/p>\n\n\n\n<p>\u00bfPor qu\u00e9 filosof\u00eda en la infancia?<\/p>\n\n\n\n<p>\u00abPorque cualquier edad es propicia para el desarrollo del pensamiento filos\u00f3fico\u00bb indica Marcela. \u00abPorque las ni\u00f1as y los ni\u00f1os tienen esa capacidad de asombro que se necesita para ser buenas o buenos fil\u00f3sofos\u00bb. \u00abPorque ven el mundo que les rodea con curiosidad\u00bb y tambi\u00e9n \u00abporque estimulando la argumentaci\u00f3n, dando orden a sus ideas y profundizando sobre su comprensi\u00f3n del mundo, aprenden a escuchar, a respetar opiniones diferentes y a usar el di\u00e1logo para resolver conflictos\u00bb.<\/p>\n\n\n\n<p><\/p>\n","protected":false},"excerpt":{"rendered":"<p>Toda la info<\/p>\n<p class=\"more-link-p\"><a class=\"more-link\" href=\"https:\/\/acasaladillo.com.ar\/?p=63428\">Read more &rarr;<\/a><\/p>\n","protected":false},"author":3,"featured_media":63429,"comment_status":"closed","ping_status":"closed","sticky":false,"template":"","format":"standard","meta":{"_monsterinsights_skip_tracking":false,"footnotes":""},"categories":[1],"tags":[161,44,26],"class_list":["post-63428","post","type-post","status-publish","format-standard","has-post-thumbnail","hentry","category-noticias","tag-cestel","tag-cooparte","tag-cooperativa-electrica"],"aioseo_notices":[],"_links":{"self":[{"href":"https:\/\/acasaladillo.com.ar\/index.php?rest_route=\/wp\/v2\/posts\/63428","targetHints":{"allow":["GET"]}}],"collection":[{"href":"https:\/\/acasaladillo.com.ar\/index.php?rest_route=\/wp\/v2\/posts"}],"about":[{"href":"https:\/\/acasaladillo.com.ar\/index.php?rest_route=\/wp\/v2\/types\/post"}],"author":[{"embeddable":true,"href":"https:\/\/acasaladillo.com.ar\/index.php?rest_route=\/wp\/v2\/users\/3"}],"replies":[{"embeddable":true,"href":"https:\/\/acasaladillo.com.ar\/index.php?rest_route=%2Fwp%2Fv2%2Fcomments&post=63428"}],"version-history":[{"count":29,"href":"https:\/\/acasaladillo.com.ar\/index.php?rest_route=\/wp\/v2\/posts\/63428\/revisions"}],"predecessor-version":[{"id":63733,"href":"https:\/\/acasaladillo.com.ar\/index.php?rest_route=\/wp\/v2\/posts\/63428\/revisions\/63733"}],"wp:featuredmedia":[{"embeddable":true,"href":"https:\/\/acasaladillo.com.ar\/index.php?rest_route=\/wp\/v2\/media\/63429"}],"wp:attachment":[{"href":"https:\/\/acasaladillo.com.ar\/index.php?rest_route=%2Fwp%2Fv2%2Fmedia&parent=63428"}],"wp:term":[{"taxonomy":"category","embeddable":true,"href":"https:\/\/acasaladillo.com.ar\/index.php?rest_route=%2Fwp%2Fv2%2Fcategories&post=63428"},{"taxonomy":"post_tag","embeddable":true,"href":"https:\/\/acasaladillo.com.ar\/index.php?rest_route=%2Fwp%2Fv2%2Ftags&post=63428"}],"curies":[{"name":"wp","href":"https:\/\/api.w.org\/{rel}","templated":true}]}}