{"id":63410,"date":"2026-05-07T21:12:29","date_gmt":"2026-05-08T00:12:29","guid":{"rendered":"https:\/\/acasaladillo.com.ar\/?p=63410"},"modified":"2026-05-07T21:12:31","modified_gmt":"2026-05-08T00:12:31","slug":"pirincho-3","status":"publish","type":"post","link":"https:\/\/acasaladillo.com.ar\/?p=63410","title":{"rendered":"\u00abPirincho\u00bb"},"content":{"rendered":"\n<figure class=\"wp-block-image size-full is-style-rounded\"><img loading=\"lazy\" decoding=\"async\" width=\"848\" height=\"477\" src=\"https:\/\/acasaladillo.com.ar\/wp-content\/uploads\/2026\/05\/ee.jpeg\" alt=\"\" class=\"wp-image-63411\" srcset=\"https:\/\/acasaladillo.com.ar\/wp-content\/uploads\/2026\/05\/ee.jpeg 848w, https:\/\/acasaladillo.com.ar\/wp-content\/uploads\/2026\/05\/ee-300x169.jpeg 300w, https:\/\/acasaladillo.com.ar\/wp-content\/uploads\/2026\/05\/ee-768x432.jpeg 768w, https:\/\/acasaladillo.com.ar\/wp-content\/uploads\/2026\/05\/ee-560x315.jpeg 560w, https:\/\/acasaladillo.com.ar\/wp-content\/uploads\/2026\/05\/ee-260x146.jpeg 260w, https:\/\/acasaladillo.com.ar\/wp-content\/uploads\/2026\/05\/ee-160x90.jpeg 160w\" sizes=\"auto, (max-width: 848px) 100vw, 848px\" \/><\/figure>\n\n\n\n<p><\/p>\n\n\n\n<p><strong>Cicar\u00e9 y L\u00fapin<\/strong><\/p>\n\n\n\n<hr class=\"wp-block-separator has-alpha-channel-opacity\"\/>\n\n\n\n<!--more-->\n\n\n\n<p><strong>El d\u00eda en que \u00abPirincho\u00bb Cicar\u00e9 conoci\u00f3 a L\u00fapin<\/strong><\/p>\n\n\n\n<p>Por <a href=\"https:\/\/www.facebook.com\/alejandro.mariotto?__cft__[0]=AZY67Oz6aMVG3Euv3Gb8URD3nbWsYofk25h3oAGn-M-BWmxDO3N_EehjOopwjVq7-o_62oo66n43J3RkhbfZ5PlJGPLnpUdD1Xs_HXJQyfqFnmeQychQD1AYVzNKkIEFqGVyEQkdlB31EonwpsLnAonws566tFyTYhTI9DAFlb6wBIq91zZ2MtIn09vOThb7rfA&amp;__tn__=-]K-R\">Alejandro Mariotto<\/a> (abogado, docente y escritor)<\/p>\n\n\n\n<figure class=\"wp-block-image size-full\"><img loading=\"lazy\" decoding=\"async\" width=\"848\" height=\"477\" src=\"https:\/\/acasaladillo.com.ar\/wp-content\/uploads\/2026\/05\/e.jpeg\" alt=\"\" class=\"wp-image-63412\" srcset=\"https:\/\/acasaladillo.com.ar\/wp-content\/uploads\/2026\/05\/e.jpeg 848w, https:\/\/acasaladillo.com.ar\/wp-content\/uploads\/2026\/05\/e-300x169.jpeg 300w, https:\/\/acasaladillo.com.ar\/wp-content\/uploads\/2026\/05\/e-768x432.jpeg 768w, https:\/\/acasaladillo.com.ar\/wp-content\/uploads\/2026\/05\/e-560x315.jpeg 560w, https:\/\/acasaladillo.com.ar\/wp-content\/uploads\/2026\/05\/e-260x146.jpeg 260w, https:\/\/acasaladillo.com.ar\/wp-content\/uploads\/2026\/05\/e-160x90.jpeg 160w\" sizes=\"auto, (max-width: 848px) 100vw, 848px\" \/><\/figure>\n\n\n\n<p>L\u00fapin es un personaje de historieta, creado por el dibujante Guillermo Guerrero, quien publicaba la revista L\u00fapin junto a H\u00e9ctor S\u00eddoli. Su contenido inclu\u00eda historietas de aventuras con una dosis de humor, aunque su mayor repercusi\u00f3n era lograda por su contenido t\u00e9cnico y cient\u00edfico. Sal\u00eda con periodicidad mensual y formato apaisado.<\/p>\n\n\n\n<figure class=\"wp-block-image size-full\"><img loading=\"lazy\" decoding=\"async\" width=\"848\" height=\"477\" src=\"https:\/\/acasaladillo.com.ar\/wp-content\/uploads\/2026\/05\/eee.jpeg\" alt=\"\" class=\"wp-image-63413\" srcset=\"https:\/\/acasaladillo.com.ar\/wp-content\/uploads\/2026\/05\/eee.jpeg 848w, https:\/\/acasaladillo.com.ar\/wp-content\/uploads\/2026\/05\/eee-300x169.jpeg 300w, https:\/\/acasaladillo.com.ar\/wp-content\/uploads\/2026\/05\/eee-768x432.jpeg 768w, https:\/\/acasaladillo.com.ar\/wp-content\/uploads\/2026\/05\/eee-560x315.jpeg 560w, https:\/\/acasaladillo.com.ar\/wp-content\/uploads\/2026\/05\/eee-260x146.jpeg 260w, https:\/\/acasaladillo.com.ar\/wp-content\/uploads\/2026\/05\/eee-160x90.jpeg 160w\" sizes=\"auto, (max-width: 848px) 100vw, 848px\" \/><\/figure>\n\n\n\n<p>Aunque obviamente las historietas eran una parte muy importante de la revista, su popularidad se basaba sobre todo en su otra clase de contenidos, formados por planos de aeromodelos para armar, de los que se encargaba Guerrero, (piloto civil y gran fan de la aviaci\u00f3n); planos de electr\u00f3nica a cargo de S\u00eddoli, (amante de la electr\u00f3nica y ex t\u00e9cnico de la Phillips); ideas para los Boy Scouts (S\u00eddoli hab\u00eda sido miembro del cuerpo en su infancia); y toda clase de ideas \u00fatiles, as\u00ed como por supuesto el rinc\u00f3n de los lectores (donde \u00e9stos compart\u00edan sus ideas y planos); y el llamado \u00abEl correo del Gordi\u00bb (del que se encargaba S\u00eddoli), en donde los seguidores de la revista opinaban y se carteaban con los editores. Tambi\u00e9n sol\u00edan publicar notas de contenido cient\u00edfico, hist\u00f3rico y de actualidad. Por lo tanto una nota sobre un fabricante argentino de helic\u00f3pteros no pod\u00eda faltar.<\/p>\n\n\n\n<figure class=\"wp-block-image size-full\"><img loading=\"lazy\" decoding=\"async\" width=\"848\" height=\"477\" src=\"https:\/\/acasaladillo.com.ar\/wp-content\/uploads\/2026\/05\/eeee.jpeg\" alt=\"\" class=\"wp-image-63414\" srcset=\"https:\/\/acasaladillo.com.ar\/wp-content\/uploads\/2026\/05\/eeee.jpeg 848w, https:\/\/acasaladillo.com.ar\/wp-content\/uploads\/2026\/05\/eeee-300x169.jpeg 300w, https:\/\/acasaladillo.com.ar\/wp-content\/uploads\/2026\/05\/eeee-768x432.jpeg 768w, https:\/\/acasaladillo.com.ar\/wp-content\/uploads\/2026\/05\/eeee-560x315.jpeg 560w, https:\/\/acasaladillo.com.ar\/wp-content\/uploads\/2026\/05\/eeee-260x146.jpeg 260w, https:\/\/acasaladillo.com.ar\/wp-content\/uploads\/2026\/05\/eeee-160x90.jpeg 160w\" sizes=\"auto, (max-width: 848px) 100vw, 848px\" \/><\/figure>\n\n\n\n<p>Fue as\u00ed que, en una de mis visitas a la redacci\u00f3n, (corr\u00eda el a\u00f1o 2008), le suger\u00ed a Guillermo Guerrero y a su colaborador Roberto Kucharczuk la posibilidad de hacer una nota sobre Pirincho Cicar\u00e9 y sus helic\u00f3pteros, m\u00e1s que nada sobre su \u00faltima creaci\u00f3n el CH 14, \u00abAguilucho\u00bb, el cual un a\u00f1o antes hab\u00eda sido presentado en el acto del \u00abd\u00eda del Ej\u00e9rcito\u00bb. Mi propuesta fue aceptada y as\u00ed fue como, al llegar a Saladillo, me comuniqu\u00e9 con Fernando Cicar\u00e9 y acordamos una visita a la f\u00e1brica para hacer la nota con Pirincho. Una vez realizada la entrevista, redact\u00e9 la cr\u00f3nica y la env\u00ede a la redacci\u00f3n de la revista (la cual en esa \u00e9poca hab\u00eda cambiado su nombre de L\u00fapin a Pinlu). A los pocos d\u00edas Roberto Kucharczuk me inform\u00f3 que la nota ya estaba preparada para ser publicada en la revista Pinlu n\u00ba 15, de agosto de 2008, pero que, adem\u00e1s, Guerrero hab\u00eda decidido hacer una historieta con Pirincho y el Aguilucho como protagonistas junto al c\u00e9lebre L\u00fapin.<\/p>\n\n\n\n<figure class=\"wp-block-image size-full\"><img loading=\"lazy\" decoding=\"async\" width=\"848\" height=\"477\" src=\"https:\/\/acasaladillo.com.ar\/wp-content\/uploads\/2026\/05\/eeeee.jpeg\" alt=\"\" class=\"wp-image-63415\" srcset=\"https:\/\/acasaladillo.com.ar\/wp-content\/uploads\/2026\/05\/eeeee.jpeg 848w, https:\/\/acasaladillo.com.ar\/wp-content\/uploads\/2026\/05\/eeeee-300x169.jpeg 300w, https:\/\/acasaladillo.com.ar\/wp-content\/uploads\/2026\/05\/eeeee-768x432.jpeg 768w, https:\/\/acasaladillo.com.ar\/wp-content\/uploads\/2026\/05\/eeeee-560x315.jpeg 560w, https:\/\/acasaladillo.com.ar\/wp-content\/uploads\/2026\/05\/eeeee-260x146.jpeg 260w, https:\/\/acasaladillo.com.ar\/wp-content\/uploads\/2026\/05\/eeeee-160x90.jpeg 160w\" sizes=\"auto, (max-width: 848px) 100vw, 848px\" \/><\/figure>\n\n\n\n<p>Con esta inesperada noticia la nota pas\u00f3 a segundo plano, no por no ser importante, sino por lo sensacional de contar con una historieta en la cual Pirincho, L\u00fapin y el Aguilucho eran protagonistas. Guard\u00e9 el absoluto secreto y cuando sali\u00f3 la revista traje a Saladillo varios ejemplares, uno de ellos dedicado por Guerrero a Pirincho, y se los llev\u00e9 a Fernando Cicar\u00e9. M\u00e1s tarde recib\u00ed una llamada de Pirincho para agradecerme.<\/p>\n\n\n\n<figure class=\"wp-block-image size-full\"><img loading=\"lazy\" decoding=\"async\" width=\"848\" height=\"477\" src=\"https:\/\/acasaladillo.com.ar\/wp-content\/uploads\/2026\/05\/eeeeee.jpeg\" alt=\"\" class=\"wp-image-63416\" srcset=\"https:\/\/acasaladillo.com.ar\/wp-content\/uploads\/2026\/05\/eeeeee.jpeg 848w, https:\/\/acasaladillo.com.ar\/wp-content\/uploads\/2026\/05\/eeeeee-300x169.jpeg 300w, https:\/\/acasaladillo.com.ar\/wp-content\/uploads\/2026\/05\/eeeeee-768x432.jpeg 768w, https:\/\/acasaladillo.com.ar\/wp-content\/uploads\/2026\/05\/eeeeee-560x315.jpeg 560w, https:\/\/acasaladillo.com.ar\/wp-content\/uploads\/2026\/05\/eeeeee-260x146.jpeg 260w, https:\/\/acasaladillo.com.ar\/wp-content\/uploads\/2026\/05\/eeeeee-160x90.jpeg 160w\" sizes=\"auto, (max-width: 848px) 100vw, 848px\" \/><\/figure>\n\n\n\n<p>En la historieta, L\u00fapin es invitado a un festival a\u00e9reo en Comodoro Rivadavia. En pleno festival se recibe el pedido de auxilio de dos gendarmes que han quedado atrapados en una zona monta\u00f1osa, por las cenizas de un volc\u00e1n. Los aviones de la muestra son demasiado grandes para ir al rescate, entonces L\u00fapin se ofrece a ir con su peque\u00f1o avi\u00f3n. Tras volar entre las cenizas volc\u00e1nicas logra localizar a los gendarmes, pero no tiene espacio para aterrizar. Surge entonces la posibilidad de utilizar el Cicar\u00e9 CH 14, \u00abAguilucho\u00bb. L\u00fapin, tras unos cortos vuelos de prueba, se familiariza con el \u00abAguilucho\u00bb y sale al rescate de los gendarmes. L\u00fapin, gracias al \u00abAguilucho\u00bb logra su cometido y los gendarmes regresan sanos y salvos. As\u00ed fue como el peque\u00f1o helic\u00f3ptero biplaza hizo un rescate el d\u00eda de su presentaci\u00f3n en un festival a\u00e9reo. L\u00fapin fue llevado en andas, pero enseguida se apresur\u00f3 a reconocer al verdadero h\u00e9roe de la jornada, afirmando que \u00abel m\u00e9rito es de Cicar\u00e9 y sus m\u00e1quinas\u00bb ya que \u00e9l lo \u00fanico que hab\u00eda hecho fue pilotearla.<\/p>\n\n\n\n<p>Cabe destacar que Guillermo Guerrero dibuj\u00f3 a Pirincho Cicar\u00e9 sin conocerlo personalmente, lo hizo con la ayuda de las fotograf\u00edas que le envi\u00e9 y con algunas descripciones f\u00edsicas que le aport\u00e9. Guerrero dibuj\u00f3 al genio saladillense tal cual era y adem\u00e1s logr\u00f3 destacar la humildad que siempre caracteriz\u00f3 a nuestro querido Pirincho.<\/p>\n\n\n\n<figure class=\"wp-block-image size-full\"><img loading=\"lazy\" decoding=\"async\" width=\"848\" height=\"477\" src=\"https:\/\/acasaladillo.com.ar\/wp-content\/uploads\/2026\/05\/ee.jpeg\" alt=\"\" class=\"wp-image-63411\" srcset=\"https:\/\/acasaladillo.com.ar\/wp-content\/uploads\/2026\/05\/ee.jpeg 848w, https:\/\/acasaladillo.com.ar\/wp-content\/uploads\/2026\/05\/ee-300x169.jpeg 300w, https:\/\/acasaladillo.com.ar\/wp-content\/uploads\/2026\/05\/ee-768x432.jpeg 768w, https:\/\/acasaladillo.com.ar\/wp-content\/uploads\/2026\/05\/ee-560x315.jpeg 560w, https:\/\/acasaladillo.com.ar\/wp-content\/uploads\/2026\/05\/ee-260x146.jpeg 260w, https:\/\/acasaladillo.com.ar\/wp-content\/uploads\/2026\/05\/ee-160x90.jpeg 160w\" sizes=\"auto, (max-width: 848px) 100vw, 848px\" \/><\/figure>\n\n\n\n<p>En 2014 don\u00e9 un ejemplar de la Pinlu n\u00ba 15 al Museo de Saladillo, para que esta instituci\u00f3n la conserve para la posteridad. Asimismo Marcelo Pereyra hizo una cr\u00f3nica para su diario digital Historia Saladillo (https:\/\/historiasaladillo.com.ar\/hs\/2014\/08\/pirincho-cicare-un-personaje-de-historieta\/) titulada \u00abPirincho Cicar\u00e9 un personaje de historieta\u00bb.<\/p>\n\n\n\n<p>Dentro de los tantos logros obtenidos, en 84 a\u00f1os de vida de este genio nacido en Polvaredas, y del cual tuvimos la suerte de ser coterr\u00e1neos, esta historieta es algo m\u00e1s. Por supuesto que no fue lo m\u00e1s trascendente de su vida, ni mucho menos. Pero fue un peque\u00f1o homenaje (uno m\u00e1s de tantos) que se le realiz\u00f3 a este genio y excelente persona que tuvimos la suerte de conocer y que ya estamos extra\u00f1ando en demas\u00eda.<br>Credito: La Sintesis<\/p>\n","protected":false},"excerpt":{"rendered":"<p>Cicar\u00e9 y L\u00fapin<\/p>\n<p class=\"more-link-p\"><a class=\"more-link\" href=\"https:\/\/acasaladillo.com.ar\/?p=63410\">Read more &rarr;<\/a><\/p>\n","protected":false},"author":3,"featured_media":63412,"comment_status":"closed","ping_status":"closed","sticky":false,"template":"","format":"standard","meta":{"_monsterinsights_skip_tracking":false,"footnotes":""},"categories":[1],"tags":[911,217],"class_list":["post-63410","post","type-post","status-publish","format-standard","has-post-thumbnail","hentry","category-noticias","tag-cicare","tag-pirincho"],"aioseo_notices":[],"_links":{"self":[{"href":"https:\/\/acasaladillo.com.ar\/index.php?rest_route=\/wp\/v2\/posts\/63410","targetHints":{"allow":["GET"]}}],"collection":[{"href":"https:\/\/acasaladillo.com.ar\/index.php?rest_route=\/wp\/v2\/posts"}],"about":[{"href":"https:\/\/acasaladillo.com.ar\/index.php?rest_route=\/wp\/v2\/types\/post"}],"author":[{"embeddable":true,"href":"https:\/\/acasaladillo.com.ar\/index.php?rest_route=\/wp\/v2\/users\/3"}],"replies":[{"embeddable":true,"href":"https:\/\/acasaladillo.com.ar\/index.php?rest_route=%2Fwp%2Fv2%2Fcomments&post=63410"}],"version-history":[{"count":1,"href":"https:\/\/acasaladillo.com.ar\/index.php?rest_route=\/wp\/v2\/posts\/63410\/revisions"}],"predecessor-version":[{"id":63417,"href":"https:\/\/acasaladillo.com.ar\/index.php?rest_route=\/wp\/v2\/posts\/63410\/revisions\/63417"}],"wp:featuredmedia":[{"embeddable":true,"href":"https:\/\/acasaladillo.com.ar\/index.php?rest_route=\/wp\/v2\/media\/63412"}],"wp:attachment":[{"href":"https:\/\/acasaladillo.com.ar\/index.php?rest_route=%2Fwp%2Fv2%2Fmedia&parent=63410"}],"wp:term":[{"taxonomy":"category","embeddable":true,"href":"https:\/\/acasaladillo.com.ar\/index.php?rest_route=%2Fwp%2Fv2%2Fcategories&post=63410"},{"taxonomy":"post_tag","embeddable":true,"href":"https:\/\/acasaladillo.com.ar\/index.php?rest_route=%2Fwp%2Fv2%2Ftags&post=63410"}],"curies":[{"name":"wp","href":"https:\/\/api.w.org\/{rel}","templated":true}]}}