{"id":63283,"date":"2026-03-23T20:01:06","date_gmt":"2026-03-23T23:01:06","guid":{"rendered":"https:\/\/acasaladillo.com.ar\/?p=63283"},"modified":"2026-03-23T20:01:07","modified_gmt":"2026-03-23T23:01:07","slug":"114-anos","status":"publish","type":"post","link":"https:\/\/acasaladillo.com.ar\/?p=63283","title":{"rendered":"114 a\u00f1os."},"content":{"rendered":"\n<figure class=\"wp-block-image size-full is-style-rounded\"><img loading=\"lazy\" decoding=\"async\" width=\"400\" height=\"300\" src=\"https:\/\/acasaladillo.com.ar\/wp-content\/uploads\/2026\/03\/1-1.jpeg\" alt=\"\" class=\"wp-image-63284\" srcset=\"https:\/\/acasaladillo.com.ar\/wp-content\/uploads\/2026\/03\/1-1.jpeg 400w, https:\/\/acasaladillo.com.ar\/wp-content\/uploads\/2026\/03\/1-1-300x225.jpeg 300w, https:\/\/acasaladillo.com.ar\/wp-content\/uploads\/2026\/03\/1-1-260x195.jpeg 260w, https:\/\/acasaladillo.com.ar\/wp-content\/uploads\/2026\/03\/1-1-160x120.jpeg 160w\" sizes=\"auto, (max-width: 400px) 100vw, 400px\" \/><\/figure>\n\n\n\n<p><\/p>\n\n\n\n<p>Polvaredas<\/p>\n\n\n\n<hr class=\"wp-block-separator has-alpha-channel-opacity\"\/>\n\n\n\n<!--more-->\n\n\n\n<p><img loading=\"lazy\" decoding=\"async\" height=\"16\" width=\"16\" alt=\"\u2728\" src=\"https:\/\/static.xx.fbcdn.net\/images\/emoji.php\/v9\/tf4\/1\/16\/2728.png\"> Polvaredas celebr\u00f3 sus 114 a\u00f1os <img loading=\"lazy\" decoding=\"async\" height=\"16\" width=\"16\" alt=\"\u2728\" src=\"https:\/\/static.xx.fbcdn.net\/images\/emoji.php\/v9\/tf4\/1\/16\/2728.png\"><\/p>\n\n\n\n<p>En el d\u00eda de ayer, la localidad de Polvaredas festej\u00f3 su 114\u00b0 aniversario en un marco colmado de vecinos y vecinas que se acercaron a disfrutar de una verdadera fiesta popular.<\/p>\n\n\n\n<figure class=\"wp-block-gallery has-nested-images columns-default is-cropped wp-block-gallery-1 is-layout-flex wp-block-gallery-is-layout-flex\">\n<figure class=\"wp-block-image size-large\"><img loading=\"lazy\" decoding=\"async\" width=\"400\" height=\"300\" data-id=\"63286\" src=\"https:\/\/acasaladillo.com.ar\/wp-content\/uploads\/2026\/03\/1-14-1.jpeg\" alt=\"\" class=\"wp-image-63286\" srcset=\"https:\/\/acasaladillo.com.ar\/wp-content\/uploads\/2026\/03\/1-14-1.jpeg 400w, https:\/\/acasaladillo.com.ar\/wp-content\/uploads\/2026\/03\/1-14-1-300x225.jpeg 300w, https:\/\/acasaladillo.com.ar\/wp-content\/uploads\/2026\/03\/1-14-1-260x195.jpeg 260w, https:\/\/acasaladillo.com.ar\/wp-content\/uploads\/2026\/03\/1-14-1-160x120.jpeg 160w\" sizes=\"auto, (max-width: 400px) 100vw, 400px\" \/><\/figure>\n\n\n\n<figure class=\"wp-block-image size-large\"><img loading=\"lazy\" decoding=\"async\" width=\"400\" height=\"300\" data-id=\"63285\" src=\"https:\/\/acasaladillo.com.ar\/wp-content\/uploads\/2026\/03\/1-16-1.jpeg\" alt=\"\" class=\"wp-image-63285\" srcset=\"https:\/\/acasaladillo.com.ar\/wp-content\/uploads\/2026\/03\/1-16-1.jpeg 400w, https:\/\/acasaladillo.com.ar\/wp-content\/uploads\/2026\/03\/1-16-1-300x225.jpeg 300w, https:\/\/acasaladillo.com.ar\/wp-content\/uploads\/2026\/03\/1-16-1-260x195.jpeg 260w, https:\/\/acasaladillo.com.ar\/wp-content\/uploads\/2026\/03\/1-16-1-160x120.jpeg 160w\" sizes=\"auto, (max-width: 400px) 100vw, 400px\" \/><\/figure>\n<\/figure>\n\n\n\n<p>La jornada estuvo acompa\u00f1ada por la m\u00fasica y el talento de artistas locales, propuestas gastron\u00f3micas a trav\u00e9s de foodtrucks y un servicio de cantina organizado por cinco instituciones de la comunidad, fortaleciendo el trabajo institucional y el sentido de pertenencia.<\/p>\n\n\n\n<p>Estuvieron presentes la Secretaria de Gobierno Prof. Viviana Rodr\u00edguez, el Delegado Municipal Sr. Ariel Fauceglia, la Directora de Cultura Prof. Noelia Catullo y dem\u00e1s funcionarios municipales, acompa\u00f1ando este importante evento para la localidad.<\/p>\n\n\n\n<figure class=\"wp-block-gallery has-nested-images columns-default is-cropped wp-block-gallery-2 is-layout-flex wp-block-gallery-is-layout-flex\">\n<figure class=\"wp-block-image size-large\"><img loading=\"lazy\" decoding=\"async\" width=\"258\" height=\"400\" data-id=\"63287\" src=\"https:\/\/acasaladillo.com.ar\/wp-content\/uploads\/2026\/03\/1-7-1.jpeg\" alt=\"\" class=\"wp-image-63287\" srcset=\"https:\/\/acasaladillo.com.ar\/wp-content\/uploads\/2026\/03\/1-7-1.jpeg 258w, https:\/\/acasaladillo.com.ar\/wp-content\/uploads\/2026\/03\/1-7-1-194x300.jpeg 194w, https:\/\/acasaladillo.com.ar\/wp-content\/uploads\/2026\/03\/1-7-1-160x248.jpeg 160w\" sizes=\"auto, (max-width: 258px) 100vw, 258px\" \/><\/figure>\n\n\n\n<figure class=\"wp-block-image size-large\"><img loading=\"lazy\" decoding=\"async\" width=\"300\" height=\"400\" data-id=\"63288\" src=\"https:\/\/acasaladillo.com.ar\/wp-content\/uploads\/2026\/03\/1-10-1.jpeg\" alt=\"\" class=\"wp-image-63288\" srcset=\"https:\/\/acasaladillo.com.ar\/wp-content\/uploads\/2026\/03\/1-10-1.jpeg 300w, https:\/\/acasaladillo.com.ar\/wp-content\/uploads\/2026\/03\/1-10-1-225x300.jpeg 225w, https:\/\/acasaladillo.com.ar\/wp-content\/uploads\/2026\/03\/1-10-1-260x347.jpeg 260w, https:\/\/acasaladillo.com.ar\/wp-content\/uploads\/2026\/03\/1-10-1-160x213.jpeg 160w\" sizes=\"auto, (max-width: 300px) 100vw, 300px\" \/><\/figure>\n<\/figure>\n\n\n\n<p>Desde la Gesti\u00f3n Municipal, al igual que en cada una de las localidades del interior, se acompa\u00f1a la organizaci\u00f3n mediante el trabajo articulado de distintas \u00e1reas municipales y tambi\u00e9n a trav\u00e9s del apoyo econ\u00f3mico, permitiendo que gran parte de lo recaudado quede en manos de las instituciones participantes, para ser reinvertido en beneficio de la comunidad de Polvaredas y de todos los vecinos y vecinas que forman parte de ella.<\/p>\n\n\n\n<figure class=\"wp-block-gallery has-nested-images columns-default is-cropped wp-block-gallery-3 is-layout-flex wp-block-gallery-is-layout-flex\">\n<figure class=\"wp-block-image size-large\"><img loading=\"lazy\" decoding=\"async\" width=\"400\" height=\"300\" data-id=\"63289\" src=\"https:\/\/acasaladillo.com.ar\/wp-content\/uploads\/2026\/03\/1-5.jpeg\" alt=\"\" class=\"wp-image-63289\" srcset=\"https:\/\/acasaladillo.com.ar\/wp-content\/uploads\/2026\/03\/1-5.jpeg 400w, https:\/\/acasaladillo.com.ar\/wp-content\/uploads\/2026\/03\/1-5-300x225.jpeg 300w, https:\/\/acasaladillo.com.ar\/wp-content\/uploads\/2026\/03\/1-5-260x195.jpeg 260w, https:\/\/acasaladillo.com.ar\/wp-content\/uploads\/2026\/03\/1-5-160x120.jpeg 160w\" sizes=\"auto, (max-width: 400px) 100vw, 400px\" \/><\/figure>\n\n\n\n<figure class=\"wp-block-image size-large\"><img loading=\"lazy\" decoding=\"async\" width=\"400\" height=\"300\" data-id=\"63284\" src=\"https:\/\/acasaladillo.com.ar\/wp-content\/uploads\/2026\/03\/1-1.jpeg\" alt=\"\" class=\"wp-image-63284\" srcset=\"https:\/\/acasaladillo.com.ar\/wp-content\/uploads\/2026\/03\/1-1.jpeg 400w, https:\/\/acasaladillo.com.ar\/wp-content\/uploads\/2026\/03\/1-1-300x225.jpeg 300w, https:\/\/acasaladillo.com.ar\/wp-content\/uploads\/2026\/03\/1-1-260x195.jpeg 260w, https:\/\/acasaladillo.com.ar\/wp-content\/uploads\/2026\/03\/1-1-160x120.jpeg 160w\" sizes=\"auto, (max-width: 400px) 100vw, 400px\" \/><\/figure>\n<\/figure>\n\n\n\n<p><img loading=\"lazy\" decoding=\"async\" height=\"16\" width=\"16\" alt=\"\ud83c\udf89\" src=\"https:\/\/static.xx.fbcdn.net\/images\/emoji.php\/v9\/t8c\/1\/16\/1f389.png\"> \u00a1Felices 114 a\u00f1os, Polvaredas!<\/p>\n","protected":false},"excerpt":{"rendered":"<p>Polvaredas<\/p>\n<p class=\"more-link-p\"><a class=\"more-link\" href=\"https:\/\/acasaladillo.com.ar\/?p=63283\">Read more &rarr;<\/a><\/p>\n","protected":false},"author":3,"featured_media":63288,"comment_status":"closed","ping_status":"closed","sticky":false,"template":"","format":"standard","meta":{"_monsterinsights_skip_tracking":false,"footnotes":""},"categories":[1],"tags":[3347,139],"class_list":["post-63283","post","type-post","status-publish","format-standard","has-post-thumbnail","hentry","category-noticias","tag-114-anos-polvaredas","tag-polvaredas"],"aioseo_notices":[],"_links":{"self":[{"href":"https:\/\/acasaladillo.com.ar\/index.php?rest_route=\/wp\/v2\/posts\/63283","targetHints":{"allow":["GET"]}}],"collection":[{"href":"https:\/\/acasaladillo.com.ar\/index.php?rest_route=\/wp\/v2\/posts"}],"about":[{"href":"https:\/\/acasaladillo.com.ar\/index.php?rest_route=\/wp\/v2\/types\/post"}],"author":[{"embeddable":true,"href":"https:\/\/acasaladillo.com.ar\/index.php?rest_route=\/wp\/v2\/users\/3"}],"replies":[{"embeddable":true,"href":"https:\/\/acasaladillo.com.ar\/index.php?rest_route=%2Fwp%2Fv2%2Fcomments&post=63283"}],"version-history":[{"count":1,"href":"https:\/\/acasaladillo.com.ar\/index.php?rest_route=\/wp\/v2\/posts\/63283\/revisions"}],"predecessor-version":[{"id":63290,"href":"https:\/\/acasaladillo.com.ar\/index.php?rest_route=\/wp\/v2\/posts\/63283\/revisions\/63290"}],"wp:featuredmedia":[{"embeddable":true,"href":"https:\/\/acasaladillo.com.ar\/index.php?rest_route=\/wp\/v2\/media\/63288"}],"wp:attachment":[{"href":"https:\/\/acasaladillo.com.ar\/index.php?rest_route=%2Fwp%2Fv2%2Fmedia&parent=63283"}],"wp:term":[{"taxonomy":"category","embeddable":true,"href":"https:\/\/acasaladillo.com.ar\/index.php?rest_route=%2Fwp%2Fv2%2Fcategories&post=63283"},{"taxonomy":"post_tag","embeddable":true,"href":"https:\/\/acasaladillo.com.ar\/index.php?rest_route=%2Fwp%2Fv2%2Ftags&post=63283"}],"curies":[{"name":"wp","href":"https:\/\/api.w.org\/{rel}","templated":true}]}}