{"id":63240,"date":"2026-03-07T19:18:28","date_gmt":"2026-03-07T22:18:28","guid":{"rendered":"https:\/\/acasaladillo.com.ar\/?p=63240"},"modified":"2026-03-07T19:18:30","modified_gmt":"2026-03-07T22:18:30","slug":"padre-walter","status":"publish","type":"post","link":"https:\/\/acasaladillo.com.ar\/?p=63240","title":{"rendered":"Padre Walter"},"content":{"rendered":"\n<figure class=\"wp-block-image size-full is-style-rounded\"><img loading=\"lazy\" decoding=\"async\" width=\"478\" height=\"382\" src=\"https:\/\/acasaladillo.com.ar\/wp-content\/uploads\/2026\/03\/PADRE-WALTER-KOWALSKY.jpg\" alt=\"\" class=\"wp-image-63241\" srcset=\"https:\/\/acasaladillo.com.ar\/wp-content\/uploads\/2026\/03\/PADRE-WALTER-KOWALSKY.jpg 478w, https:\/\/acasaladillo.com.ar\/wp-content\/uploads\/2026\/03\/PADRE-WALTER-KOWALSKY-300x240.jpg 300w, https:\/\/acasaladillo.com.ar\/wp-content\/uploads\/2026\/03\/PADRE-WALTER-KOWALSKY-260x208.jpg 260w, https:\/\/acasaladillo.com.ar\/wp-content\/uploads\/2026\/03\/PADRE-WALTER-KOWALSKY-160x128.jpg 160w\" sizes=\"auto, (max-width: 478px) 100vw, 478px\" \/><\/figure>\n\n\n\n<p><\/p>\n\n\n\n<p>Su paso.<\/p>\n\n\n\n<hr class=\"wp-block-separator has-alpha-channel-opacity\"\/>\n\n\n\n<!--more-->\n\n\n\n<p>CON EL PADRE WALTER KOWALSKY<\/p>\n\n\n\n<figure class=\"wp-block-image size-full\"><img loading=\"lazy\" decoding=\"async\" width=\"400\" height=\"300\" src=\"https:\/\/acasaladillo.com.ar\/wp-content\/uploads\/2026\/03\/padre-Walter.jpg\" alt=\"\" class=\"wp-image-63242\" srcset=\"https:\/\/acasaladillo.com.ar\/wp-content\/uploads\/2026\/03\/padre-Walter.jpg 400w, https:\/\/acasaladillo.com.ar\/wp-content\/uploads\/2026\/03\/padre-Walter-300x225.jpg 300w, https:\/\/acasaladillo.com.ar\/wp-content\/uploads\/2026\/03\/padre-Walter-260x195.jpg 260w, https:\/\/acasaladillo.com.ar\/wp-content\/uploads\/2026\/03\/padre-Walter-160x120.jpg 160w\" sizes=\"auto, (max-width: 400px) 100vw, 400px\" \/><\/figure>\n\n\n\n<p>El Intendente Municipal Ing. Jos\u00e9 Luis Salom\u00f3n junto con la Secretaria de Gobierno Viviana Rodr\u00edguez y el Director de Relaciones Institucionales y con la Comunidad Nahuel Tiseira recibi\u00f3 al Padre Walter Kowalsky para agradecer en representaci\u00f3n de los saladillenses el compromiso durante todo este tiempo en nuestro medio.<\/p>\n\n\n\n<p><a href=\"https:\/\/www.facebook.com\/hashtag\/municipalidaddesaladillo?__eep__=6&amp;__cft__[0]=AZb10aafR0yJD_vvEbuNOpaW9fEV4L5NYdJeYTxUGa0tmR1tIvibaPl8H4kl7cz4I4N9bg6gKbEoJxf0Db8NgH9QTyDyz5TATugFCr0eOJ3dSo-wEOtyX5Gmy1vP2U59GAvzptUNSu-QKNWyGz31u4zwsF_QeZEpRT5I73RSTNBYo680n6sdQ0LFDkrDsL_kLaE2P-y-CfsqTmJPHazYWcCvXb9pF3ttAWgh6XXMgaoqsw&amp;__tn__=*NK-y-R\">#MunicipalidadDeSaladillo<\/a><a href=\"https:\/\/www.facebook.com\/hashtag\/mejorconvos?__eep__=6&amp;__cft__[0]=AZb10aafR0yJD_vvEbuNOpaW9fEV4L5NYdJeYTxUGa0tmR1tIvibaPl8H4kl7cz4I4N9bg6gKbEoJxf0Db8NgH9QTyDyz5TATugFCr0eOJ3dSo-wEOtyX5Gmy1vP2U59GAvzptUNSu-QKNWyGz31u4zwsF_QeZEpRT5I73RSTNBYo680n6sdQ0LFDkrDsL_kLaE2P-y-CfsqTmJPHazYWcCvXb9pF3ttAWgh6XXMgaoqsw&amp;__tn__=*NK-y-R\">#MejorConVos<\/a><\/p>\n\n\n\n<p><a href=\"http:\/\/www.saladillo.gob.ar\/?fbclid=IwZXh0bgNhZW0CMTAAYnJpZBExUXRZZXM3aUk3TU4yZHBSUnNydGMGYXBwX2lkEDIyMjAzOTE3ODgyMDA4OTIAAR676Hu8F4VJe1lPMa7AfSLA8AJZh32L642sSlena7HbhEbW6wG5ByaOpjnOcw_aem_B5-SwXKuYf99R0I04c0Qcw\" rel=\"noreferrer noopener\" target=\"_blank\">www.saladillo.gob.ar<\/a><\/p>\n","protected":false},"excerpt":{"rendered":"<p>Su paso.<\/p>\n<p class=\"more-link-p\"><a class=\"more-link\" href=\"https:\/\/acasaladillo.com.ar\/?p=63240\">Read more &rarr;<\/a><\/p>\n","protected":false},"author":3,"featured_media":63241,"comment_status":"closed","ping_status":"closed","sticky":false,"template":"","format":"standard","meta":{"_monsterinsights_skip_tracking":false,"footnotes":""},"categories":[1],"tags":[3345],"class_list":["post-63240","post","type-post","status-publish","format-standard","has-post-thumbnail","hentry","category-noticias","tag-padre-walter-kowalsky"],"aioseo_notices":[],"_links":{"self":[{"href":"https:\/\/acasaladillo.com.ar\/index.php?rest_route=\/wp\/v2\/posts\/63240","targetHints":{"allow":["GET"]}}],"collection":[{"href":"https:\/\/acasaladillo.com.ar\/index.php?rest_route=\/wp\/v2\/posts"}],"about":[{"href":"https:\/\/acasaladillo.com.ar\/index.php?rest_route=\/wp\/v2\/types\/post"}],"author":[{"embeddable":true,"href":"https:\/\/acasaladillo.com.ar\/index.php?rest_route=\/wp\/v2\/users\/3"}],"replies":[{"embeddable":true,"href":"https:\/\/acasaladillo.com.ar\/index.php?rest_route=%2Fwp%2Fv2%2Fcomments&post=63240"}],"version-history":[{"count":1,"href":"https:\/\/acasaladillo.com.ar\/index.php?rest_route=\/wp\/v2\/posts\/63240\/revisions"}],"predecessor-version":[{"id":63243,"href":"https:\/\/acasaladillo.com.ar\/index.php?rest_route=\/wp\/v2\/posts\/63240\/revisions\/63243"}],"wp:featuredmedia":[{"embeddable":true,"href":"https:\/\/acasaladillo.com.ar\/index.php?rest_route=\/wp\/v2\/media\/63241"}],"wp:attachment":[{"href":"https:\/\/acasaladillo.com.ar\/index.php?rest_route=%2Fwp%2Fv2%2Fmedia&parent=63240"}],"wp:term":[{"taxonomy":"category","embeddable":true,"href":"https:\/\/acasaladillo.com.ar\/index.php?rest_route=%2Fwp%2Fv2%2Fcategories&post=63240"},{"taxonomy":"post_tag","embeddable":true,"href":"https:\/\/acasaladillo.com.ar\/index.php?rest_route=%2Fwp%2Fv2%2Ftags&post=63240"}],"curies":[{"name":"wp","href":"https:\/\/api.w.org\/{rel}","templated":true}]}}