{"id":63074,"date":"2026-01-21T21:18:04","date_gmt":"2026-01-22T00:18:04","guid":{"rendered":"https:\/\/acasaladillo.com.ar\/?p=63074"},"modified":"2026-07-25T18:00:03","modified_gmt":"2026-07-25T21:00:03","slug":"vos-lo-haces","status":"publish","type":"post","link":"https:\/\/acasaladillo.com.ar\/?p=63074","title":{"rendered":"Vos lo hac\u00e9s"},"content":{"rendered":"\n<figure class=\"wp-block-image size-full is-resized\"><img loading=\"lazy\" decoding=\"async\" width=\"222\" height=\"179\" src=\"https:\/\/acasaladillo.com.ar\/wp-content\/uploads\/2026\/01\/Logo-reclamos-1.png\" alt=\"\" class=\"wp-image-63075\" style=\"width:324px;height:auto\" srcset=\"https:\/\/acasaladillo.com.ar\/wp-content\/uploads\/2026\/01\/Logo-reclamos-1.png 222w, https:\/\/acasaladillo.com.ar\/wp-content\/uploads\/2026\/01\/Logo-reclamos-1-160x129.png 160w\" sizes=\"auto, (max-width: 222px) 100vw, 222px\" \/><\/figure>\n\n\n\n<p><\/p>\n\n\n\n<p>Nosotros publicamos<\/p>\n\n\n\n<hr class=\"wp-block-separator has-alpha-channel-opacity\"\/>\n\n\n\n<!--more-->\n\n\n\n<p><a href=\"https:\/\/www.facebook.com\/silvana.laplace?__cft__[0]=AZZGkyyhOIONdkhgTifOf25-UGv1jfa2pZ66VQh2BYCv-dzcIGRDB7I9DpRyqdr1druSSuws747hYOzKISR3mZ3A6_dMscyYWW0JnZ7Q3QPzhT7kPhNrIFpbI-_UtGmCHRW69qFGeeZ84RNyMtDkPgSsIygzQtBkEWZjf6A_bWvhy7lmf9QjPFdZPKjpQtAqleGe0OfNb6YHkpcPPvmUCqgh&amp;__tn__=-]K-R\">Silvana Laplace<\/a>.<\/p>\n\n\n\n<p>Que Verguenza, son SUCIOS. Que imagen damos a quienes pasan por la ruta o visitan nuestro pueblo.<\/p>\n\n\n\n<p>Estas fotos las tom\u00e9 en colectora esquina Roca y colectora entre Pereyra y J. B. Justo, apenas salis de la Shell.<\/p>\n\n\n\n<figure class=\"wp-block-gallery has-nested-images columns-default is-cropped wp-block-gallery-1 is-layout-flex wp-block-gallery-is-layout-flex\">\n<figure class=\"wp-block-image size-large\"><img loading=\"lazy\" decoding=\"async\" width=\"300\" height=\"178\" data-id=\"63633\" src=\"https:\/\/acasaladillo.com.ar\/wp-content\/uploads\/2026\/01\/1-1.jpg\" alt=\"\" class=\"wp-image-63633\" srcset=\"https:\/\/acasaladillo.com.ar\/wp-content\/uploads\/2026\/01\/1-1.jpg 300w, https:\/\/acasaladillo.com.ar\/wp-content\/uploads\/2026\/01\/1-1-260x154.jpg 260w, https:\/\/acasaladillo.com.ar\/wp-content\/uploads\/2026\/01\/1-1-160x95.jpg 160w\" sizes=\"auto, (max-width: 300px) 100vw, 300px\" \/><\/figure>\n\n\n\n<figure class=\"wp-block-image size-large\"><img loading=\"lazy\" decoding=\"async\" width=\"300\" height=\"225\" data-id=\"63634\" src=\"https:\/\/acasaladillo.com.ar\/wp-content\/uploads\/2026\/01\/1-5.jpg\" alt=\"\" class=\"wp-image-63634\" srcset=\"https:\/\/acasaladillo.com.ar\/wp-content\/uploads\/2026\/01\/1-5.jpg 300w, https:\/\/acasaladillo.com.ar\/wp-content\/uploads\/2026\/01\/1-5-260x195.jpg 260w, https:\/\/acasaladillo.com.ar\/wp-content\/uploads\/2026\/01\/1-5-160x120.jpg 160w\" sizes=\"auto, (max-width: 300px) 100vw, 300px\" \/><\/figure>\n<\/figure>\n\n\n\n<p>No entiendo por qu\u00e9 no lo dejan sobre sus veredas que los recolectores pasan muy seguido y lo levantan o lo acercan a los contenedores que hay en varios puntos.<\/p>\n\n\n\n<figure class=\"wp-block-gallery has-nested-images columns-default is-cropped wp-block-gallery-2 is-layout-flex wp-block-gallery-is-layout-flex\">\n<figure class=\"wp-block-image size-large\"><img loading=\"lazy\" decoding=\"async\" width=\"300\" height=\"108\" data-id=\"63635\" src=\"https:\/\/acasaladillo.com.ar\/wp-content\/uploads\/2026\/01\/1-6.jpg\" alt=\"\" class=\"wp-image-63635\" srcset=\"https:\/\/acasaladillo.com.ar\/wp-content\/uploads\/2026\/01\/1-6.jpg 300w, https:\/\/acasaladillo.com.ar\/wp-content\/uploads\/2026\/01\/1-6-260x94.jpg 260w, https:\/\/acasaladillo.com.ar\/wp-content\/uploads\/2026\/01\/1-6-160x58.jpg 160w\" sizes=\"auto, (max-width: 300px) 100vw, 300px\" \/><\/figure>\n\n\n\n<figure class=\"wp-block-image size-large\"><img loading=\"lazy\" decoding=\"async\" width=\"300\" height=\"175\" data-id=\"63636\" src=\"https:\/\/acasaladillo.com.ar\/wp-content\/uploads\/2026\/01\/1-7.jpg\" alt=\"\" class=\"wp-image-63636\" srcset=\"https:\/\/acasaladillo.com.ar\/wp-content\/uploads\/2026\/01\/1-7.jpg 300w, https:\/\/acasaladillo.com.ar\/wp-content\/uploads\/2026\/01\/1-7-260x152.jpg 260w, https:\/\/acasaladillo.com.ar\/wp-content\/uploads\/2026\/01\/1-7-160x93.jpg 160w\" sizes=\"auto, (max-width: 300px) 100vw, 300px\" \/><\/figure>\n<\/figure>\n\n\n\n<p>Deberian multar estos actos.<\/p>\n\n\n\n<p>Ojal\u00e1 pudi\u00e9ramos entre todos cuidar y mantener limpio nuestro Saladillo. No es tan difil y menos imposible.<\/p>\n\n\n\n<hr class=\"wp-block-separator has-alpha-channel-opacity\"\/>\n\n\n\n<p><strong>Raclamo de Berna Chemes<\/strong>.<br><strong>Vengo llamando a obras publicas hace una semana que tengo las cloacas rebalsada no se puede tirar la cadena y te contestan que van a venir jamas vinieron podras publicarlo una verguenza<\/strong>.<br>.<br>Nazarena Savone<br>Aaa es la costumbre de ellos me cans\u00e9 de llamar nunca vinieron<br>.<br>Patri Rivas<br>A m\u00ed me pasa lo mismo 2 veces fui y nunca vinieron<br>\u00b7<br>Justoalberto Morales<br>Xq en ves de gastar esa cantidad de dinero en iluminaci\u00f3n de la ruta arreglar la avenida frochan que hace 40 a\u00f1os que esta as\u00ed y en terminar el pasaje Moreno no lo invierte en la planta depuradora de l\u00edquidos cloacales que va a beneficiar a todo saladillo<br>.<br>Julio Sanz<br>Son unos sinverg\u00fcenza yo ase un mes lo llame y me dijeron pasiensia que ya van a ir est\u00e1 la cluaca toda rebalsada<br>.<br>Iris Machado<br>Mi marido fue ACE dos meces las cloacas del vecino revalsa y coe todo ala calle y dicen que hay muchos reclamos<br>.<br>Maryan Alba<br>Yo cansada al igual q todas las mamas q sacamos a los ni\u00f1os en la escuela ahora xq sali\u00f3 vacaciones Pero ir\u00e1 a la salita temprano da miedo no hay luces en las calles y todos apagamos las luces de afuera xq viene picante la boletas barrio gallo blanco<\/p>\n\n\n\n<hr class=\"wp-block-separator has-alpha-channel-opacity\"\/>\n\n\n\n<p><strong>Nos lleg\u00f3 esto<\/strong>: <img loading=\"lazy\" decoding=\"async\" height=\"16\" width=\"16\" src=\"https:\/\/static.xx.fbcdn.net\/images\/emoji.php\/v9\/t4f\/1\/16\/1f447.png\" alt=\"\ud83d\udc47\"><br>LAS FIESTAS PATRIAS SON PARA CELEBRAR, NO PARA PERJUDICAR A LOS DEM\u00c1S.<br>SER\u00cdA BUENO QUE EL MUNICIPIO CONTROLE EL IMPACTO DEL SONIDO EN LOS EVENTOS QUE SE REALIZAN EN LA RURAL.<br>HAY PERSONAS QUE AL D\u00cdA SIGUIENTE DEBEN TRABAJAR, NI\u00d1OS CON AUTISMO QUE PUEDEN SUFRIR ANTE LOS RUIDOS INTENSOS, ADULTOS MAYORES QUE NECESITAN DESCANSAR, PERSONAS CON ENFERMEDADES QUE SE AGRAVAN DURANTE LA NOCHE Y TAMBI\u00c9N QUIENES PADECEN PROBLEMAS DE SALUD MENTAL.<br>NADIE EST\u00c1 EN CONTRA DE QUE LA GENTE DISFRUTE O CELEBRE. PERO TODA CELEBRACI\u00d3N DEBE TENER L\u00cdMITES Y RESPETAR EL DESCANSO Y LA SALUD DE LOS DEM\u00c1S.<br>LA CONVIVENCIA SE BASA EN EL RESPETO. UN DERECHO TERMINA DONDE COMIENZA EL DERECHO DEL OTRO.<br>LA EMPAT\u00cdA NO DEBER\u00cdA QUEDAR EN \u00daLTIMO LUGAR.<br>OJAL\u00c1 EL MUNICIPIO Y LOS ORGANIZADORES TOMEN MEDIDAS PARA QUE LAS FIESTAS PUEDAN DISFRUTARSE SIN AFECTAR LA CALIDAD DE VIDA DE QUIENES TAMBI\u00c9N TIENEN DERECHO AL DESCANSO.<\/p>\n\n\n\n<figure class=\"wp-block-image size-full is-resized\"><img loading=\"lazy\" decoding=\"async\" width=\"300\" height=\"300\" src=\"https:\/\/acasaladillo.com.ar\/wp-content\/uploads\/2026\/01\/739794735_122214029768798107_7603657386068371270_n.jpg\" alt=\"\" class=\"wp-image-63579\" style=\"width:531px;height:auto\" srcset=\"https:\/\/acasaladillo.com.ar\/wp-content\/uploads\/2026\/01\/739794735_122214029768798107_7603657386068371270_n.jpg 300w, https:\/\/acasaladillo.com.ar\/wp-content\/uploads\/2026\/01\/739794735_122214029768798107_7603657386068371270_n-260x260.jpg 260w, https:\/\/acasaladillo.com.ar\/wp-content\/uploads\/2026\/01\/739794735_122214029768798107_7603657386068371270_n-160x160.jpg 160w\" sizes=\"auto, (max-width: 300px) 100vw, 300px\" \/><\/figure>\n\n\n\n<hr class=\"wp-block-separator has-alpha-channel-opacity\"\/>\n\n\n\n<p><strong>Podr\u00e1n publicar?<\/strong><br>No soy del barrio pero los fin de semana estoy cuidando a un se\u00f1ora muy pero muy mayor, en la av. de Belgrano entre Sarmiento y Almafuerte, anoche sab\u00e1do, paso una noche sobresalta porque en frente una una casa que aparentemente la alquilan para \u201creuniones\u201d o no se\u2026,pero anoche fue terrible hasta las 3 de ma\u00f1ana una orquesta a todo lo que da, adem\u00e1s de gritos\u2026<br>La se\u00f1ora mi dijo llam\u00e1 a la polic\u00eda, lo hice y me atendieron muy atentamente pero me dijeron que no depend\u00edan de ellos sino de la municipalidad , sector TRANSITO, de ser as\u00ec, la verdad no se quien esta al frente , pero me parece como esta todo el transito en saladillo, es horrible como se estaciona los autos , las motos y dem\u00e1s, no creo que dependa de TRANSITO \u201cRUIDOS MOLESTOS\u201d, digo lo que dijo el polic\u00eda, ahh de paso comento que cuando hable dijo \u201csi si se escucha..\u201d se imaginan lo potente que estar\u00eda la m\u00fasica para la escuchara por el tel?, lo raro que siguieron a las 3 de ma\u00f1ana y aparentemente ning\u00fan vecino se quejo, incluso enfrente al lado del \u201cboliche\u201d sobre Belgrano pegado hay un completo de departamento, no se escuch\u00f3?, lamentable! Empat\u00eda con los enfermos CERO, de parte de la municipalidad, ni hablar que escuchamos los fin de semana lo que pasa en polideportivo, creo que es MOLINO algo asi, que m\u00e1s que decir, nadie hace nada.<br>Gracias por publicar y no dar el nombre, aunque por privado saben que soy una mujer grande que todav\u00eda razona<\/p>\n\n\n\n<hr class=\"wp-block-separator has-alpha-channel-opacity\"\/>\n\n\n\n<p>Es necesario la carteler\u00eda si <a href=\"https:\/\/www.facebook.com\/hashtag\/tr%C3%A1nsito?__eep__=6&amp;__cft__[0]=AZYudNCtQ6YYWHMa8ZfwSYlp6hTxu67XrXKeo3TjVupbEnLuu4-JAP980bVpt4zQYTuINihaRI0rSmGqLAU5ZH1x2wYEJEYYVMenDiomZHr-6TV5wspSCKoyrcagQ9bSSq9Sf6viBFI7cKPoEWqrvb2_&amp;__tn__=*NK-R\">#tr\u00e1nsito<\/a> no actua?\u2026 Foto: J.M<\/p>\n\n\n\n<figure class=\"wp-block-gallery has-nested-images columns-default is-cropped wp-block-gallery-3 is-layout-flex wp-block-gallery-is-layout-flex\">\n<figure class=\"wp-block-image size-large\"><img loading=\"lazy\" decoding=\"async\" width=\"300\" height=\"169\" data-id=\"63160\" src=\"https:\/\/acasaladillo.com.ar\/wp-content\/uploads\/2026\/01\/TRANSITO-2.jpeg\" alt=\"\" class=\"wp-image-63160\" srcset=\"https:\/\/acasaladillo.com.ar\/wp-content\/uploads\/2026\/01\/TRANSITO-2.jpeg 300w, https:\/\/acasaladillo.com.ar\/wp-content\/uploads\/2026\/01\/TRANSITO-2-260x146.jpeg 260w, https:\/\/acasaladillo.com.ar\/wp-content\/uploads\/2026\/01\/TRANSITO-2-160x90.jpeg 160w\" sizes=\"auto, (max-width: 300px) 100vw, 300px\" \/><\/figure>\n\n\n\n<figure class=\"wp-block-image size-large\"><img loading=\"lazy\" decoding=\"async\" width=\"300\" height=\"169\" data-id=\"63159\" src=\"https:\/\/acasaladillo.com.ar\/wp-content\/uploads\/2026\/01\/TRANSITO-1.jpeg\" alt=\"\" class=\"wp-image-63159\" srcset=\"https:\/\/acasaladillo.com.ar\/wp-content\/uploads\/2026\/01\/TRANSITO-1.jpeg 300w, https:\/\/acasaladillo.com.ar\/wp-content\/uploads\/2026\/01\/TRANSITO-1-260x146.jpeg 260w, https:\/\/acasaladillo.com.ar\/wp-content\/uploads\/2026\/01\/TRANSITO-1-160x90.jpeg 160w\" sizes=\"auto, (max-width: 300px) 100vw, 300px\" \/><\/figure>\n<\/figure>\n\n\n\n<hr class=\"wp-block-separator has-alpha-channel-opacity\"\/>\n\n\n\n<p><a href=\"https:\/\/www.facebook.com\/haide.antunez?comment_id=Y29tbWVudDozMzQ4NTkyNTI4NjM2ODgyXzE1NDAyOTgyNzAzODU0ODI%3D&amp;__cft__[0]=AZbVanIfa4Q2YSrAsqLPfu8-I2x5SKJOUlAK78WMxOC0656YrCSuCm2ZlEULMH2cVGji4hytNItrAwaTnuggQqkap9CEhkNaYDY0l8DvN9ViFoQpekIn9nuk6UQIzV_6NwsbWB_3sd1ONovu6qdStCjwZ9zZ68ERt5kZNsdx94Anmg&amp;__tn__=R]-R\">Haide Antunez<\/a>  En alizal va para tres meses que esta esto<\/p>\n\n\n\n<figure class=\"wp-block-image size-full\"><img loading=\"lazy\" decoding=\"async\" width=\"261\" height=\"147\" src=\"https:\/\/acasaladillo.com.ar\/wp-content\/uploads\/2026\/01\/basura-1-1.jpg\" alt=\"\" class=\"wp-image-63136\" srcset=\"https:\/\/acasaladillo.com.ar\/wp-content\/uploads\/2026\/01\/basura-1-1.jpg 261w, https:\/\/acasaladillo.com.ar\/wp-content\/uploads\/2026\/01\/basura-1-1-160x90.jpg 160w\" sizes=\"auto, (max-width: 261px) 100vw, 261px\" \/><\/figure>\n\n\n\n<hr class=\"wp-block-separator has-alpha-channel-opacity\"\/>\n\n\n\n<p><a href=\"https:\/\/www.facebook.com\/vanesa.grandays?comment_id=Y29tbWVudDozMzQ4NTkyNTI4NjM2ODgyXzkzMDExOTM1OTM1MDUyNw%3D%3D&amp;__cft__[0]=AZbVanIfa4Q2YSrAsqLPfu8-I2x5SKJOUlAK78WMxOC0656YrCSuCm2ZlEULMH2cVGji4hytNItrAwaTnuggQqkap9CEhkNaYDY0l8DvN9ViFoQpekIn9nuk6UQIzV_6NwsbWB_3sd1ONovu6qdStCjwZ9zZ68ERt5kZNsdx94Anmg&amp;__tn__=R]-R\">Vanesa Grandays<\/a>  Vergara al 375 Llame haciendo el reclamo var\u00edas veces y nada.            Me cans\u00e9 que se transforme en un basural!!!Al principio era pasto ahora hay de todo!!!<\/p>\n\n\n\n<figure class=\"wp-block-image size-full\"><img loading=\"lazy\" decoding=\"async\" width=\"160\" height=\"213\" src=\"https:\/\/acasaladillo.com.ar\/wp-content\/uploads\/2026\/01\/basura-2.jpg\" alt=\"\" class=\"wp-image-63135\"\/><\/figure>\n\n\n\n<hr class=\"wp-block-separator has-alpha-channel-opacity\"\/>\n\n\n\n<p><a href=\"https:\/\/www.facebook.com\/gladis.pallero.2025?__cft__[0]=AZYyaShGWTE1s984fLi_QWtlzOt9H7wXTJON7EqvMMlQFj9l8AGsJOHgFzq_APF2HIt1B2k15jztRQ3-TCEcC6d96rRmzOcGSWNJjBZfELTEQN8cTUuHenQoNIJAtCvjz5O_0LqsnVXPzYlwYsO4eA0zjq50M48gYFi2C-WOv0ZaifD6j1BDn_dwDtVaF5qM08E&amp;__tn__=-]K-R\">Gladis Pallero<\/a> As\u00ed est\u00e1n la vereda en la calle Rojas entre Viale y Av Saavedra Verg\u00fcenza que hace un mes que esta todo esto y pasan de largo. Tomando mate..<\/p>\n\n\n\n<figure class=\"wp-block-image size-full\"><img loading=\"lazy\" decoding=\"async\" width=\"400\" height=\"284\" src=\"https:\/\/acasaladillo.com.ar\/wp-content\/uploads\/2026\/01\/basura-1.jpg\" alt=\"\" class=\"wp-image-63134\" srcset=\"https:\/\/acasaladillo.com.ar\/wp-content\/uploads\/2026\/01\/basura-1.jpg 400w, https:\/\/acasaladillo.com.ar\/wp-content\/uploads\/2026\/01\/basura-1-300x213.jpg 300w, https:\/\/acasaladillo.com.ar\/wp-content\/uploads\/2026\/01\/basura-1-260x185.jpg 260w, https:\/\/acasaladillo.com.ar\/wp-content\/uploads\/2026\/01\/basura-1-160x114.jpg 160w\" sizes=\"auto, (max-width: 400px) 100vw, 400px\" \/><\/figure>\n\n\n\n<hr class=\"wp-block-separator has-alpha-channel-opacity\"\/>\n\n\n\n<p><a href=\"https:\/\/www.facebook.com\/maria.prado.1671?__cft__[0]=AZaSpfq2vNWXDoLmWn76GjX6yj9_WPPKt7vDdao4SOezBunWGnzwJhEeTocBtgJtACLjt3D9BtpPbYI8TfJ_aTSOp85QvNwnHLRYbh2wiX9yENQDyR5F25nV5DdQCI_LcpfBQFUSE-DuOd4ZOMzsLucfke3RwchkmSR7eyiIEd8v9SrJRRS7t5amaQ-U_k021EI&amp;__tn__=-]K-R\">Maria Prado<\/a> Hola <img loading=\"lazy\" decoding=\"async\" height=\"16\" width=\"16\" src=\"https:\/\/static.xx.fbcdn.net\/images\/emoji.php\/v9\/tfa\/1\/16\/1f44b.png\" alt=\"\ud83d\udc4b\">  Me preocupa como se ha abandonado la limpieza de la ciudad de Saladillo. Este container en Ledesma y Armendariz va desbordando y superando su capacidad pero no es de hoy hace semanas q es un basural. Por favor a quien corresponda haganse cargo.<\/p>\n\n\n\n<figure class=\"wp-block-gallery has-nested-images columns-default is-cropped wp-block-gallery-4 is-layout-flex wp-block-gallery-is-layout-flex\">\n<figure class=\"wp-block-image size-large\"><img loading=\"lazy\" decoding=\"async\" width=\"400\" height=\"212\" data-id=\"63076\" src=\"https:\/\/acasaladillo.com.ar\/wp-content\/uploads\/2026\/01\/basura.jpg\" alt=\"\" class=\"wp-image-63076\" srcset=\"https:\/\/acasaladillo.com.ar\/wp-content\/uploads\/2026\/01\/basura.jpg 400w, https:\/\/acasaladillo.com.ar\/wp-content\/uploads\/2026\/01\/basura-300x159.jpg 300w, https:\/\/acasaladillo.com.ar\/wp-content\/uploads\/2026\/01\/basura-260x138.jpg 260w, https:\/\/acasaladillo.com.ar\/wp-content\/uploads\/2026\/01\/basura-160x85.jpg 160w\" sizes=\"auto, (max-width: 400px) 100vw, 400px\" \/><\/figure>\n<\/figure>\n\n\n\n<hr class=\"wp-block-separator has-alpha-channel-opacity\"\/>\n\n\n\n<p><a href=\"https:\/\/www.facebook.com\/haide.antunez?__cft__[0]=AZaybq5A6KUo0RZDYMAmA85I5avtYLbzSoV36UbimWcZGrBrRlSQvAvOVSrPonvpAB50WOR_v3fspSKcJT2uoscfMyRXzBrR3NF22dlJImrSuGp0Ecs88KVl43Htp1-uhtNfLu8rUkMpcEY3cD6KyL63gIgo2DE2pELNM9KYA5uPeOqRctX3m33ywEH4je4Uz8I&amp;__tn__=-]K-R\">Haide Antunez<\/a><\/p>\n\n\n\n<p>Que pasa se\u00f1or intendente <a href=\"https:\/\/www.facebook.com\/joseluis.salomon.399?__cft__[0]=AZaybq5A6KUo0RZDYMAmA85I5avtYLbzSoV36UbimWcZGrBrRlSQvAvOVSrPonvpAB50WOR_v3fspSKcJT2uoscfMyRXzBrR3NF22dlJImrSuGp0Ecs88KVl43Htp1-uhtNfLu8rUkMpcEY3cD6KyL63gIgo2DE2pELNM9KYA5uPeOqRctX3m33ywEH4je4Uz8I&amp;__tn__=-]K-R\">Jose Luis Salomon<\/a> con la limpieza en las calles y plaza Armendariz que anda tanta gente y ni\u00f1os hay ramas y mugre hace dos meses en la calle Alisal una verg\u00fcenza tendr\u00eda que recorrer las calles de Saladillo<\/p>\n\n\n\n<figure class=\"wp-block-image size-full\"><img loading=\"lazy\" decoding=\"async\" width=\"500\" height=\"281\" src=\"https:\/\/acasaladillo.com.ar\/wp-content\/uploads\/2026\/01\/basuras-1.jpg\" alt=\"\" class=\"wp-image-63077\" srcset=\"https:\/\/acasaladillo.com.ar\/wp-content\/uploads\/2026\/01\/basuras-1.jpg 500w, https:\/\/acasaladillo.com.ar\/wp-content\/uploads\/2026\/01\/basuras-1-300x169.jpg 300w, https:\/\/acasaladillo.com.ar\/wp-content\/uploads\/2026\/01\/basuras-1-260x146.jpg 260w, https:\/\/acasaladillo.com.ar\/wp-content\/uploads\/2026\/01\/basuras-1-160x90.jpg 160w\" sizes=\"auto, (max-width: 500px) 100vw, 500px\" \/><\/figure>\n","protected":false},"excerpt":{"rendered":"<p>Nosotros publicamos<\/p>\n<p class=\"more-link-p\"><a class=\"more-link\" href=\"https:\/\/acasaladillo.com.ar\/?p=63074\">Read more &rarr;<\/a><\/p>\n","protected":false},"author":3,"featured_media":63075,"comment_status":"closed","ping_status":"closed","sticky":false,"template":"","format":"standard","meta":{"_monsterinsights_skip_tracking":false,"footnotes":""},"categories":[1],"tags":[1922],"class_list":["post-63074","post","type-post","status-publish","format-standard","has-post-thumbnail","hentry","category-noticias","tag-reclamos"],"aioseo_notices":[],"_links":{"self":[{"href":"https:\/\/acasaladillo.com.ar\/index.php?rest_route=\/wp\/v2\/posts\/63074","targetHints":{"allow":["GET"]}}],"collection":[{"href":"https:\/\/acasaladillo.com.ar\/index.php?rest_route=\/wp\/v2\/posts"}],"about":[{"href":"https:\/\/acasaladillo.com.ar\/index.php?rest_route=\/wp\/v2\/types\/post"}],"author":[{"embeddable":true,"href":"https:\/\/acasaladillo.com.ar\/index.php?rest_route=\/wp\/v2\/users\/3"}],"replies":[{"embeddable":true,"href":"https:\/\/acasaladillo.com.ar\/index.php?rest_route=%2Fwp%2Fv2%2Fcomments&post=63074"}],"version-history":[{"count":7,"href":"https:\/\/acasaladillo.com.ar\/index.php?rest_route=\/wp\/v2\/posts\/63074\/revisions"}],"predecessor-version":[{"id":63637,"href":"https:\/\/acasaladillo.com.ar\/index.php?rest_route=\/wp\/v2\/posts\/63074\/revisions\/63637"}],"wp:featuredmedia":[{"embeddable":true,"href":"https:\/\/acasaladillo.com.ar\/index.php?rest_route=\/wp\/v2\/media\/63075"}],"wp:attachment":[{"href":"https:\/\/acasaladillo.com.ar\/index.php?rest_route=%2Fwp%2Fv2%2Fmedia&parent=63074"}],"wp:term":[{"taxonomy":"category","embeddable":true,"href":"https:\/\/acasaladillo.com.ar\/index.php?rest_route=%2Fwp%2Fv2%2Fcategories&post=63074"},{"taxonomy":"post_tag","embeddable":true,"href":"https:\/\/acasaladillo.com.ar\/index.php?rest_route=%2Fwp%2Fv2%2Ftags&post=63074"}],"curies":[{"name":"wp","href":"https:\/\/api.w.org\/{rel}","templated":true}]}}