{"id":62993,"date":"2025-11-12T18:45:34","date_gmt":"2025-11-12T21:45:34","guid":{"rendered":"https:\/\/acasaladillo.com.ar\/?p=62993"},"modified":"2025-11-12T18:45:36","modified_gmt":"2025-11-12T21:45:36","slug":"trece","status":"publish","type":"post","link":"https:\/\/acasaladillo.com.ar\/?p=62993","title":{"rendered":"Trece"},"content":{"rendered":"\n<figure class=\"wp-block-image size-full is-style-rounded\"><img loading=\"lazy\" decoding=\"async\" width=\"500\" height=\"333\" src=\"https:\/\/acasaladillo.com.ar\/wp-content\/uploads\/2025\/11\/13-casas-kissikof-1.jpg\" alt=\"\" class=\"wp-image-62994\" srcset=\"https:\/\/acasaladillo.com.ar\/wp-content\/uploads\/2025\/11\/13-casas-kissikof-1.jpg 500w, https:\/\/acasaladillo.com.ar\/wp-content\/uploads\/2025\/11\/13-casas-kissikof-1-300x200.jpg 300w, https:\/\/acasaladillo.com.ar\/wp-content\/uploads\/2025\/11\/13-casas-kissikof-1-260x173.jpg 260w, https:\/\/acasaladillo.com.ar\/wp-content\/uploads\/2025\/11\/13-casas-kissikof-1-160x107.jpg 160w\" sizes=\"auto, (max-width: 500px) 100vw, 500px\" \/><\/figure>\n\n\n\n<p><\/p>\n\n\n\n<p>Entrega 13 casas<\/p>\n\n\n\n<hr class=\"wp-block-separator has-alpha-channel-opacity\"\/>\n\n\n\n<!--more-->\n\n\n\n<p>H\u00c1BITAT<br>Kicillof entreg\u00f3 viviendas en Saladillo<\/p>\n\n\n\n<p>El gobernador de la provincia de Buenos Aires, Axel Kicillof, encabez\u00f3 este mi\u00e9rcoles la entrega de viviendas para familias beneficiarias del municipio de Saladillo, junto a la ministra de H\u00e1bitat y Desarrollo Urbano, Silvina Batakis; y el intendente local, Jos\u00e9 Luis Salom\u00f3n.<\/p>\n\n\n\n<figure class=\"wp-block-gallery has-nested-images columns-default is-cropped wp-block-gallery-1 is-layout-flex wp-block-gallery-is-layout-flex\">\n<figure class=\"wp-block-image size-large\"><img loading=\"lazy\" decoding=\"async\" width=\"500\" height=\"333\" data-id=\"62996\" src=\"https:\/\/acasaladillo.com.ar\/wp-content\/uploads\/2025\/11\/13-casas-kissikof-3.jpg\" alt=\"\" class=\"wp-image-62996\" srcset=\"https:\/\/acasaladillo.com.ar\/wp-content\/uploads\/2025\/11\/13-casas-kissikof-3.jpg 500w, https:\/\/acasaladillo.com.ar\/wp-content\/uploads\/2025\/11\/13-casas-kissikof-3-300x200.jpg 300w, https:\/\/acasaladillo.com.ar\/wp-content\/uploads\/2025\/11\/13-casas-kissikof-3-260x173.jpg 260w, https:\/\/acasaladillo.com.ar\/wp-content\/uploads\/2025\/11\/13-casas-kissikof-3-160x107.jpg 160w\" sizes=\"auto, (max-width: 500px) 100vw, 500px\" \/><\/figure>\n\n\n\n<figure class=\"wp-block-image size-large\"><img loading=\"lazy\" decoding=\"async\" width=\"500\" height=\"333\" data-id=\"62995\" src=\"https:\/\/acasaladillo.com.ar\/wp-content\/uploads\/2025\/11\/13-casas-kissikof-7.jpg\" alt=\"\" class=\"wp-image-62995\" srcset=\"https:\/\/acasaladillo.com.ar\/wp-content\/uploads\/2025\/11\/13-casas-kissikof-7.jpg 500w, https:\/\/acasaladillo.com.ar\/wp-content\/uploads\/2025\/11\/13-casas-kissikof-7-300x200.jpg 300w, https:\/\/acasaladillo.com.ar\/wp-content\/uploads\/2025\/11\/13-casas-kissikof-7-260x173.jpg 260w, https:\/\/acasaladillo.com.ar\/wp-content\/uploads\/2025\/11\/13-casas-kissikof-7-160x107.jpg 160w\" sizes=\"auto, (max-width: 500px) 100vw, 500px\" \/><\/figure>\n<\/figure>\n\n\n\n<p>En ese marco, Kicillof se\u00f1al\u00f3: \u201cSolo hace falta recorrer los barrios y observar la emoci\u00f3n de las familias que reciben sus viviendas para comprender la importancia de un Estado que est\u00e9 presente para acompa\u00f1ar a quienes lo necesitan\u201d. \u201cVamos a seguir haciendo todos los esfuerzos que est\u00e9n a nuestro alcance para que todas y todos los bonaerenses puedan cumplir el sue\u00f1o de la casa propia\u201d, explic\u00f3.<\/p>\n\n\n\n<p>\u201cNos duele que en la provincia de Buenos Aires haya 16 mil viviendas paralizadas por la decisi\u00f3n absolutamente insensible del Gobierno nacional: muchas de ellas ya estaban asignadas, contaban con un importante grado de avance y ahora se est\u00e1n deteriorando\u201d, sostuvo el Gobernador y a\u00f1adi\u00f3: \u201cNo se trata de diferencias ideol\u00f3gicas ni de discusiones de teor\u00eda econ\u00f3mica: necesitamos que el Presidente empiece a gobernar para dar respuestas a los problemas de los argentinos\u201d.<\/p>\n\n\n\n<figure class=\"wp-block-gallery has-nested-images columns-default is-cropped wp-block-gallery-2 is-layout-flex wp-block-gallery-is-layout-flex\">\n<figure class=\"wp-block-image size-large\"><img loading=\"lazy\" decoding=\"async\" width=\"500\" height=\"333\" data-id=\"62997\" src=\"https:\/\/acasaladillo.com.ar\/wp-content\/uploads\/2025\/11\/13-casas-kissikof-5.jpg\" alt=\"\" class=\"wp-image-62997\" srcset=\"https:\/\/acasaladillo.com.ar\/wp-content\/uploads\/2025\/11\/13-casas-kissikof-5.jpg 500w, https:\/\/acasaladillo.com.ar\/wp-content\/uploads\/2025\/11\/13-casas-kissikof-5-300x200.jpg 300w, https:\/\/acasaladillo.com.ar\/wp-content\/uploads\/2025\/11\/13-casas-kissikof-5-260x173.jpg 260w, https:\/\/acasaladillo.com.ar\/wp-content\/uploads\/2025\/11\/13-casas-kissikof-5-160x107.jpg 160w\" sizes=\"auto, (max-width: 500px) 100vw, 500px\" \/><\/figure>\n\n\n\n<figure class=\"wp-block-image size-large\"><img loading=\"lazy\" decoding=\"async\" width=\"500\" height=\"333\" data-id=\"62998\" src=\"https:\/\/acasaladillo.com.ar\/wp-content\/uploads\/2025\/11\/13-casas-kissikof-6.jpg\" alt=\"\" class=\"wp-image-62998\" srcset=\"https:\/\/acasaladillo.com.ar\/wp-content\/uploads\/2025\/11\/13-casas-kissikof-6.jpg 500w, https:\/\/acasaladillo.com.ar\/wp-content\/uploads\/2025\/11\/13-casas-kissikof-6-300x200.jpg 300w, https:\/\/acasaladillo.com.ar\/wp-content\/uploads\/2025\/11\/13-casas-kissikof-6-260x173.jpg 260w, https:\/\/acasaladillo.com.ar\/wp-content\/uploads\/2025\/11\/13-casas-kissikof-6-160x107.jpg 160w\" sizes=\"auto, (max-width: 500px) 100vw, 500px\" \/><\/figure>\n<\/figure>\n\n\n\n<p>Con una inversi\u00f3n de $742 millones, las nuevas unidades poseen 58 metros cuadrados y cuentan con dos dormitorios, cerco perimetral y gabinete para dos tubos de gas envasado. Adem\u00e1s, se realizaron las redes de cloacas, agua y electricidad.<\/p>\n\n\n\n<p>\u201cA diferencia de lo que pasa a nivel nacional, no vengo a Saladillo a agredir a un intendente porque no es de mi partido, sino a trabajar en conjunto para fortalecer las pol\u00edticas que hacen a la calidad de vida de nuestro pueblo\u201d, concluy\u00f3 Kicillof. <\/p>\n\n\n\n<figure class=\"wp-block-gallery has-nested-images columns-default is-cropped wp-block-gallery-3 is-layout-flex wp-block-gallery-is-layout-flex\">\n<figure class=\"wp-block-image size-large\"><img loading=\"lazy\" decoding=\"async\" width=\"500\" height=\"333\" data-id=\"62999\" src=\"https:\/\/acasaladillo.com.ar\/wp-content\/uploads\/2025\/11\/13-casas-kissikof-2.jpg\" alt=\"\" class=\"wp-image-62999\" srcset=\"https:\/\/acasaladillo.com.ar\/wp-content\/uploads\/2025\/11\/13-casas-kissikof-2.jpg 500w, https:\/\/acasaladillo.com.ar\/wp-content\/uploads\/2025\/11\/13-casas-kissikof-2-300x200.jpg 300w, https:\/\/acasaladillo.com.ar\/wp-content\/uploads\/2025\/11\/13-casas-kissikof-2-260x173.jpg 260w, https:\/\/acasaladillo.com.ar\/wp-content\/uploads\/2025\/11\/13-casas-kissikof-2-160x107.jpg 160w\" sizes=\"auto, (max-width: 500px) 100vw, 500px\" \/><\/figure>\n\n\n\n<figure class=\"wp-block-image size-large\"><img loading=\"lazy\" decoding=\"async\" width=\"500\" height=\"343\" data-id=\"63000\" src=\"https:\/\/acasaladillo.com.ar\/wp-content\/uploads\/2025\/11\/13-casas-kissikof-4.jpg\" alt=\"\" class=\"wp-image-63000\" srcset=\"https:\/\/acasaladillo.com.ar\/wp-content\/uploads\/2025\/11\/13-casas-kissikof-4.jpg 500w, https:\/\/acasaladillo.com.ar\/wp-content\/uploads\/2025\/11\/13-casas-kissikof-4-300x206.jpg 300w, https:\/\/acasaladillo.com.ar\/wp-content\/uploads\/2025\/11\/13-casas-kissikof-4-260x178.jpg 260w, https:\/\/acasaladillo.com.ar\/wp-content\/uploads\/2025\/11\/13-casas-kissikof-4-160x110.jpg 160w\" sizes=\"auto, (max-width: 500px) 100vw, 500px\" \/><\/figure>\n<\/figure>\n\n\n\n<p>\u00abDesde el Estado provincial tenemos un compromiso con el pueblo bonaerense y trabajamos d\u00eda a d\u00eda para llevarle bienestar: nos llena de felicidad que las casas que construimos se transformen en hogares para que estas familias puedan vivir mejor\u00bb, expres\u00f3 Batakis.<\/p>\n\n\n\n<p>Por su parte, el intendente Salom\u00f3n destac\u00f3 que \u201cesta es la demostraci\u00f3n de que la Provincia se vincula con todos los municipios, independientemente de las diferencias pol\u00edticas: estas viviendas que estamos entregando son el resultado de mucho esfuerzo, sacrificio y trabajo conjunto\u201d.<\/p>\n\n\n\n<figure class=\"wp-block-gallery has-nested-images columns-default is-cropped wp-block-gallery-4 is-layout-flex wp-block-gallery-is-layout-flex\">\n<figure class=\"wp-block-image size-large\"><img loading=\"lazy\" decoding=\"async\" width=\"500\" height=\"333\" data-id=\"63001\" src=\"https:\/\/acasaladillo.com.ar\/wp-content\/uploads\/2025\/11\/13-casas-kissikof-1-1.jpg\" alt=\"\" class=\"wp-image-63001\" srcset=\"https:\/\/acasaladillo.com.ar\/wp-content\/uploads\/2025\/11\/13-casas-kissikof-1-1.jpg 500w, https:\/\/acasaladillo.com.ar\/wp-content\/uploads\/2025\/11\/13-casas-kissikof-1-1-300x200.jpg 300w, https:\/\/acasaladillo.com.ar\/wp-content\/uploads\/2025\/11\/13-casas-kissikof-1-1-260x173.jpg 260w, https:\/\/acasaladillo.com.ar\/wp-content\/uploads\/2025\/11\/13-casas-kissikof-1-1-160x107.jpg 160w\" sizes=\"auto, (max-width: 500px) 100vw, 500px\" \/><\/figure>\n<\/figure>\n\n\n\n<p>Estuvieron presentes la jefa de Asesores del Gobernador, Cristina \u00c1lvarez Rodr\u00edguez; el ministro de Seguridad, Javier Alonso; el subsecretario de Articulaci\u00f3n Institucional, Eduardo Aparicio; el administrador general del Instituto de la Vivienda, Diego Men\u00e9ndez; el subadministrador del organismo, Hern\u00e1n Ralinqueo; el vicepresidente de AUBASA, Walter Abarca; el diputado provincial Ricardo Lissalde; su par Laura Aloisi; el intendente de Roque P\u00e9rez, Maximiliano Sciaini; los concejales Diego Yanson, F\u00e9lix Crognale, Silvina Cotignola y Ana Rapanelli; y el dirigente Danilo Mengarelli.<\/p>\n","protected":false},"excerpt":{"rendered":"<p>Entrega 13 casas<\/p>\n<p class=\"more-link-p\"><a class=\"more-link\" href=\"https:\/\/acasaladillo.com.ar\/?p=62993\">Read more &rarr;<\/a><\/p>\n","protected":false},"author":3,"featured_media":62999,"comment_status":"closed","ping_status":"closed","sticky":false,"template":"","format":"standard","meta":{"_monsterinsights_skip_tracking":false,"footnotes":""},"categories":[1],"tags":[3344],"class_list":["post-62993","post","type-post","status-publish","format-standard","has-post-thumbnail","hentry","category-noticias","tag-kicillof-entrego-viviendas"],"aioseo_notices":[],"_links":{"self":[{"href":"https:\/\/acasaladillo.com.ar\/index.php?rest_route=\/wp\/v2\/posts\/62993","targetHints":{"allow":["GET"]}}],"collection":[{"href":"https:\/\/acasaladillo.com.ar\/index.php?rest_route=\/wp\/v2\/posts"}],"about":[{"href":"https:\/\/acasaladillo.com.ar\/index.php?rest_route=\/wp\/v2\/types\/post"}],"author":[{"embeddable":true,"href":"https:\/\/acasaladillo.com.ar\/index.php?rest_route=\/wp\/v2\/users\/3"}],"replies":[{"embeddable":true,"href":"https:\/\/acasaladillo.com.ar\/index.php?rest_route=%2Fwp%2Fv2%2Fcomments&post=62993"}],"version-history":[{"count":1,"href":"https:\/\/acasaladillo.com.ar\/index.php?rest_route=\/wp\/v2\/posts\/62993\/revisions"}],"predecessor-version":[{"id":63002,"href":"https:\/\/acasaladillo.com.ar\/index.php?rest_route=\/wp\/v2\/posts\/62993\/revisions\/63002"}],"wp:featuredmedia":[{"embeddable":true,"href":"https:\/\/acasaladillo.com.ar\/index.php?rest_route=\/wp\/v2\/media\/62999"}],"wp:attachment":[{"href":"https:\/\/acasaladillo.com.ar\/index.php?rest_route=%2Fwp%2Fv2%2Fmedia&parent=62993"}],"wp:term":[{"taxonomy":"category","embeddable":true,"href":"https:\/\/acasaladillo.com.ar\/index.php?rest_route=%2Fwp%2Fv2%2Fcategories&post=62993"},{"taxonomy":"post_tag","embeddable":true,"href":"https:\/\/acasaladillo.com.ar\/index.php?rest_route=%2Fwp%2Fv2%2Ftags&post=62993"}],"curies":[{"name":"wp","href":"https:\/\/api.w.org\/{rel}","templated":true}]}}