{"id":62884,"date":"2025-10-08T21:29:32","date_gmt":"2025-10-09T00:29:32","guid":{"rendered":"https:\/\/acasaladillo.com.ar\/?p=62884"},"modified":"2025-10-08T21:29:35","modified_gmt":"2025-10-09T00:29:35","slug":"axel-kicillof","status":"publish","type":"post","link":"https:\/\/acasaladillo.com.ar\/?p=62884","title":{"rendered":"Axel Kicillof"},"content":{"rendered":"\n<figure class=\"wp-block-image size-full is-style-rounded\"><img loading=\"lazy\" decoding=\"async\" width=\"500\" height=\"333\" src=\"https:\/\/acasaladillo.com.ar\/wp-content\/uploads\/2025\/10\/AR10117.jpg\" alt=\"\" class=\"wp-image-62885\" srcset=\"https:\/\/acasaladillo.com.ar\/wp-content\/uploads\/2025\/10\/AR10117.jpg 500w, https:\/\/acasaladillo.com.ar\/wp-content\/uploads\/2025\/10\/AR10117-300x200.jpg 300w, https:\/\/acasaladillo.com.ar\/wp-content\/uploads\/2025\/10\/AR10117-260x173.jpg 260w, https:\/\/acasaladillo.com.ar\/wp-content\/uploads\/2025\/10\/AR10117-160x107.jpg 160w\" sizes=\"auto, (max-width: 500px) 100vw, 500px\" \/><\/figure>\n\n\n\n<p><\/p>\n\n\n\n<p>El gobernador<\/p>\n\n\n\n<!--more-->\n\n\n\n<hr class=\"wp-block-separator has-alpha-channel-opacity\"\/>\n\n\n\n<p>Kicillof recorri\u00f3 la Casa de la Provincia en Saladillo<br>Adem\u00e1s, el Gobernador visit\u00f3 las instalaciones de las cooperativas Agr\u00edcola Ganadera y de Trabajo Molinera.<\/p>\n\n\n\n<p>El gobernador de la provincia de Buenos Aires, Axel Kicillof, recorri\u00f3 este mi\u00e9rcoles la Casa de la Provincia en el municipio de Saladillo, donde adem\u00e1s visit\u00f3 las instalaciones de dos cooperativas. Fue junto a la jefa de Asesores del Gobernador, Cristina \u00c1lvarez Rodr\u00edguez; los ministros de Desarrollo Agrario, Javier Rodr\u00edguez; de Trabajo, Walter Correa; y de H\u00e1bitat y Desarrollo Urbano, Silvina Batakis; y el intendente local, Jos\u00e9 Luis Salom\u00f3n.<\/p>\n\n\n\n<figure class=\"wp-block-gallery has-nested-images columns-default is-cropped wp-block-gallery-1 is-layout-flex wp-block-gallery-is-layout-flex\">\n<figure class=\"wp-block-image size-large\"><img loading=\"lazy\" decoding=\"async\" width=\"500\" height=\"333\" data-id=\"62891\" src=\"https:\/\/acasaladillo.com.ar\/wp-content\/uploads\/2025\/10\/AR10652.jpg\" alt=\"\" class=\"wp-image-62891\" srcset=\"https:\/\/acasaladillo.com.ar\/wp-content\/uploads\/2025\/10\/AR10652.jpg 500w, https:\/\/acasaladillo.com.ar\/wp-content\/uploads\/2025\/10\/AR10652-300x200.jpg 300w, https:\/\/acasaladillo.com.ar\/wp-content\/uploads\/2025\/10\/AR10652-260x173.jpg 260w, https:\/\/acasaladillo.com.ar\/wp-content\/uploads\/2025\/10\/AR10652-160x107.jpg 160w\" sizes=\"auto, (max-width: 500px) 100vw, 500px\" \/><\/figure>\n\n\n\n<figure class=\"wp-block-image size-large\"><img loading=\"lazy\" decoding=\"async\" width=\"500\" height=\"333\" data-id=\"62890\" src=\"https:\/\/acasaladillo.com.ar\/wp-content\/uploads\/2025\/10\/AR73511.jpg\" alt=\"\" class=\"wp-image-62890\" srcset=\"https:\/\/acasaladillo.com.ar\/wp-content\/uploads\/2025\/10\/AR73511.jpg 500w, https:\/\/acasaladillo.com.ar\/wp-content\/uploads\/2025\/10\/AR73511-300x200.jpg 300w, https:\/\/acasaladillo.com.ar\/wp-content\/uploads\/2025\/10\/AR73511-260x173.jpg 260w, https:\/\/acasaladillo.com.ar\/wp-content\/uploads\/2025\/10\/AR73511-160x107.jpg 160w\" sizes=\"auto, (max-width: 500px) 100vw, 500px\" \/><\/figure>\n<\/figure>\n\n\n\n<p>En ese marco, Kicillof afirm\u00f3: \u201cCada Casa de la Provincia representa un contraste con lo que est\u00e1 pasando a nivel nacional: se trata de obra p\u00fablica que genera mejores servicios para los habitantes del interior\u201d. \u201cPara nosotros, esto es el federalismo: contar con un Estado eficiente, cercano y que brinda respuestas en todos los rincones de la provincia de Buenos Aires\u201d, agreg\u00f3.<\/p>\n\n\n\n<p>\u201cEstamos atravesando un momento muy dif\u00edcil para el pa\u00eds y la Provincia no puede estar ajena: en cada municipio que recorremos vemos que cierran empresas, caen las ventas y se pierden cientos de puestos de empleo\u201d, sostuvo el Gobernador y a\u00f1adi\u00f3: \u201cNos duele que, mientras la plata no alcanza para llegar a fin de mes, tengamos un Presidente que est\u00e1 totalmente ajeno a la realidad de la mayor\u00eda y responde con m\u00e1s ajuste e indiferencia\u201d.<\/p>\n\n\n\n<p>La sede permite brindar una atenci\u00f3n m\u00e1s eficiente al centralizar los tr\u00e1mites y prestaciones de ARBA, IOMA, el Registro Provincial de las Personas y el Instituto de Previsi\u00f3n Social (IPS). Adem\u00e1s, posee delegaciones de los ministerios de Trabajo, de Desarrollo Agrario y de Mujeres y Diversidad.<\/p>\n\n\n\n<figure class=\"wp-block-gallery has-nested-images columns-default is-cropped wp-block-gallery-2 is-layout-flex wp-block-gallery-is-layout-flex\">\n<figure class=\"wp-block-image size-large\"><img loading=\"lazy\" decoding=\"async\" width=\"500\" height=\"333\" data-id=\"62893\" src=\"https:\/\/acasaladillo.com.ar\/wp-content\/uploads\/2025\/10\/AR10201.jpg\" alt=\"\" class=\"wp-image-62893\" srcset=\"https:\/\/acasaladillo.com.ar\/wp-content\/uploads\/2025\/10\/AR10201.jpg 500w, https:\/\/acasaladillo.com.ar\/wp-content\/uploads\/2025\/10\/AR10201-300x200.jpg 300w, https:\/\/acasaladillo.com.ar\/wp-content\/uploads\/2025\/10\/AR10201-260x173.jpg 260w, https:\/\/acasaladillo.com.ar\/wp-content\/uploads\/2025\/10\/AR10201-160x107.jpg 160w\" sizes=\"auto, (max-width: 500px) 100vw, 500px\" \/><\/figure>\n\n\n\n<figure class=\"wp-block-image size-large\"><img loading=\"lazy\" decoding=\"async\" width=\"500\" height=\"333\" data-id=\"62892\" src=\"https:\/\/acasaladillo.com.ar\/wp-content\/uploads\/2025\/10\/AR10318.jpg\" alt=\"\" class=\"wp-image-62892\" srcset=\"https:\/\/acasaladillo.com.ar\/wp-content\/uploads\/2025\/10\/AR10318.jpg 500w, https:\/\/acasaladillo.com.ar\/wp-content\/uploads\/2025\/10\/AR10318-300x200.jpg 300w, https:\/\/acasaladillo.com.ar\/wp-content\/uploads\/2025\/10\/AR10318-260x173.jpg 260w, https:\/\/acasaladillo.com.ar\/wp-content\/uploads\/2025\/10\/AR10318-160x107.jpg 160w\" sizes=\"auto, (max-width: 500px) 100vw, 500px\" \/><\/figure>\n<\/figure>\n\n\n\n<p>Por su parte, \u00c1lvarez Rodr\u00edguez subray\u00f3: \u201cEn este edificio, equipado con la mejor tecnolog\u00eda, ya se realizaron m\u00e1s de 32 mil tr\u00e1mites, demostrando que todos los bonaerenses merecemos el mismo nivel de atenci\u00f3n\u201d. \u201cSiempre remarcamos que mejor que decir es hacer, por eso el Estado bonaerense se caracteriza por sus obras, sus respuestas y por tener el o\u00eddo puesto en las demandas de nuestro pueblo\u201d, agreg\u00f3.<\/p>\n\n\n\n<p>\u201cEste nuevo edificio habla mucho de lo que representa la gesti\u00f3n en la Provincia: es un caso que ejemplifica c\u00f3mo las obras p\u00fablicas sirven tambi\u00e9n para mejorar la calidad y la eficiencia de los servicios que se le brindan a los vecinos\u201d, sostuvo Salom\u00f3n.<\/p>\n\n\n\n<p>Recorrida por cooperativas locales<\/p>\n\n\n\n<p>Durante la jornada, Kicillof recorri\u00f3 la Cooperativa Agr\u00edcola Ganadera local que, con tres sucursales y m\u00e1s de 60 empleados, se dedica al acopio, acondicionamiento y comercializaci\u00f3n de granos. En 2023, la firma recibi\u00f3 financiamiento del Gobierno provincial para la modernizaci\u00f3n de la planta de silos y para la compra e instalaci\u00f3n de equipamiento.<\/p>\n\n\n\n<figure class=\"wp-block-gallery has-nested-images columns-default is-cropped wp-block-gallery-3 is-layout-flex wp-block-gallery-is-layout-flex\">\n<figure class=\"wp-block-image size-large\"><img loading=\"lazy\" decoding=\"async\" width=\"500\" height=\"333\" data-id=\"62887\" src=\"https:\/\/acasaladillo.com.ar\/wp-content\/uploads\/2025\/10\/AR19075.jpg\" alt=\"\" class=\"wp-image-62887\" srcset=\"https:\/\/acasaladillo.com.ar\/wp-content\/uploads\/2025\/10\/AR19075.jpg 500w, https:\/\/acasaladillo.com.ar\/wp-content\/uploads\/2025\/10\/AR19075-300x200.jpg 300w, https:\/\/acasaladillo.com.ar\/wp-content\/uploads\/2025\/10\/AR19075-260x173.jpg 260w, https:\/\/acasaladillo.com.ar\/wp-content\/uploads\/2025\/10\/AR19075-160x107.jpg 160w\" sizes=\"auto, (max-width: 500px) 100vw, 500px\" \/><\/figure>\n\n\n\n<figure class=\"wp-block-image size-large\"><img loading=\"lazy\" decoding=\"async\" width=\"500\" height=\"333\" data-id=\"62886\" src=\"https:\/\/acasaladillo.com.ar\/wp-content\/uploads\/2025\/10\/AR19201.jpg\" alt=\"\" class=\"wp-image-62886\" srcset=\"https:\/\/acasaladillo.com.ar\/wp-content\/uploads\/2025\/10\/AR19201.jpg 500w, https:\/\/acasaladillo.com.ar\/wp-content\/uploads\/2025\/10\/AR19201-300x200.jpg 300w, https:\/\/acasaladillo.com.ar\/wp-content\/uploads\/2025\/10\/AR19201-260x173.jpg 260w, https:\/\/acasaladillo.com.ar\/wp-content\/uploads\/2025\/10\/AR19201-160x107.jpg 160w\" sizes=\"auto, (max-width: 500px) 100vw, 500px\" \/><\/figure>\n<\/figure>\n\n\n\n<p>Asimismo, las autoridades visitaron la Cooperativa de Trabajo Molinera de Saladillo, recuperada por sus propios trabajadores en 2002. Dedicada a la elaboraci\u00f3n de harinas y subproductos, recibi\u00f3 acompa\u00f1amiento del Ministerio de Desarrollo Agrario, a trav\u00e9s de la l\u00ednea \u201cAgregado de Valor Cooperativo 2022\u201d, para mejorar la infraestructura mec\u00e1nica y optimizar los procesos de industrializaci\u00f3n.<\/p>\n\n\n\n<figure class=\"wp-block-gallery has-nested-images columns-default is-cropped wp-block-gallery-4 is-layout-flex wp-block-gallery-is-layout-flex\">\n<figure class=\"wp-block-image size-large\"><img loading=\"lazy\" decoding=\"async\" width=\"500\" height=\"333\" data-id=\"62888\" src=\"https:\/\/acasaladillo.com.ar\/wp-content\/uploads\/2025\/10\/AR19151.jpg\" alt=\"\" class=\"wp-image-62888\" srcset=\"https:\/\/acasaladillo.com.ar\/wp-content\/uploads\/2025\/10\/AR19151.jpg 500w, https:\/\/acasaladillo.com.ar\/wp-content\/uploads\/2025\/10\/AR19151-300x200.jpg 300w, https:\/\/acasaladillo.com.ar\/wp-content\/uploads\/2025\/10\/AR19151-260x173.jpg 260w, https:\/\/acasaladillo.com.ar\/wp-content\/uploads\/2025\/10\/AR19151-160x107.jpg 160w\" sizes=\"auto, (max-width: 500px) 100vw, 500px\" \/><\/figure>\n\n\n\n<figure class=\"wp-block-image size-large\"><img loading=\"lazy\" decoding=\"async\" width=\"500\" height=\"333\" data-id=\"62889\" src=\"https:\/\/acasaladillo.com.ar\/wp-content\/uploads\/2025\/10\/AR19265.jpg\" alt=\"\" class=\"wp-image-62889\" srcset=\"https:\/\/acasaladillo.com.ar\/wp-content\/uploads\/2025\/10\/AR19265.jpg 500w, https:\/\/acasaladillo.com.ar\/wp-content\/uploads\/2025\/10\/AR19265-300x200.jpg 300w, https:\/\/acasaladillo.com.ar\/wp-content\/uploads\/2025\/10\/AR19265-260x173.jpg 260w, https:\/\/acasaladillo.com.ar\/wp-content\/uploads\/2025\/10\/AR19265-160x107.jpg 160w\" sizes=\"auto, (max-width: 500px) 100vw, 500px\" \/><\/figure>\n<\/figure>\n\n\n\n<p>Por \u00faltimo, Kicillof sostuvo: \u201cEl Gobierno bonaerense va a estar siempre acompa\u00f1ando a las pymes y a las cooperativas: continuaremos fortaleciendo las herramientas y las pol\u00edticas para quienes son el principal generador de puestos de trabajo\u201d. \u201cEl 26 de octubre tenemos que ponerle un freno a la crueldad: para defender a Saladillo, a la producci\u00f3n, a la educaci\u00f3n y a la salud, hay que marcar una columna y es la que dice Fuerza Patria\u201d, concluy\u00f3.<\/p>\n\n\n\n<p>Estuvieron presentes el subsecretario de Gesti\u00f3n Operativa de la Jefatura de Asesores, Juan Pablo Cusa; el vicepresidente de AUBASA, Walter Abarca; el diputado provincial Ricardo Lissalde; el gerente de la Cooperativa Agr\u00edcola Ganadera, Martin Venancio; el presidente de la Cooperativa de Trabajo Molinera, Roberto Tosisi; los intendentes de Las Flores, Alberto Gelen\u00e9; y de Roque P\u00e9rez, Maximiliano Sciaini; funcionarios y funcionarias municipales; concejales y concejalas.<\/p>\n","protected":false},"excerpt":{"rendered":"<p>El gobernador<\/p>\n<p class=\"more-link-p\"><a class=\"more-link\" href=\"https:\/\/acasaladillo.com.ar\/?p=62884\">Read more &rarr;<\/a><\/p>\n","protected":false},"author":3,"featured_media":62891,"comment_status":"closed","ping_status":"closed","sticky":false,"template":"","format":"standard","meta":{"_monsterinsights_skip_tracking":false,"footnotes":""},"categories":[1],"tags":[],"class_list":["post-62884","post","type-post","status-publish","format-standard","has-post-thumbnail","hentry","category-noticias"],"aioseo_notices":[],"_links":{"self":[{"href":"https:\/\/acasaladillo.com.ar\/index.php?rest_route=\/wp\/v2\/posts\/62884","targetHints":{"allow":["GET"]}}],"collection":[{"href":"https:\/\/acasaladillo.com.ar\/index.php?rest_route=\/wp\/v2\/posts"}],"about":[{"href":"https:\/\/acasaladillo.com.ar\/index.php?rest_route=\/wp\/v2\/types\/post"}],"author":[{"embeddable":true,"href":"https:\/\/acasaladillo.com.ar\/index.php?rest_route=\/wp\/v2\/users\/3"}],"replies":[{"embeddable":true,"href":"https:\/\/acasaladillo.com.ar\/index.php?rest_route=%2Fwp%2Fv2%2Fcomments&post=62884"}],"version-history":[{"count":1,"href":"https:\/\/acasaladillo.com.ar\/index.php?rest_route=\/wp\/v2\/posts\/62884\/revisions"}],"predecessor-version":[{"id":62894,"href":"https:\/\/acasaladillo.com.ar\/index.php?rest_route=\/wp\/v2\/posts\/62884\/revisions\/62894"}],"wp:featuredmedia":[{"embeddable":true,"href":"https:\/\/acasaladillo.com.ar\/index.php?rest_route=\/wp\/v2\/media\/62891"}],"wp:attachment":[{"href":"https:\/\/acasaladillo.com.ar\/index.php?rest_route=%2Fwp%2Fv2%2Fmedia&parent=62884"}],"wp:term":[{"taxonomy":"category","embeddable":true,"href":"https:\/\/acasaladillo.com.ar\/index.php?rest_route=%2Fwp%2Fv2%2Fcategories&post=62884"},{"taxonomy":"post_tag","embeddable":true,"href":"https:\/\/acasaladillo.com.ar\/index.php?rest_route=%2Fwp%2Fv2%2Ftags&post=62884"}],"curies":[{"name":"wp","href":"https:\/\/api.w.org\/{rel}","templated":true}]}}