{"id":62859,"date":"2025-10-08T14:01:24","date_gmt":"2025-10-08T17:01:24","guid":{"rendered":"https:\/\/acasaladillo.com.ar\/?p=62859"},"modified":"2025-10-08T15:10:47","modified_gmt":"2025-10-08T18:10:47","slug":"ggggggggggggggggg","status":"publish","type":"post","link":"https:\/\/acasaladillo.com.ar\/?p=62859","title":{"rendered":"Inclusi\u00f3n"},"content":{"rendered":"\n<figure class=\"wp-block-image size-full is-style-rounded\"><img loading=\"lazy\" decoding=\"async\" width=\"400\" height=\"267\" src=\"https:\/\/acasaladillo.com.ar\/wp-content\/uploads\/2025\/10\/1-4.jpg\" alt=\"\" class=\"wp-image-62861\" srcset=\"https:\/\/acasaladillo.com.ar\/wp-content\/uploads\/2025\/10\/1-4.jpg 400w, https:\/\/acasaladillo.com.ar\/wp-content\/uploads\/2025\/10\/1-4-300x200.jpg 300w, https:\/\/acasaladillo.com.ar\/wp-content\/uploads\/2025\/10\/1-4-260x174.jpg 260w, https:\/\/acasaladillo.com.ar\/wp-content\/uploads\/2025\/10\/1-4-160x107.jpg 160w\" sizes=\"auto, (max-width: 400px) 100vw, 400px\" \/><\/figure>\n\n\n\n<p><\/p>\n\n\n\n<blockquote class=\"wp-block-quote is-layout-flow wp-block-quote-is-layout-flow\">\n<p><strong> Familia y Discapacidad<\/strong><\/p>\n<\/blockquote>\n\n\n\n<!--more-->\n\n\n\n<hr class=\"wp-block-separator has-alpha-channel-opacity\"\/>\n\n\n\n<p id=\"-Direcci\u00f3n-de-Ni\u00f1ez,-Familia-y-Discapacidad,\">Inclusi\u00f3n y experiencias compartidas: un viaje a Buenos Aires con espacios de la Direcci\u00f3n de Ni\u00f1ez, Familia y Discapacidad<\/p>\n\n\n\n<p>D\u00edas atr\u00e1s, participantes de los talleres de Lengua de Se\u00f1as y de Vida Independiente, ambos pertenecientes a la Direcci\u00f3n de Ni\u00f1ez, Familia y Discapacidad de la <a href=\"https:\/\/www.facebook.com\/munisaladillo?__cft__[0]=AZXnzVsVlMXvBWybKMLoSAA-GHwyLaRJRGvBXVzKWBOvSbU7iVend4ujdL991H2Yl7bj7T1hDpXOUIVGv07FA18vK1UJrqsTiIVpqaJ1D0iWtukVpf9fP8Tnz1CNOVbzhYwQ0uGeodb8w_ugOG3J8UOpq7sw-0aA1C1gXPRVyHIQ1LwJPPuPlLgJCZs07MvZLC8&amp;__tn__=-]K-R\">Municipalidad de Saladillo<\/a>, realizaron un enriquecedor viaje a la ciudad de Buenos Aires.<\/p>\n\n\n\n<figure class=\"wp-block-gallery has-nested-images columns-default is-cropped wp-block-gallery-1 is-layout-flex wp-block-gallery-is-layout-flex\">\n<figure class=\"wp-block-image size-large\"><img loading=\"lazy\" decoding=\"async\" width=\"400\" height=\"267\" data-id=\"62864\" src=\"https:\/\/acasaladillo.com.ar\/wp-content\/uploads\/2025\/10\/1-3.jpg\" alt=\"\" class=\"wp-image-62864\" srcset=\"https:\/\/acasaladillo.com.ar\/wp-content\/uploads\/2025\/10\/1-3.jpg 400w, https:\/\/acasaladillo.com.ar\/wp-content\/uploads\/2025\/10\/1-3-300x200.jpg 300w, https:\/\/acasaladillo.com.ar\/wp-content\/uploads\/2025\/10\/1-3-260x174.jpg 260w, https:\/\/acasaladillo.com.ar\/wp-content\/uploads\/2025\/10\/1-3-160x107.jpg 160w\" sizes=\"auto, (max-width: 400px) 100vw, 400px\" \/><\/figure>\n\n\n\n<figure class=\"wp-block-image size-large\"><img loading=\"lazy\" decoding=\"async\" width=\"400\" height=\"267\" data-id=\"62863\" src=\"https:\/\/acasaladillo.com.ar\/wp-content\/uploads\/2025\/10\/1-5.jpg\" alt=\"\" class=\"wp-image-62863\" srcset=\"https:\/\/acasaladillo.com.ar\/wp-content\/uploads\/2025\/10\/1-5.jpg 400w, https:\/\/acasaladillo.com.ar\/wp-content\/uploads\/2025\/10\/1-5-300x200.jpg 300w, https:\/\/acasaladillo.com.ar\/wp-content\/uploads\/2025\/10\/1-5-260x174.jpg 260w, https:\/\/acasaladillo.com.ar\/wp-content\/uploads\/2025\/10\/1-5-160x107.jpg 160w\" sizes=\"auto, (max-width: 400px) 100vw, 400px\" \/><\/figure>\n<\/figure>\n\n\n\n<p>La actividad tuvo como prop\u00f3sito promover la inclusi\u00f3n social y fortalecer los lazos entre j\u00f3venes y <a><\/a>adultos que forman parte de estos espacios. Participaron integrantes de la \u00faltima capacitaci\u00f3n en Lengua de Se\u00f1as Argentina, parte del equipo capacitador, j\u00f3venes de la comunidad sorda vinculados al \u00e1rea, ni\u00f1os y adolescentes <a href=\"https:\/\/www.facebook.com\/hashtag\/sordos?__cft__[0]=AZXnzVsVlMXvBWybKMLoSAA-GHwyLaRJRGvBXVzKWBOvSbU7iVend4ujdL991H2Yl7bj7T1hDpXOUIVGv07FA18vK1UJrqsTiIVpqaJ1D0iWtukVpf9fP8Tnz1CNOVbzhYwQ0uGeodb8w_ugOG3J8UOpq7sw-0aA1C1gXPRVyHIQ1LwJPPuPlLgJCZs07MvZLC8&amp;__tn__=*NK-R\">#sordos<\/a> invitados a trav\u00e9s de la Escuela Especial N\u00b0 501. Adem\u00e1s se sumaron a esta experiencia j\u00f3venes con discapacidad mayores de 17 a\u00f1os que asisten semanalmente al Taller de Vida Independiente, donde se trabaja el desarrollo de la autonom\u00eda y las habilidades sociales.<\/p>\n\n\n\n<figure class=\"wp-block-gallery has-nested-images columns-default is-cropped wp-block-gallery-2 is-layout-flex wp-block-gallery-is-layout-flex\">\n<figure class=\"wp-block-image size-large\"><img loading=\"lazy\" decoding=\"async\" width=\"383\" height=\"400\" data-id=\"62872\" src=\"https:\/\/acasaladillo.com.ar\/wp-content\/uploads\/2025\/10\/BOCA-1.jpg\" alt=\"\" class=\"wp-image-62872\" srcset=\"https:\/\/acasaladillo.com.ar\/wp-content\/uploads\/2025\/10\/BOCA-1.jpg 383w, https:\/\/acasaladillo.com.ar\/wp-content\/uploads\/2025\/10\/BOCA-1-287x300.jpg 287w, https:\/\/acasaladillo.com.ar\/wp-content\/uploads\/2025\/10\/BOCA-1-260x272.jpg 260w, https:\/\/acasaladillo.com.ar\/wp-content\/uploads\/2025\/10\/BOCA-1-160x167.jpg 160w\" sizes=\"auto, (max-width: 383px) 100vw, 383px\" \/><\/figure>\n\n\n\n<figure class=\"wp-block-image size-large\"><img loading=\"lazy\" decoding=\"async\" width=\"400\" height=\"283\" data-id=\"62873\" src=\"https:\/\/acasaladillo.com.ar\/wp-content\/uploads\/2025\/10\/boca.jpg\" alt=\"\" class=\"wp-image-62873\" srcset=\"https:\/\/acasaladillo.com.ar\/wp-content\/uploads\/2025\/10\/boca.jpg 400w, https:\/\/acasaladillo.com.ar\/wp-content\/uploads\/2025\/10\/boca-300x212.jpg 300w, https:\/\/acasaladillo.com.ar\/wp-content\/uploads\/2025\/10\/boca-260x184.jpg 260w, https:\/\/acasaladillo.com.ar\/wp-content\/uploads\/2025\/10\/boca-160x113.jpg 160w\" sizes=\"auto, (max-width: 400px) 100vw, 400px\" \/><\/figure>\n<\/figure>\n\n\n\n<p>Durante la jornada, los grupos recorrieron la Fundaci\u00f3n Boca Juniors, donde disfrutaron de una visita guiada y recibieron una camiseta autografiada por el <a href=\"https:\/\/www.facebook.com\/hashtag\/clubbocajuniors?__cft__[0]=AZXnzVsVlMXvBWybKMLoSAA-GHwyLaRJRGvBXVzKWBOvSbU7iVend4ujdL991H2Yl7bj7T1hDpXOUIVGv07FA18vK1UJrqsTiIVpqaJ1D0iWtukVpf9fP8Tnz1CNOVbzhYwQ0uGeodb8w_ugOG3J8UOpq7sw-0aA1C1gXPRVyHIQ1LwJPPuPlLgJCZs07MvZLC8&amp;__tn__=*NK-R\">#clubbocajuniors<\/a>. Adem\u00e1s, visitaron Caminito.<\/p>\n\n\n\n<figure class=\"wp-block-gallery has-nested-images columns-default is-cropped wp-block-gallery-3 is-layout-flex wp-block-gallery-is-layout-flex\">\n<figure class=\"wp-block-image size-large\"><img loading=\"lazy\" decoding=\"async\" width=\"400\" height=\"226\" data-id=\"62880\" src=\"https:\/\/acasaladillo.com.ar\/wp-content\/uploads\/2025\/10\/aaaaaaaa.jpg\" alt=\"\" class=\"wp-image-62880\" srcset=\"https:\/\/acasaladillo.com.ar\/wp-content\/uploads\/2025\/10\/aaaaaaaa.jpg 400w, https:\/\/acasaladillo.com.ar\/wp-content\/uploads\/2025\/10\/aaaaaaaa-300x170.jpg 300w, https:\/\/acasaladillo.com.ar\/wp-content\/uploads\/2025\/10\/aaaaaaaa-260x147.jpg 260w, https:\/\/acasaladillo.com.ar\/wp-content\/uploads\/2025\/10\/aaaaaaaa-160x90.jpg 160w\" sizes=\"auto, (max-width: 400px) 100vw, 400px\" \/><\/figure>\n\n\n\n<figure class=\"wp-block-image size-large\"><img loading=\"lazy\" decoding=\"async\" width=\"400\" height=\"299\" data-id=\"62879\" src=\"https:\/\/acasaladillo.com.ar\/wp-content\/uploads\/2025\/10\/1111111.jpg\" alt=\"\" class=\"wp-image-62879\" srcset=\"https:\/\/acasaladillo.com.ar\/wp-content\/uploads\/2025\/10\/1111111.jpg 400w, https:\/\/acasaladillo.com.ar\/wp-content\/uploads\/2025\/10\/1111111-300x224.jpg 300w, https:\/\/acasaladillo.com.ar\/wp-content\/uploads\/2025\/10\/1111111-260x194.jpg 260w, https:\/\/acasaladillo.com.ar\/wp-content\/uploads\/2025\/10\/1111111-160x120.jpg 160w\" sizes=\"auto, (max-width: 400px) 100vw, 400px\" \/><\/figure>\n<\/figure>\n\n\n\n<p>Luego compartieron un almuerzo en <a href=\"https:\/\/www.facebook.com\/hashtag\/mcdonalds?__cft__[0]=AZXnzVsVlMXvBWybKMLoSAA-GHwyLaRJRGvBXVzKWBOvSbU7iVend4ujdL991H2Yl7bj7T1hDpXOUIVGv07FA18vK1UJrqsTiIVpqaJ1D0iWtukVpf9fP8Tnz1CNOVbzhYwQ0uGeodb8w_ugOG3J8UOpq7sw-0aA1C1gXPRVyHIQ1LwJPPuPlLgJCZs07MvZLC8&amp;__tn__=*NK-R\">#mcdonalds<\/a> gracias a la invitaci\u00f3n de <a href=\"https:\/\/www.facebook.com\/noelia.junco.5?__cft__[0]=AZXnzVsVlMXvBWybKMLoSAA-GHwyLaRJRGvBXVzKWBOvSbU7iVend4ujdL991H2Yl7bj7T1hDpXOUIVGv07FA18vK1UJrqsTiIVpqaJ1D0iWtukVpf9fP8Tnz1CNOVbzhYwQ0uGeodb8w_ugOG3J8UOpq7sw-0aA1C1gXPRVyHIQ1LwJPPuPlLgJCZs07MvZLC8&amp;__tn__=-]K-R\">Noelia Junco<\/a>, y finalizaron la experiencia en el FICSOR (Festival Internacional de Cine Sordo), realizado en el Cine Gaumont. <\/p>\n\n\n\n<figure class=\"wp-block-gallery has-nested-images columns-default is-cropped wp-block-gallery-4 is-layout-flex wp-block-gallery-is-layout-flex\">\n<figure class=\"wp-block-image size-large\"><img loading=\"lazy\" decoding=\"async\" width=\"400\" height=\"300\" data-id=\"62878\" src=\"https:\/\/acasaladillo.com.ar\/wp-content\/uploads\/2025\/10\/111.jpg\" alt=\"\" class=\"wp-image-62878\" srcset=\"https:\/\/acasaladillo.com.ar\/wp-content\/uploads\/2025\/10\/111.jpg 400w, https:\/\/acasaladillo.com.ar\/wp-content\/uploads\/2025\/10\/111-300x225.jpg 300w, https:\/\/acasaladillo.com.ar\/wp-content\/uploads\/2025\/10\/111-260x195.jpg 260w, https:\/\/acasaladillo.com.ar\/wp-content\/uploads\/2025\/10\/111-160x120.jpg 160w\" sizes=\"auto, (max-width: 400px) 100vw, 400px\" \/><\/figure>\n\n\n\n<figure class=\"wp-block-image size-large\"><img loading=\"lazy\" decoding=\"async\" width=\"400\" height=\"299\" data-id=\"62877\" src=\"https:\/\/acasaladillo.com.ar\/wp-content\/uploads\/2025\/10\/1111.jpg\" alt=\"\" class=\"wp-image-62877\" srcset=\"https:\/\/acasaladillo.com.ar\/wp-content\/uploads\/2025\/10\/1111.jpg 400w, https:\/\/acasaladillo.com.ar\/wp-content\/uploads\/2025\/10\/1111-300x224.jpg 300w, https:\/\/acasaladillo.com.ar\/wp-content\/uploads\/2025\/10\/1111-260x194.jpg 260w, https:\/\/acasaladillo.com.ar\/wp-content\/uploads\/2025\/10\/1111-160x120.jpg 160w\" sizes=\"auto, (max-width: 400px) 100vw, 400px\" \/><\/figure>\n<\/figure>\n\n\n\n<p>D\u00edas despu\u00e9s del viaje, parte del grupo visit\u00f3 al Intendente Municipal, Ing. <a href=\"https:\/\/www.facebook.com\/joseluis.salomon.399?__cft__[0]=AZXnzVsVlMXvBWybKMLoSAA-GHwyLaRJRGvBXVzKWBOvSbU7iVend4ujdL991H2Yl7bj7T1hDpXOUIVGv07FA18vK1UJrqsTiIVpqaJ1D0iWtukVpf9fP8Tnz1CNOVbzhYwQ0uGeodb8w_ugOG3J8UOpq7sw-0aA1C1gXPRVyHIQ1LwJPPuPlLgJCZs07MvZLC8&amp;__tn__=-]K-R\">Jose Luis Salomon<\/a> para agradecerle el apoyo brindado y compartirle la experiencia vivida. En ese encuentro, le obsequiaron la camiseta de Boca autografiada, como muestra de gratitud por su acompa\u00f1amiento.<\/p>\n\n\n\n<figure class=\"wp-block-gallery has-nested-images columns-default is-cropped wp-block-gallery-5 is-layout-flex wp-block-gallery-is-layout-flex\">\n<figure class=\"wp-block-image size-large\"><img loading=\"lazy\" decoding=\"async\" width=\"400\" height=\"267\" data-id=\"62868\" src=\"https:\/\/acasaladillo.com.ar\/wp-content\/uploads\/2025\/10\/1-2.jpg\" alt=\"\" class=\"wp-image-62868\" srcset=\"https:\/\/acasaladillo.com.ar\/wp-content\/uploads\/2025\/10\/1-2.jpg 400w, https:\/\/acasaladillo.com.ar\/wp-content\/uploads\/2025\/10\/1-2-300x200.jpg 300w, https:\/\/acasaladillo.com.ar\/wp-content\/uploads\/2025\/10\/1-2-260x174.jpg 260w, https:\/\/acasaladillo.com.ar\/wp-content\/uploads\/2025\/10\/1-2-160x107.jpg 160w\" sizes=\"auto, (max-width: 400px) 100vw, 400px\" \/><\/figure>\n\n\n\n<figure class=\"wp-block-image size-large\"><img loading=\"lazy\" decoding=\"async\" width=\"400\" height=\"267\" data-id=\"62867\" src=\"https:\/\/acasaladillo.com.ar\/wp-content\/uploads\/2025\/10\/1-7.jpg\" alt=\"\" class=\"wp-image-62867\" srcset=\"https:\/\/acasaladillo.com.ar\/wp-content\/uploads\/2025\/10\/1-7.jpg 400w, https:\/\/acasaladillo.com.ar\/wp-content\/uploads\/2025\/10\/1-7-300x200.jpg 300w, https:\/\/acasaladillo.com.ar\/wp-content\/uploads\/2025\/10\/1-7-260x174.jpg 260w, https:\/\/acasaladillo.com.ar\/wp-content\/uploads\/2025\/10\/1-7-160x107.jpg 160w\" sizes=\"auto, (max-width: 400px) 100vw, 400px\" \/><\/figure>\n<\/figure>\n\n\n\n<p>El viaje, realizado en dos combis, represent\u00f3 una valiosa experiencia de integraci\u00f3n, aprendizaje y disfrute colectivo, reafirmando el compromiso de la Municipalidad de Saladillo con las pol\u00edticas p\u00fablicas inclusivas y la promoci\u00f3n de los derechos de las personas con discapacidad<\/p>\n\n\n\n<figure class=\"wp-block-gallery has-nested-images columns-default is-cropped wp-block-gallery-6 is-layout-flex wp-block-gallery-is-layout-flex\">\n<figure class=\"wp-block-image size-large\"><img loading=\"lazy\" decoding=\"async\" width=\"400\" height=\"267\" data-id=\"62865\" src=\"https:\/\/acasaladillo.com.ar\/wp-content\/uploads\/2025\/10\/1-5-1.jpg\" alt=\"\" class=\"wp-image-62865\" srcset=\"https:\/\/acasaladillo.com.ar\/wp-content\/uploads\/2025\/10\/1-5-1.jpg 400w, https:\/\/acasaladillo.com.ar\/wp-content\/uploads\/2025\/10\/1-5-1-300x200.jpg 300w, https:\/\/acasaladillo.com.ar\/wp-content\/uploads\/2025\/10\/1-5-1-260x174.jpg 260w, https:\/\/acasaladillo.com.ar\/wp-content\/uploads\/2025\/10\/1-5-1-160x107.jpg 160w\" sizes=\"auto, (max-width: 400px) 100vw, 400px\" \/><\/figure>\n\n\n\n<figure class=\"wp-block-image size-large\"><img loading=\"lazy\" decoding=\"async\" width=\"400\" height=\"267\" data-id=\"62866\" src=\"https:\/\/acasaladillo.com.ar\/wp-content\/uploads\/2025\/10\/1-6.jpg\" alt=\"\" class=\"wp-image-62866\" srcset=\"https:\/\/acasaladillo.com.ar\/wp-content\/uploads\/2025\/10\/1-6.jpg 400w, https:\/\/acasaladillo.com.ar\/wp-content\/uploads\/2025\/10\/1-6-300x200.jpg 300w, https:\/\/acasaladillo.com.ar\/wp-content\/uploads\/2025\/10\/1-6-260x174.jpg 260w, https:\/\/acasaladillo.com.ar\/wp-content\/uploads\/2025\/10\/1-6-160x107.jpg 160w\" sizes=\"auto, (max-width: 400px) 100vw, 400px\" \/><\/figure>\n<\/figure>\n","protected":false},"excerpt":{"rendered":"<p>Familia y Discapacidad<\/p>\n<p class=\"more-link-p\"><a class=\"more-link\" href=\"https:\/\/acasaladillo.com.ar\/?p=62859\">Read more &rarr;<\/a><\/p>\n","protected":false},"author":3,"featured_media":62867,"comment_status":"closed","ping_status":"closed","sticky":false,"template":"","format":"standard","meta":{"_monsterinsights_skip_tracking":false,"footnotes":""},"categories":[1],"tags":[],"class_list":["post-62859","post","type-post","status-publish","format-standard","has-post-thumbnail","hentry","category-noticias"],"aioseo_notices":[],"_links":{"self":[{"href":"https:\/\/acasaladillo.com.ar\/index.php?rest_route=\/wp\/v2\/posts\/62859","targetHints":{"allow":["GET"]}}],"collection":[{"href":"https:\/\/acasaladillo.com.ar\/index.php?rest_route=\/wp\/v2\/posts"}],"about":[{"href":"https:\/\/acasaladillo.com.ar\/index.php?rest_route=\/wp\/v2\/types\/post"}],"author":[{"embeddable":true,"href":"https:\/\/acasaladillo.com.ar\/index.php?rest_route=\/wp\/v2\/users\/3"}],"replies":[{"embeddable":true,"href":"https:\/\/acasaladillo.com.ar\/index.php?rest_route=%2Fwp%2Fv2%2Fcomments&post=62859"}],"version-history":[{"count":5,"href":"https:\/\/acasaladillo.com.ar\/index.php?rest_route=\/wp\/v2\/posts\/62859\/revisions"}],"predecessor-version":[{"id":62882,"href":"https:\/\/acasaladillo.com.ar\/index.php?rest_route=\/wp\/v2\/posts\/62859\/revisions\/62882"}],"wp:featuredmedia":[{"embeddable":true,"href":"https:\/\/acasaladillo.com.ar\/index.php?rest_route=\/wp\/v2\/media\/62867"}],"wp:attachment":[{"href":"https:\/\/acasaladillo.com.ar\/index.php?rest_route=%2Fwp%2Fv2%2Fmedia&parent=62859"}],"wp:term":[{"taxonomy":"category","embeddable":true,"href":"https:\/\/acasaladillo.com.ar\/index.php?rest_route=%2Fwp%2Fv2%2Fcategories&post=62859"},{"taxonomy":"post_tag","embeddable":true,"href":"https:\/\/acasaladillo.com.ar\/index.php?rest_route=%2Fwp%2Fv2%2Ftags&post=62859"}],"curies":[{"name":"wp","href":"https:\/\/api.w.org\/{rel}","templated":true}]}}