{"id":62700,"date":"2025-08-25T23:05:12","date_gmt":"2025-08-26T02:05:12","guid":{"rendered":"https:\/\/acasaladillo.com.ar\/?p=62700"},"modified":"2026-05-10T23:18:41","modified_gmt":"2026-05-11T02:18:41","slug":"camisaria","status":"publish","type":"post","link":"https:\/\/acasaladillo.com.ar\/?p=62700","title":{"rendered":"Comisar\u00eda"},"content":{"rendered":"\n<figure class=\"wp-block-image size-full is-style-rounded\"><img loading=\"lazy\" decoding=\"async\" width=\"800\" height=\"600\" src=\"https:\/\/acasaladillo.com.ar\/wp-content\/uploads\/2024\/08\/logo-Policiales.jpg\" alt=\"\" class=\"wp-image-60627\" srcset=\"https:\/\/acasaladillo.com.ar\/wp-content\/uploads\/2024\/08\/logo-Policiales.jpg 800w, https:\/\/acasaladillo.com.ar\/wp-content\/uploads\/2024\/08\/logo-Policiales-300x225.jpg 300w, https:\/\/acasaladillo.com.ar\/wp-content\/uploads\/2024\/08\/logo-Policiales-768x576.jpg 768w, https:\/\/acasaladillo.com.ar\/wp-content\/uploads\/2024\/08\/logo-Policiales-560x420.jpg 560w, https:\/\/acasaladillo.com.ar\/wp-content\/uploads\/2024\/08\/logo-Policiales-260x195.jpg 260w, https:\/\/acasaladillo.com.ar\/wp-content\/uploads\/2024\/08\/logo-Policiales-160x120.jpg 160w\" sizes=\"auto, (max-width: 800px) 100vw, 800px\" \/><\/figure>\n\n\n\n<p>Info semanal<\/p>\n\n\n\n<hr class=\"wp-block-separator has-css-opacity\"\/>\n\n\n\n<!--more-->\n\n\n\n<hr class=\"wp-block-separator has-alpha-channel-opacity\"\/>\n\n\n\n<p><\/p>\n\n\n\n<p>La estacion de policia departamental de Saladillo informa que vispera personal de Comisaria de la Mujer y Familia en conjunto con la Comisaria de Saladillo a raiz de una denuncia por abuso sexual de menores en esta ciudad y por disposicion de la Ufij nro 1 a cargo de la Dra. Patricia Hortel, se realizo allanamiento y registro en un domicilio ubicado en calle Alem y Sojo donde se logro la detencion de un hombre y una mujer, ambos mayores de edad por ser autores del hecho en cuestion. En el interior de la vivienda viven menores de edad, los cuales fueron asistidos por la oficina de Desarrollo humano del municipio local. En relacion a las personas detenidas, fueron indagados por la fiscalia interviniente y posteriormente trasladados a Comisarias que alojan detenidos por delitos de esa indole. Se instruyen actuaciones caratuladas \u00abAbuso sexual con acceso carnal agravada por la guarda ocasional respecto de menores agravado por la convivencia preexistente y por la guarda en relaci\u00f3n a la persona menor de edad v\u00edctima todo en concurso real por la reiteraci\u00f3n de los hechos y por las diferentes v\u00edctimas\u00bb de tramite por la fiscalia anteriormente mencionada.<\/p>\n\n\n\n<p>Asimismo, de manera simultanea se realizaron allanamientos en la unidad penal de Sierra Chica donde se encuentra detenido una persona oriunda de este medio, y tambien en un complejo de viviendas, propiedad de la misma persona que se halla detenida donde residen familiares, que se encuentra ubicada en avenida Frocham entre Rossi y Vergara de Saladillo, logrando asi el secuestro de elementos probatorios para la presente investigacion entre ellos telefonia celular y cocaina preparada para su comercializacion.<\/p>\n\n\n\n<p>Dias atras se efectuaron dos detenciones y un allanamiento en una vivienda ubicada en Marcelo T. De alvear, logrando el secuestro de elementos para facilitar la comercializacion de estupefacientes. Personal del Gto de la Comisaria continua con la investigacion del hecho<\/p>\n\n\n\n<hr class=\"wp-block-separator has-alpha-channel-opacity\"\/>\n\n\n\n<p>DETENCIONES Y RESGUARDO DE DOS MENORES DE EDAD<br>*La Estacion de Policia Departamental de Seguridad de Saladillo informa que a ra\u00edz de una<br>denuncia radicada por una persona con el acompa\u00f1amiento de \u201cuna agrupaci\u00f3n civil dedicada<br>a la protecci\u00f3n de los derechos del ni\u00f1o de Saladillo\u201d en la Fiscalia nro 1 a cargo de la Dra.<br>Hortel, se toma conocimiento que dos menores de edad se encontrar\u00edan en estado de<br>vulnerabilidad y posibles victimas de delitos. Dado al r\u00e1pido despliegue por personal de la<br>Comisaria de la Mujer y Familia, Comisaria de Saladillo por asi haberlo dispuesto la fiscal\u00eda<br>interviniente en virtud de una medida de urgencia solicitada al Juzgado de Garantias nro. 7 a<br>cargo de S.S. Altamiranda, se logro realizar constataci\u00f3n en un domicilio de este ciudad sobre<br>los hechos vertidos. Asimismo, y con la colaboraci\u00f3n del organismo de Ni\u00f1ez del municipio de<br>Saladillo se logro poner en resguardo a dos menores de edad como tambi\u00e9n la posterior<br>detenci\u00f3n de la progenitora de los ni\u00f1os y a la pareja de esta ultima.<\/p>\n\n\n\n<p>Allanamientos y detenciones<br>*La Comisaria de Saladillo informa que durante el transcurso de d\u00edas atr\u00e1s se realizo<br>allanamiento en un domicilio de esta ciudad y posterior detenci\u00f3n de un masculino mayor de<br>edad, quien posee antecedentes por delitos de violencia de genero y por ser el autor<br>responsable del delito de incendio intencional de la vivienda de su ex pareja.<br>*Asimismo se realizo la detenci\u00f3n de un masculino mayor de edad quien posee antecedentes<br>de delitos de sustracci\u00f3n de elementos contra la propiedad y la detenci\u00f3n de otro masculino<br>por el delito de coaccion agravada y lesiones, encontr\u00e1ndose alojados en los calabozos de la<br>Comisaria de Saladillo<br>*La Comisaria de la Mujer y Familia de Saladillo el dia viernes 06 del corriente mes efectivizo la<br>detenci\u00f3n de un masculino mayor de edad oriundo de esta ciudad por el delito de Abuso<br>sexual, quien fue alojado en una Comisaria de la jurisdicci\u00f3n donde se hallan detenidos por el<br>delito de la misma indole.<br>Los tres detenidos se encuentran a disposici\u00f3n de la Fiscalia nro. 2 a cargo del Dr. Civitarese.-<\/p>\n\n\n\n<hr class=\"wp-block-separator has-alpha-channel-opacity\"\/>\n\n\n\n<p>La Comisaria de Saladillo informa que en el d\u00eda de la fecha personal del<br>Comando de Prevencion fue convocado a la guardia del Hospital Posadas<br>donde momentos antes y ante una confrontaci\u00f3n entre un paciente y visita,<br>resulto lesionada una enfermera del establecimiento por elemento corto<br>punzante. Examinadas las lesiones de la victima resultan ser de car\u00e1cter<br>leves. El imputado se encuentra identificado, dando intervenci\u00f3n a la Ufij nro. 1<br>a cargo de la Dra. Hortel.<br>Saladillo, Febrero 02 de 2026<\/p>\n\n\n\n<hr class=\"wp-block-separator has-alpha-channel-opacity\"\/>\n\n\n\n<p>ALLANAMIENTOS Y APREHENSION<\/p>\n\n\n\n<p>La Comisaria de Saladillo informa que personal del Destacamento de Del Carril en virtud a una causa iniciada por la posible comercializaci\u00f3n de estupefacientes, realizo un allanamiento en dicha localidad, donde procedieron al secuestro de plantas de marihuana y envoltorios de nylon conteniendo misma sustancia, las que se hallaban destinadas totalmente para su comercializaci\u00f3n. Intervino en la causa la Fiscalia nro. 1 a cargo de la Dra. Patricia Hortel, quien dispuso la aprehensi\u00f3n del morador de la vivienda, resultando ser un hombre mayor de edad y oriundo de ese medio. Actualmente el aprehendido se encuentra alojado en los calabozos de la Comisaria de Saladillo a disposici\u00f3n del magistrado interviniente.<\/p>\n\n\n\n<p>Asimismo, personal del Gabinete t\u00e1ctico operativo de la Comisaria local realizo de manera simult\u00e1nea allanamiento en una vivienda ubicada en avenida Frocham entre Ledesma y Vergara de esta ciudad, por el delito de sustracci\u00f3n de elementos contra la propiedad, logrando asi el secuestro de las pertenencias sustra\u00eddas en varios hechos. Para con el imputado se efectivizo su aprehensi\u00f3n, quien posee varios antecedentes por la misma \u00edndole quedando alojado en los calabozos de la Comisaria de Saladillo a disposici\u00f3n de la Fiscal\u00eda nro. 1 a cargo de la Dra. Patricia Hortel.<\/p>\n\n\n\n<hr class=\"wp-block-separator has-alpha-channel-opacity\"\/>\n\n\n\n<p>Estaci\u00f3n de Polic\u00eda Departamental Saladillo \u2013 Comando de Prevenci\u00f3n<br>Se informa que, a ra\u00edz de un llamado telef\u00f3nico recibido a la l\u00ednea de emergencias policiales<br>101 por parte de un vecino de esta localidad, se tom\u00f3 conocimiento de la presencia de una<br>persona en estado de ebriedad causando disturbios en la v\u00eda p\u00fablica, espec\u00edficamente en calle<br>Campa\u00f1a, entre Echegoyen y De Mar\u00eda.<br>Constituido el personal policial en el lugar, se constat\u00f3 la veracidad del llamado, hallando a un<br>hombre en evidente estado de ebriedad, profiriendo insultos y generando desorden en la v\u00eda<br>p\u00fablica. Ante tal situaci\u00f3n, se procedi\u00f3 a su aprehensi\u00f3n, utilizando \u00fanicamente la fuerza<br>m\u00ednima e indispensable para garantizar la seguridad de los presentes.<br>Saladillo, 25 de septiembre de 2025.<\/p>\n\n\n\n<hr class=\"wp-block-separator has-css-opacity\"\/>\n\n\n\n<p>PARTE DE PRENSA<br>Estaci\u00f3n de Polic\u00eda Dptal Saladillo \u2013 Comando de Prevenci\u00f3n: Comunica que a ra\u00edz de un<br>llamado telef\u00f3nico a emergencias policiales 101 por parte de un vecino de este medio, daba<br>conocimiento que en avenida Sanguinetti y calle Alem habr\u00eda una persona en estado de ebriedad<br>ocasionando disturbios. Presente personal policial establece lo antes mencionado, donde este<br>hombre sin motivo alguno esgrime un arma blanca intimidando e incitando a la pelea, lo que<br>debi\u00f3 utilizarse medio persuasivo (uso de cartucho de estruendo y escopeta provista por polic\u00eda)<br>cesando la actitud. Tanto efectivos policiales como el contraventor no sufrieron lesiones.<br>Alojado en los calabozos de la Comisaria de Saladillo hasta donde una vez pasados los efectos<br>del alcohol y cumplimentados los recaudos legales recupero su libertad.<br>Saladillo, 25 de septiembre de 2025.-<\/p>\n\n\n\n<hr class=\"wp-block-separator has-css-opacity\"\/>\n\n\n\n<p>ALLANAMIENTO Y DETENCION<\/p>\n\n\n\n<p>La Comisaria de Saladillo informa que en relaci\u00f3n a un hecho delictivo ocurrido en el mes de<br>abril del corriente a\u00f1o, donde una persona de esta ciudad sufri\u00f3 la sustracci\u00f3n de dinero en<br>efectivo de su domicilio; personal del GTO de esta Dependencia reuni\u00f3 elementos probatorios<br>tales como an\u00e1lisis de telefon\u00eda celular, visualizaci\u00f3n de c\u00e1maras de seguridad perteneciente al<br>centro de monitoreo municipal entre otros. Por lo antes mencionado y por as\u00ed haberlo<br>dispuesto el Juzgado de Garant\u00edas nro. 7 a cargo de la Dra. Altamiranda se realiz\u00f3 orden de<br>registro y allanamiento en un domicilio ubicado en avda. Cabral al numeral 2600 de esta<br>ciudad como as\u00ed tambi\u00e9n la detenci\u00f3n de un hombre mayor de edad y oriundo de esta<br>localidad. Actualmente el detenido se encuentra alojado en los calabozos de la Comisaria por<br>el delito de ROBO DOBLEMENTE AGRAVADO POR SU COMISI\u00d3N CON ESCALAMIENTO Y CON<br>EFRACCI\u00d3N DE VIVIENDA HABITADA con la intervenci\u00f3n de la Ufij nro. 1 a cargo de la Dra.<br>Patricia Hortel del Dpto. Judicial de La Plata.-<\/p>\n\n\n\n<hr class=\"wp-block-separator has-css-opacity\"\/>\n\n\n\n<p> ALERTA COMUNITARIA: PREVENCI\u00d3N DE ESTAFAS TELEF\u00d3NICAS Y POR WHATSAPP<br>COMISARIA SALADILLO, 25 DE AGOSTO DE 2025<br>En los \u00faltimos d\u00edas, varios vecinos han reportado intentos de estafa a trav\u00e9s de llamadas<br>telef\u00f3nicas y mensajes por WhatsApp. Las autoridades locales hacen un llamado urgente a<br>toda la comunidad para estar alerta y tomar precauciones ante este tipo de delitos.<br>Los estafadores suelen hacerse pasar por representantes de bancos, empresas de servicios,<br>representantes de organismos p\u00fablicos o incluso familiares en emergencia. A trav\u00e9s de<br>enga\u00f1os buscan obtener datos personales, claves bancarias o transferencias de dinero.<br>\ufffd\ufffd \u00bfC\u00d3MO IDENTIFICAR UNA ESTAFA?<br>\uf0b7 Te solicitan datos personales, contrase\u00f1as o n\u00fameros de tarjeta.<br>\uf0b7 Te piden transferir dinero con urgencia.<br>\uf0b7 Te llaman diciendo que ganaste un premio, pero para recibirlo debes pagar algo antes.<br>\uf0b7 Te escriben por WhatsApp desde n\u00fameros desconocidos haci\u00e9ndose pasar por un<br>familiar o amigo.<br>\ufffd\ufffd RECOMENDACIONES PARA PROTEGERTE:<\/p>\n\n\n\n<ol class=\"wp-block-list\">\n<li>No brindes datos personales ni bancarios por tel\u00e9fono o WhatsApp.<\/li>\n\n\n\n<li>Verifica la identidad de quien te contacta, especialmente si te piden dinero.<\/li>\n\n\n\n<li>No hagas clic en enlaces sospechosos ni descargues archivos de desconocidos.<\/li>\n\n\n\n<li>Activa la verificaci\u00f3n en dos pasos en tus aplicaciones de mensajer\u00eda.<\/li>\n\n\n\n<li>Denuncia cualquier intento de estafa acerc\u00e1ndote a la Comisaria Local.<br>\u26a0\ufe0f Record\u00e1:<br>\ufffd\ufffd Los bancos, organismos y empresas jam\u00e1s te pedir\u00e1n datos confidenciales por<br>tel\u00e9fono o WhatsApp.<br>\ufffd\ufffd Ante cualquier duda o situaci\u00f3n sospechosa, comunicate con:<br>Comisar\u00eda Saladillo al (02344-450019)<br>Centro Despacho y emergencias Policiales (101)<br>\ufffd\ufffd\u200d\u2642\ufe0f Prevenir es cuidar. Compart\u00ed esta informaci\u00f3n con tu familia y amigos.<br>\ufffd\ufffd\u200d\u2640\ufe0f La polic\u00eda y las autoridades locales est\u00e1n trabajando para rastrear a los responsables,<br>pero la prevenci\u00f3n y la informaci\u00f3n son clave para evitar que m\u00e1s personas sean v\u00edctimas.<\/li>\n<\/ol>\n\n\n\n<hr class=\"wp-block-separator has-css-opacity\"\/>\n\n\n\n<p>DETENCION POR COMERCIALIZACION DE ESTUPEFACIENTES<br>La Comisaria de Saladillo informa que personal del GTO procedi\u00f3 en la via publica a la<br>interceptaci\u00f3n de una motocicleta marca Zanella ZB de 110 cc., donde el conductor resulta ser<br>un hombre mayor de edad, oriundo de este medio, quien al momento ten\u00eda entre sus<br>pertenencias coca\u00edna ya fraccionada para su comercializaci\u00f3n, tel\u00e9fono celular, balanza digital<br>y dinero en efectivo. El imputado se encuentra a disposici\u00f3n de la Ufi nro. 2 a cargo del Dr.<br>Berlingieri Javier del Dpto. Judicial de La Plata, convirtiendo su aprehensi\u00f3n en detenci\u00f3n.<br>Actualmente se encuentra alojado en los calabozos de la Comisaria de Saladillo por el delito de<br>TENENCIA DE ESTUPEFACIENTES FINES COMERCIALIZACION PROPIAMENTE DICHA (ART. 5<br>INC. C \u2013 LEY 23737)<\/p>\n\n\n\n<hr class=\"wp-block-separator has-css-opacity\"\/>\n\n\n\n<p>La Comisaria de Saladillo informa que con fecha 10 del corriente mes y a\u00f1o en horario diurno,<br>personal de esta Dependencia, Juntamente con personal del Comando de Patrullas local, personal<br>de la UPPL local, contando con la colaboraci\u00f3n del Vial Lobos, CPR Saladillo, Divisi\u00f3n EMAI<br>de Infanter\u00eda Azul, GAD 25 de Mayo y contando con la colaboraci\u00f3n de la Direcci\u00f3n de Tr\u00e1nsito<br>Municipal, se procedi\u00f3 a llevar un intenso control en los espacios p\u00fablicos logrando como<br>resultado secuestrar, 10 moto veh\u00edculos y una camioneta por infracci\u00f3n a la ley 24.449, como as\u00ed<br>tambi\u00e9n, llevar a cabo la aprehensi\u00f3n de dos personas por delitos penales, los que fueron puestos<br>a disposici\u00f3n de la UFIJ nro. 02 a cargo del Dr. Berlingieri.-<\/p>\n\n\n\n<hr class=\"wp-block-separator has-css-opacity\"\/>\n\n\n\n<p>La Estaci\u00f3n de Polic\u00eda Departamental de Seguridad Saladillo informa que con fecha 31 del corriente mes y a\u00f1o en horas de la madrugada, personal del Centro de Monitoreo Municipal alertan que en el concesionario de Motos RPSBIKES ubicado en avenida Cabral y calle lem una persona de sexo masculino, hab\u00eda da\u00f1ado un ventanal del lugar y posteriormente sustrajo una motocicleta del tipo enduro de 250 cc. Dado al r\u00e1pido despliegue del m\u00f3vil patrullero perteneciente al Comando de Prevenci\u00f3n, logran interceptar a escasos metros a un joven de 24 a\u00f1os de edad y oriundo de este medio llevando la motocicleta en cuesti\u00f3n. Comunicado a la Fiscal\u00eda nro. 1 a cargo de la Dra. Patricia Hortel del Dpto. Judicial de La Plata, dispuso el inicio de actuaciones por el delito de ROBO, quedando aprehendido y alojado en los calabozos de la Comisaria de Saladillo. El motovehiculo se encuentra alojado en dep\u00f3sito judicial para su posterior entrega.-<\/p>\n\n\n\n<hr class=\"wp-block-separator has-css-opacity\"\/>\n\n\n\n<p>DETENCION<br>La Estaci\u00f3n de Polic\u00eda Departamental de Seguridad Saladillo, informa que con fecha 26 del<br>corriente mes y a\u00f1o, personal de la Comisar\u00eda de la Mujer y la Familia, acuerdo a lo dispuesto por<br>la Sra. titular del Juzgado de Garant\u00edas nro. 7 del Departamento Judicial La Plata sede Saladillo, y<br>a requerimiento del titular de la UFI. Nro. 1 de Saladillo, Dra. Hortel Patricia, en el marco de<br>Proceso Penal caratulado \u00abCOACCION \u2013 HURTO SIMPLE \u2013 DA\u00d1O\u00bb, procedi\u00f3 a efectivizar<br>la DETENCI\u00d3N de un hombre, de 26 a\u00f1os de edad, con domicilio en esta localidad. El detenido<br>quedara alojado en los calabozos de la Comisaria de Saladillo.-<\/p>\n\n\n\n<hr class=\"wp-block-separator has-css-opacity\"\/>\n\n\n\n<p>DETENCION<br>La Estaci\u00f3n de Polic\u00eda Departamental de Seguridad Saladillo, informa que fecha 12 del corriente<br>mes y a\u00f1o, personal de la Comisar\u00eda de la Mujer y la Familia, juntamente con personal del<br>Destacamento Del Carril, de acuerdo a lo dispuesto por la Sra. titular del Juzgado de Garant\u00edas<br>nro. 7 del Departamento Judicial La Plata sede Saladillo, y a requerimiento del titular de la UFI.<br>Nro. 2 de Saladillo, Dr. Javier Berlingieri, en marco de Procesa Penal caratulado &amp;quot;ABUSO<br>SEXUAL CON ACCESO CARNAL AGRAVADO POR SER ENCARGADO DE LA<br>GUARDA EN CONCURSO REAL&amp;quot;, procedi\u00f3 a efectivizar DETENCI\u00d3N de un hombre, de<br>61 a\u00f1os de edad, con domicilio en la localidad de Del Carril.- Una vez realizada declaraci\u00f3n<br>indagatoria, el mismo ser\u00e1 trasladado a Dependencia policial en la cual se alojan personas<br>imputadas en delitos contra la integridad sexual .-<\/p>\n\n\n\n<hr class=\"wp-block-separator has-css-opacity\"\/>\n\n\n\n<p>COMUNICADO:<br>La Estaci\u00f3n de Polic\u00eda Departamental de Seguridad Saladillo informa que en virtud de haber<br>iniciado los tr\u00e1mites respectivos para acogerse al beneficio del retiro, a partir del d\u00eda lunes 09 del<br>corriente mes y a\u00f1o, el Comisario Inspector H\u00e9ctor Ismael Delgado, comenzar\u00e1 a usufructuar<br>licencia especial; por tal motivo, desde la fecha aludida, hasta se designe un nuevo Jefe<br>Departamental, en forma interina y provisoria, cumplir\u00e1 con dicha funci\u00f3n el Comisario Inspector<br>Dar\u00edo Luis Desideri, oriundo de la localidad de General Alvear, quien se encuentra desarrollando<br>tareas de Jefe de Turno en la Superintendencia Interior Centro con asiento en Roque P\u00e9rez.-<\/p>\n\n\n\n<hr class=\"wp-block-separator has-css-opacity\"\/>\n\n\n\n<p>DETENCION<br>La Comisaria de Saladillo informa que en relaci\u00f3n a un proceso penal caratulado<br>\u201cCOMERCIALIZACION DE ESTUPEFACIENTES \u2013 INF. ART. 5 INC. C LEY 23.737\u201d con la intervenci\u00f3n de<br>la Ufij nro. 2 a cargo del Dr. Berligieri del Dpto. Judicial de La Plata y por asi haberlo dispuesto el<br>Juzgado de Garantias nro. 7 a cargo de S.S. Altamiranda Patricia, personal del Gto de esta<br>Dependencia procedio a efectivizar la detenci\u00f3n de un hombre de 33 a\u00f1os de edad, oriundo de<br>esta ciudad. El detenido se encuentra alojado en los calabozos de la Comisaria a disposici\u00f3n del<br>magistrado interviniente.-<\/p>\n\n\n\n<hr class=\"wp-block-separator has-css-opacity\"\/>\n\n\n\n<p><strong>4 hechos<\/strong><br>La comisaria de Saladillo informa que durante el transcurso de la semana inicio procesos penales<br>debido a que autores ignorados hab\u00edan incendiado contenederos de residuos denominados<br>\u201cECOPUNTO\u201d ubicados uno de ellos en calle Per\u00f3n y Rodr\u00edguez mas precisamente en la plaza Raed<br>y el restante en calle Ibarbia y Sojo en cercan\u00edas del CAPS Nido. De averiguaciones practicadas por<br>parte del Gto de la Comisaria y en colaboraci\u00f3n con personal del Centro de Monitoreo de Saladillo<br>se logro establecer la autor\u00eda de ambos hechos, resultando ser un hombre de 39 a\u00f1os quien pose\u00eda<br>internaci\u00f3n en un centro de salud mental de la ciudad de Olavarr\u00eda y un menor de edad oriundo de<br>esta ciudad quien fue notificado de los recaudos legales vigentes.-<\/p>\n","protected":false},"excerpt":{"rendered":"<p>Info semanal<\/p>\n<p class=\"more-link-p\"><a class=\"more-link\" href=\"https:\/\/acasaladillo.com.ar\/?p=62700\">Read more &rarr;<\/a><\/p>\n","protected":false},"author":3,"featured_media":60622,"comment_status":"closed","ping_status":"closed","sticky":false,"template":"","format":"standard","meta":{"_monsterinsights_skip_tracking":false,"footnotes":""},"categories":[1],"tags":[2705,185],"class_list":["post-62700","post","type-post","status-publish","format-standard","has-post-thumbnail","hentry","category-noticias","tag-comisaria","tag-policia"],"aioseo_notices":[],"_links":{"self":[{"href":"https:\/\/acasaladillo.com.ar\/index.php?rest_route=\/wp\/v2\/posts\/62700","targetHints":{"allow":["GET"]}}],"collection":[{"href":"https:\/\/acasaladillo.com.ar\/index.php?rest_route=\/wp\/v2\/posts"}],"about":[{"href":"https:\/\/acasaladillo.com.ar\/index.php?rest_route=\/wp\/v2\/types\/post"}],"author":[{"embeddable":true,"href":"https:\/\/acasaladillo.com.ar\/index.php?rest_route=\/wp\/v2\/users\/3"}],"replies":[{"embeddable":true,"href":"https:\/\/acasaladillo.com.ar\/index.php?rest_route=%2Fwp%2Fv2%2Fcomments&post=62700"}],"version-history":[{"count":10,"href":"https:\/\/acasaladillo.com.ar\/index.php?rest_route=\/wp\/v2\/posts\/62700\/revisions"}],"predecessor-version":[{"id":63427,"href":"https:\/\/acasaladillo.com.ar\/index.php?rest_route=\/wp\/v2\/posts\/62700\/revisions\/63427"}],"wp:featuredmedia":[{"embeddable":true,"href":"https:\/\/acasaladillo.com.ar\/index.php?rest_route=\/wp\/v2\/media\/60622"}],"wp:attachment":[{"href":"https:\/\/acasaladillo.com.ar\/index.php?rest_route=%2Fwp%2Fv2%2Fmedia&parent=62700"}],"wp:term":[{"taxonomy":"category","embeddable":true,"href":"https:\/\/acasaladillo.com.ar\/index.php?rest_route=%2Fwp%2Fv2%2Fcategories&post=62700"},{"taxonomy":"post_tag","embeddable":true,"href":"https:\/\/acasaladillo.com.ar\/index.php?rest_route=%2Fwp%2Fv2%2Ftags&post=62700"}],"curies":[{"name":"wp","href":"https:\/\/api.w.org\/{rel}","templated":true}]}}