{"id":62616,"date":"2025-08-13T12:30:12","date_gmt":"2025-08-13T15:30:12","guid":{"rendered":"https:\/\/acasaladillo.com.ar\/?p=62616"},"modified":"2025-09-01T10:32:24","modified_gmt":"2025-09-01T13:32:24","slug":"robos","status":"publish","type":"post","link":"https:\/\/acasaladillo.com.ar\/?p=62616","title":{"rendered":"Robos"},"content":{"rendered":"\n<figure class=\"wp-block-image size-full is-style-rounded\"><img loading=\"lazy\" decoding=\"async\" width=\"279\" height=\"181\" src=\"https:\/\/acasaladillo.com.ar\/wp-content\/uploads\/2025\/08\/LOGO-ROBOS.jpg\" alt=\"\" class=\"wp-image-62617\" srcset=\"https:\/\/acasaladillo.com.ar\/wp-content\/uploads\/2025\/08\/LOGO-ROBOS.jpg 279w, https:\/\/acasaladillo.com.ar\/wp-content\/uploads\/2025\/08\/LOGO-ROBOS-260x169.jpg 260w, https:\/\/acasaladillo.com.ar\/wp-content\/uploads\/2025\/08\/LOGO-ROBOS-160x104.jpg 160w\" sizes=\"auto, (max-width: 279px) 100vw, 279px\" \/><figcaption><br>Todos en el partido.<\/figcaption><\/figure>\n\n\n\n<hr class=\"wp-block-separator\"\/>\n\n\n\n<!--more-->\n\n\n\n<p>ALLAMIENTO y DETENCION<\/p>\n\n\n\n<p>La Comisaria de Saladillo informa que en relaci\u00f3n a un hecho delictivo ocurrido en el mes de<br>abril del corriente a\u00f1o, donde una persona de esta ciudad sufri\u00f3 la sustracci\u00f3n de dinero en<br>efectivo de su domicilio; personal del GTO de esta Dependencia reuni\u00f3 elementos probatorios<br>tales como an\u00e1lisis de telefon\u00eda celular, visualizaci\u00f3n de c\u00e1maras de seguridad perteneciente al<br>centro de monitoreo municipal entre otros. Por lo antes mencionado y por as\u00ed haberlo<br>dispuesto el Juzgado de Garant\u00edas nro. 7 a cargo de la Dra. Altamiranda se realiz\u00f3 orden de<br>registro y allanamiento en un domicilio ubicado en avda. Cabral al numeral 2600 de esta<br>ciudad como as\u00ed tambi\u00e9n la detenci\u00f3n de un hombre mayor de edad y oriundo de esta<br>localidad. Actualmente el detenido se encuentra alojado en los calabozos de la Comisaria por<br>el delito de ROBO DOBLEMENTE AGRAVADO POR SU COMISI\u00d3N CON ESCALAMIENTO Y CON<br>EFRACCI\u00d3N DE VIVIENDA HABITADA con la intervenci\u00f3n de la Ufij nro. 1 a cargo de la Dra.<br>Patricia Hortel del Dpto. Judicial de La Plata.-<\/p>\n\n\n\n<hr class=\"wp-block-separator\"\/>\n\n\n\n<p>Con la presencia del Subcoordinador de Zona Seguridad Rural Ca\u00f1uelas Comisario Cristian Sandoval,<br>Sub comisario Vaquero Lorena<br>Jefa del CPR Saladillo, autoridades municipales de Saladillo , Viviana Rodriguez Sectetaria de Gobierno , Guillermo Monetti delegado , entre otros y vecinos de Alvarez de Toledo y de Polvaredas se realiz\u00f3 anoche una reuni\u00f3n en el Club Social y Deportivo de \u00c1lvarez de Toledo para discutir la seguridad y los hechos delictivos en la zona, los casos de robo de animales en la vecina ciudad de Polvaredas , con los afectados presentes como tambien se hablo del caso del accidente que alli ocurrio . Por el lado de Alvarez de Toledo, la falta de personal y que un efectivo se quede en el propio establecimiento mientras otro haga el recorrido que a veces se alejan mucho y cuando se los llama por Whatsap la mayoria de las veces no lo atendie porque no tiene se\u00f1al. Y adem\u00e1s se les solicito a la Municipalidad que se coloquen m\u00e1s c\u00e1maras de vigilancia .<br>La polic\u00eda Rural explic\u00f3 los hechos y se comprometi\u00f3 a mejorar el servicio. Sin embargo, mencion\u00f3 que hay personal con licencia psicol\u00f3gica y que otros que son oriundos de aqui y reci\u00e9n se reciben han sido trasladados a Gran Buenos Aires, a los tres a\u00f1os deberian volver pero eso no ocurre. Ya que se radican en la zona.<br>Y que debido a esto no pueden solicitar m\u00e1s ya que el cuerpo est\u00e1 vcompleto .<br>El Comisario Cristian Sandoval aconsejo que ante cualquier situaci\u00f3n de InSeguridad o accidente se llame al N* 101 que es m\u00e1s r\u00e1pida la atencion . Se solicit\u00f3 un nuevo m\u00f3vil y en buenas condiciones ademas que sean colocadas m\u00e1s c\u00e1maras de vigilancia para mayor seguridad, la cual el personal municipal encargado dijo que en breve sale la licitaci\u00f3n para nuevas c\u00e1maras para Saladillo de las cuales muchas se instalar\u00e1n aqu\u00ed. <strong><a href=\"https:\/\/www.facebook.com\/eduardodaniel.morales?__cft__[0]=AZV4dbBOZXp2Z_3JtBmaFkoz43jd3218Uik7-I7dyKpLQBOupVCqVCKRR40-smaWmjQ4E4qxb_f3XPacK9chbszoIE1Qxxb-lXmSJxrMe1B03mlyP0pFhGPKwz_yExiWpLo&amp;__tn__=-]C%2CP-R\">Eduardo Morales<\/a><\/strong>\u00a0<\/p>\n\n\n\n<figure class=\"wp-block-image size-full\"><img loading=\"lazy\" decoding=\"async\" width=\"500\" height=\"281\" src=\"https:\/\/acasaladillo.com.ar\/wp-content\/uploads\/2025\/08\/robos.jpg\" alt=\"\" class=\"wp-image-62685\" srcset=\"https:\/\/acasaladillo.com.ar\/wp-content\/uploads\/2025\/08\/robos.jpg 500w, https:\/\/acasaladillo.com.ar\/wp-content\/uploads\/2025\/08\/robos-300x169.jpg 300w, https:\/\/acasaladillo.com.ar\/wp-content\/uploads\/2025\/08\/robos-260x146.jpg 260w, https:\/\/acasaladillo.com.ar\/wp-content\/uploads\/2025\/08\/robos-160x90.jpg 160w\" sizes=\"auto, (max-width: 500px) 100vw, 500px\" \/><\/figure>\n\n\n\n<hr class=\"wp-block-separator\"\/>\n\n\n\n<p>*Robos en Polvaredas!!!.Pasa el tiempo y todav\u00eda tratando de \u00ababrir\u00bb para ver las c\u00e1maras de seguridad. <img loading=\"lazy\" decoding=\"async\" height=\"16\" width=\"16\" alt=\"\ud83e\udd37\" src=\"https:\/\/static.xx.fbcdn.net\/images\/emoji.php\/v9\/tf5\/1\/16\/1f937.png\"><\/p>\n\n\n\n<figure class=\"wp-block-image size-full\"><img loading=\"lazy\" decoding=\"async\" width=\"251\" height=\"201\" src=\"https:\/\/acasaladillo.com.ar\/wp-content\/uploads\/2025\/08\/s.jpg\" alt=\"\" class=\"wp-image-62672\" srcset=\"https:\/\/acasaladillo.com.ar\/wp-content\/uploads\/2025\/08\/s.jpg 251w, https:\/\/acasaladillo.com.ar\/wp-content\/uploads\/2025\/08\/s-160x128.jpg 160w\" sizes=\"auto, (max-width: 251px) 100vw, 251px\" \/><\/figure>\n\n\n\n<p>VOLVIERON A LA \u00abCARGA\u00bb !!!<br>1-2-3 \u2026 y siguen los robos, en este caso intento nuevamente noche ingresaron al mismo campo, por tercera vez en lo que va del a\u00f1o. Robaron dos veces lechones y en esta vez intentaron robar no solo lechones sino tambi\u00e9n novillos, adem\u00e1s destruyeron gran parte del campo, como alambrados etc., intentando hacer un manga, dejaron animales lastimados ya que no pudieron llevarlos.<br>POLICIA RURAL, DELEGADO, AUTORIDADES, quienes se hace cargo, que pregunta no? Polvaredas 350 habitantes.<\/p>\n\n\n\n<figure class=\"wp-block-image size-full\"><img loading=\"lazy\" decoding=\"async\" width=\"310\" height=\"163\" src=\"https:\/\/acasaladillo.com.ar\/wp-content\/uploads\/2025\/08\/logo-robo-vacuno.jpg\" alt=\"\" class=\"wp-image-62618\" srcset=\"https:\/\/acasaladillo.com.ar\/wp-content\/uploads\/2025\/08\/logo-robo-vacuno.jpg 310w, https:\/\/acasaladillo.com.ar\/wp-content\/uploads\/2025\/08\/logo-robo-vacuno-300x158.jpg 300w, https:\/\/acasaladillo.com.ar\/wp-content\/uploads\/2025\/08\/logo-robo-vacuno-260x137.jpg 260w, https:\/\/acasaladillo.com.ar\/wp-content\/uploads\/2025\/08\/logo-robo-vacuno-160x84.jpg 160w\" sizes=\"auto, (max-width: 310px) 100vw, 310px\" \/><\/figure>\n\n\n\n<p>ROBO\/POLVAREDAS. (ampliamos)<br>Metros m\u00e1s adelante del intento de robo que confirmamos hoy en Polvaredas, acto seguido robaron un novillo y encontraron las v\u00edsceras (\u00f3rganos internos del animal) en un campo m\u00e1s adelante.<br>Mientras tanto desde las 17hs. aproximadamente tratan de abrir las c\u00e1mara de seguridad y resultado a esta hora\u2026\u00bf?<br>.<br><\/p>\n\n\n\n<figure class=\"wp-block-image size-full\"><img loading=\"lazy\" decoding=\"async\" width=\"302\" height=\"169\" src=\"https:\/\/acasaladillo.com.ar\/wp-content\/uploads\/2025\/08\/1-13.jpg\" alt=\"\" class=\"wp-image-62633\" srcset=\"https:\/\/acasaladillo.com.ar\/wp-content\/uploads\/2025\/08\/1-13.jpg 302w, https:\/\/acasaladillo.com.ar\/wp-content\/uploads\/2025\/08\/1-13-300x168.jpg 300w, https:\/\/acasaladillo.com.ar\/wp-content\/uploads\/2025\/08\/1-13-260x145.jpg 260w, https:\/\/acasaladillo.com.ar\/wp-content\/uploads\/2025\/08\/1-13-160x90.jpg 160w\" sizes=\"auto, (max-width: 302px) 100vw, 302px\" \/><\/figure>\n\n\n\n<p><\/p>\n","protected":false},"excerpt":{"rendered":"<p class=\"more-link-p\"><a class=\"more-link\" href=\"https:\/\/acasaladillo.com.ar\/?p=62616\">Read more &rarr;<\/a><\/p>\n","protected":false},"author":3,"featured_media":62617,"comment_status":"closed","ping_status":"closed","sticky":false,"template":"","format":"standard","meta":{"_monsterinsights_skip_tracking":false,"footnotes":""},"categories":[1],"tags":[2882,191],"class_list":["post-62616","post","type-post","status-publish","format-standard","has-post-thumbnail","hentry","category-noticias","tag-povaredas","tag-robo"],"aioseo_notices":[],"_links":{"self":[{"href":"https:\/\/acasaladillo.com.ar\/index.php?rest_route=\/wp\/v2\/posts\/62616","targetHints":{"allow":["GET"]}}],"collection":[{"href":"https:\/\/acasaladillo.com.ar\/index.php?rest_route=\/wp\/v2\/posts"}],"about":[{"href":"https:\/\/acasaladillo.com.ar\/index.php?rest_route=\/wp\/v2\/types\/post"}],"author":[{"embeddable":true,"href":"https:\/\/acasaladillo.com.ar\/index.php?rest_route=\/wp\/v2\/users\/3"}],"replies":[{"embeddable":true,"href":"https:\/\/acasaladillo.com.ar\/index.php?rest_route=%2Fwp%2Fv2%2Fcomments&post=62616"}],"version-history":[{"count":8,"href":"https:\/\/acasaladillo.com.ar\/index.php?rest_route=\/wp\/v2\/posts\/62616\/revisions"}],"predecessor-version":[{"id":62751,"href":"https:\/\/acasaladillo.com.ar\/index.php?rest_route=\/wp\/v2\/posts\/62616\/revisions\/62751"}],"wp:featuredmedia":[{"embeddable":true,"href":"https:\/\/acasaladillo.com.ar\/index.php?rest_route=\/wp\/v2\/media\/62617"}],"wp:attachment":[{"href":"https:\/\/acasaladillo.com.ar\/index.php?rest_route=%2Fwp%2Fv2%2Fmedia&parent=62616"}],"wp:term":[{"taxonomy":"category","embeddable":true,"href":"https:\/\/acasaladillo.com.ar\/index.php?rest_route=%2Fwp%2Fv2%2Fcategories&post=62616"},{"taxonomy":"post_tag","embeddable":true,"href":"https:\/\/acasaladillo.com.ar\/index.php?rest_route=%2Fwp%2Fv2%2Ftags&post=62616"}],"curies":[{"name":"wp","href":"https:\/\/api.w.org\/{rel}","templated":true}]}}