{"id":62410,"date":"2025-07-16T17:59:14","date_gmt":"2025-07-16T20:59:14","guid":{"rendered":"https:\/\/acasaladillo.com.ar\/?p=62410"},"modified":"2025-07-16T17:59:23","modified_gmt":"2025-07-16T20:59:23","slug":"fisu-viola","status":"publish","type":"post","link":"https:\/\/acasaladillo.com.ar\/?p=62410","title":{"rendered":"\u00abFisu\u00bb Viola"},"content":{"rendered":"\n<figure class=\"wp-block-image size-full is-style-rounded\"><img loading=\"lazy\" decoding=\"async\" width=\"400\" height=\"267\" src=\"https:\/\/acasaladillo.com.ar\/wp-content\/uploads\/2025\/07\/aaaaaaaaaa.jpg\" alt=\"\" class=\"wp-image-62411\" srcset=\"https:\/\/acasaladillo.com.ar\/wp-content\/uploads\/2025\/07\/aaaaaaaaaa.jpg 400w, https:\/\/acasaladillo.com.ar\/wp-content\/uploads\/2025\/07\/aaaaaaaaaa-300x200.jpg 300w, https:\/\/acasaladillo.com.ar\/wp-content\/uploads\/2025\/07\/aaaaaaaaaa-260x174.jpg 260w, https:\/\/acasaladillo.com.ar\/wp-content\/uploads\/2025\/07\/aaaaaaaaaa-160x107.jpg 160w\" sizes=\"auto, (max-width: 400px) 100vw, 400px\" \/><\/figure>\n\n\n\n<p>Martin Fierro<\/p>\n\n\n\n<hr class=\"wp-block-separator\"\/>\n\n\n\n<!--more-->\n\n\n\n<p>EL INTENDENTE SALOM\u00d3N RECONOCI\u00d3 AL SALADILLENSE SEBASTI\u00c1N \u00abFISU\u00bb VIOLA, RECIENTE GANADOR DEL MART\u00cdN FIERRO<\/p>\n\n\n\n<p>El destacado dise\u00f1ador de iluminaci\u00f3n Sebasti\u00e1n \u00abFisu\u00bb Viola, quien fue recientemente galardonado con el Premio Mart\u00edn Fierro de Teatro en la categor\u00eda de \u00abMejor Dise\u00f1o de Iluminaci\u00f3n\u00bb por su sobresaliente trabajo en el aclamado musical \u00abLegalmente Rubia\u00bb, fue recibido por el Intendente Municipal de Saladillo, Ing. Jos\u00e9 Luis Salom\u00f3n.<\/p>\n\n\n\n<p>Durante el encuentro, el Intendente felicit\u00f3 a Viola en nombre de toda la comunidad, destac\u00e1ndolo como un \u00aborgullo para Saladillo\u00bb y un ejemplo del talento local que trasciende a nivel nacional.<\/p>\n\n\n\n<figure class=\"wp-block-image size-full\"><img loading=\"lazy\" decoding=\"async\" width=\"400\" height=\"267\" src=\"https:\/\/acasaladillo.com.ar\/wp-content\/uploads\/2025\/07\/aaaaaaaaaaaaaaaa.jpg\" alt=\"\" class=\"wp-image-62412\" srcset=\"https:\/\/acasaladillo.com.ar\/wp-content\/uploads\/2025\/07\/aaaaaaaaaaaaaaaa.jpg 400w, https:\/\/acasaladillo.com.ar\/wp-content\/uploads\/2025\/07\/aaaaaaaaaaaaaaaa-300x200.jpg 300w, https:\/\/acasaladillo.com.ar\/wp-content\/uploads\/2025\/07\/aaaaaaaaaaaaaaaa-260x174.jpg 260w, https:\/\/acasaladillo.com.ar\/wp-content\/uploads\/2025\/07\/aaaaaaaaaaaaaaaa-160x107.jpg 160w\" sizes=\"auto, (max-width: 400px) 100vw, 400px\" \/><\/figure>\n\n\n\n<p>En la reuni\u00f3n se repas\u00f3 la notable trayectoria de \u00abFisu\u00bb en el ambiente art\u00edstico-t\u00e9cnico, que incluye prestigiosos trabajos en la escena teatral porte\u00f1a y en el emblem\u00e1tico Teatro Col\u00f3n. Adem\u00e1s, se dialog\u00f3 sobre el profundo v\u00ednculo del artista con su ciudad natal y el estado de avance del proyecto #suenasaladillo, una iniciativa cultural creada por Viola que ya fue declarada de inter\u00e9s ejecutivo y legislativo. Su faceta como m\u00fasico tambi\u00e9n form\u00f3 parte de la amena conversaci\u00f3n.<\/p>\n\n\n\n<figure class=\"wp-block-image size-full\"><img loading=\"lazy\" decoding=\"async\" width=\"400\" height=\"267\" src=\"https:\/\/acasaladillo.com.ar\/wp-content\/uploads\/2025\/07\/aaaaaaaaaa-1.jpg\" alt=\"\" class=\"wp-image-62413\" srcset=\"https:\/\/acasaladillo.com.ar\/wp-content\/uploads\/2025\/07\/aaaaaaaaaa-1.jpg 400w, https:\/\/acasaladillo.com.ar\/wp-content\/uploads\/2025\/07\/aaaaaaaaaa-1-300x200.jpg 300w, https:\/\/acasaladillo.com.ar\/wp-content\/uploads\/2025\/07\/aaaaaaaaaa-1-260x174.jpg 260w, https:\/\/acasaladillo.com.ar\/wp-content\/uploads\/2025\/07\/aaaaaaaaaa-1-160x107.jpg 160w\" sizes=\"auto, (max-width: 400px) 100vw, 400px\" \/><\/figure>\n\n\n\n<p>El jefe comunal reafirm\u00f3 el compromiso de su gesti\u00f3n para apoyar y visibilizar a los talentos locales que, como Sebasti\u00e1n, act\u00faan como verdaderos embajadores de la cultura de Saladillo.<\/p>\n\n\n\n<p>Acompa\u00f1aron al Intendente en la reuni\u00f3n la Secretaria de Gobierno, Viviana Rodriguez; la Subsecretaria de Cultura, Educaci\u00f3n y Derechos Humanos, Silvina Iturria; la Directora de Estudios y Proyectos, Albertina Di Iulio; y el Director del CURS, Pablo Censi.<\/p>\n","protected":false},"excerpt":{"rendered":"<p>Martin Fierro<\/p>\n<p class=\"more-link-p\"><a class=\"more-link\" href=\"https:\/\/acasaladillo.com.ar\/?p=62410\">Read more &rarr;<\/a><\/p>\n","protected":false},"author":3,"featured_media":62413,"comment_status":"closed","ping_status":"closed","sticky":false,"template":"","format":"standard","meta":{"_monsterinsights_skip_tracking":false,"footnotes":""},"categories":[1],"tags":[3338,3337],"class_list":["post-62410","post","type-post","status-publish","format-standard","has-post-thumbnail","hentry","category-noticias","tag-fisu-viola","tag-martin-fierro"],"aioseo_notices":[],"_links":{"self":[{"href":"https:\/\/acasaladillo.com.ar\/index.php?rest_route=\/wp\/v2\/posts\/62410","targetHints":{"allow":["GET"]}}],"collection":[{"href":"https:\/\/acasaladillo.com.ar\/index.php?rest_route=\/wp\/v2\/posts"}],"about":[{"href":"https:\/\/acasaladillo.com.ar\/index.php?rest_route=\/wp\/v2\/types\/post"}],"author":[{"embeddable":true,"href":"https:\/\/acasaladillo.com.ar\/index.php?rest_route=\/wp\/v2\/users\/3"}],"replies":[{"embeddable":true,"href":"https:\/\/acasaladillo.com.ar\/index.php?rest_route=%2Fwp%2Fv2%2Fcomments&post=62410"}],"version-history":[{"count":1,"href":"https:\/\/acasaladillo.com.ar\/index.php?rest_route=\/wp\/v2\/posts\/62410\/revisions"}],"predecessor-version":[{"id":62414,"href":"https:\/\/acasaladillo.com.ar\/index.php?rest_route=\/wp\/v2\/posts\/62410\/revisions\/62414"}],"wp:featuredmedia":[{"embeddable":true,"href":"https:\/\/acasaladillo.com.ar\/index.php?rest_route=\/wp\/v2\/media\/62413"}],"wp:attachment":[{"href":"https:\/\/acasaladillo.com.ar\/index.php?rest_route=%2Fwp%2Fv2%2Fmedia&parent=62410"}],"wp:term":[{"taxonomy":"category","embeddable":true,"href":"https:\/\/acasaladillo.com.ar\/index.php?rest_route=%2Fwp%2Fv2%2Fcategories&post=62410"},{"taxonomy":"post_tag","embeddable":true,"href":"https:\/\/acasaladillo.com.ar\/index.php?rest_route=%2Fwp%2Fv2%2Ftags&post=62410"}],"curies":[{"name":"wp","href":"https:\/\/api.w.org\/{rel}","templated":true}]}}