{"id":62187,"date":"2025-06-06T20:50:52","date_gmt":"2025-06-06T23:50:52","guid":{"rendered":"https:\/\/acasaladillo.com.ar\/?p=62187"},"modified":"2025-06-06T21:42:06","modified_gmt":"2025-06-07T00:42:06","slug":"la-vice","status":"publish","type":"post","link":"https:\/\/acasaladillo.com.ar\/?p=62187","title":{"rendered":"La vice"},"content":{"rendered":"\n<figure class=\"wp-block-image size-full is-style-rounded\"><img loading=\"lazy\" decoding=\"async\" width=\"360\" height=\"485\" src=\"https:\/\/acasaladillo.com.ar\/wp-content\/uploads\/2025\/06\/villarruel-victoria-3.jpg\" alt=\"\" class=\"wp-image-62188\" srcset=\"https:\/\/acasaladillo.com.ar\/wp-content\/uploads\/2025\/06\/villarruel-victoria-3.jpg 360w, https:\/\/acasaladillo.com.ar\/wp-content\/uploads\/2025\/06\/villarruel-victoria-3-223x300.jpg 223w, https:\/\/acasaladillo.com.ar\/wp-content\/uploads\/2025\/06\/villarruel-victoria-3-260x350.jpg 260w, https:\/\/acasaladillo.com.ar\/wp-content\/uploads\/2025\/06\/villarruel-victoria-3-160x216.jpg 160w\" sizes=\"auto, (max-width: 360px) 100vw, 360px\" \/><\/figure>\n\n\n\n<p><\/p>\n\n\n\n<p>Se corto sola<\/p>\n\n\n\n<hr class=\"wp-block-separator\"\/>\n\n\n\n<!--more-->\n\n\n\n<p>La vice de Javier Milei apareci\u00f3 de sorpresa en #Saladillo<br>Villarruel camina la provincia y se encienden las alarmas<br>Alejada definitivamente del Presidente, la vice ya pas\u00f3 por distritos de la Primera y la Cuarta con acercamientos a los sectores productivos y del agro.<\/p>\n\n\n\n<figure class=\"wp-block-image size-full\"><img loading=\"lazy\" decoding=\"async\" width=\"559\" height=\"448\" src=\"https:\/\/acasaladillo.com.ar\/wp-content\/uploads\/2025\/06\/villarruel-victoria-1.jpeg\" alt=\"\" class=\"wp-image-62189\" srcset=\"https:\/\/acasaladillo.com.ar\/wp-content\/uploads\/2025\/06\/villarruel-victoria-1.jpeg 559w, https:\/\/acasaladillo.com.ar\/wp-content\/uploads\/2025\/06\/villarruel-victoria-1-300x240.jpeg 300w, https:\/\/acasaladillo.com.ar\/wp-content\/uploads\/2025\/06\/villarruel-victoria-1-260x208.jpeg 260w, https:\/\/acasaladillo.com.ar\/wp-content\/uploads\/2025\/06\/villarruel-victoria-1-160x128.jpeg 160w\" sizes=\"auto, (max-width: 559px) 100vw, 559px\" \/><\/figure>\n\n\n\n<p>Sin levantar demasiado el avispero, la vicepresidenta de la Naci\u00f3n, Victoria Villarruel, sostiene una gira silenciosa por la provincia de Buenos Aires, actitud que enciende las alarmas en los diversos sectores pol\u00edticos.<br>El \u00faltimo paso de la titular del Senado por tierras bonaerenses se dio en Saladillo, distrito de la S\u00e9ptima secci\u00f3n electoral, hasta donde lleg\u00f3 de manera totalmente sorpresiva para todos. De hecho, el intendente radical Jos\u00e9 Luis Salom\u00f3n ni siquiera fue advertido de la llegada de la vice.<\/p>\n\n\n\n<figure class=\"wp-block-gallery columns-2 is-cropped wp-block-gallery-1 is-layout-flex wp-block-gallery-is-layout-flex\"><ul class=\"blocks-gallery-grid\"><li class=\"blocks-gallery-item\"><figure><img loading=\"lazy\" decoding=\"async\" width=\"1200\" height=\"1228\" src=\"https:\/\/acasaladillo.com.ar\/wp-content\/uploads\/2025\/06\/villarruel-victoria-1.jpg\" alt=\"\" data-id=\"62190\" data-full-url=\"https:\/\/acasaladillo.com.ar\/wp-content\/uploads\/2025\/06\/villarruel-victoria-1.jpg\" data-link=\"https:\/\/acasaladillo.com.ar\/?attachment_id=62190\" class=\"wp-image-62190\" srcset=\"https:\/\/acasaladillo.com.ar\/wp-content\/uploads\/2025\/06\/villarruel-victoria-1.jpg 1200w, https:\/\/acasaladillo.com.ar\/wp-content\/uploads\/2025\/06\/villarruel-victoria-1-293x300.jpg 293w, https:\/\/acasaladillo.com.ar\/wp-content\/uploads\/2025\/06\/villarruel-victoria-1-768x786.jpg 768w, https:\/\/acasaladillo.com.ar\/wp-content\/uploads\/2025\/06\/villarruel-victoria-1-560x573.jpg 560w, https:\/\/acasaladillo.com.ar\/wp-content\/uploads\/2025\/06\/villarruel-victoria-1-260x266.jpg 260w, https:\/\/acasaladillo.com.ar\/wp-content\/uploads\/2025\/06\/villarruel-victoria-1-160x164.jpg 160w\" sizes=\"auto, (max-width: 1200px) 100vw, 1200px\" \/><\/figure><\/li><li class=\"blocks-gallery-item\"><figure><img loading=\"lazy\" decoding=\"async\" width=\"475\" height=\"282\" src=\"https:\/\/acasaladillo.com.ar\/wp-content\/uploads\/2025\/06\/villarruel-victoria-4.jpg\" alt=\"\" data-id=\"62191\" data-full-url=\"https:\/\/acasaladillo.com.ar\/wp-content\/uploads\/2025\/06\/villarruel-victoria-4.jpg\" data-link=\"https:\/\/acasaladillo.com.ar\/?attachment_id=62191\" class=\"wp-image-62191\" srcset=\"https:\/\/acasaladillo.com.ar\/wp-content\/uploads\/2025\/06\/villarruel-victoria-4.jpg 475w, https:\/\/acasaladillo.com.ar\/wp-content\/uploads\/2025\/06\/villarruel-victoria-4-300x178.jpg 300w, https:\/\/acasaladillo.com.ar\/wp-content\/uploads\/2025\/06\/villarruel-victoria-4-260x154.jpg 260w, https:\/\/acasaladillo.com.ar\/wp-content\/uploads\/2025\/06\/villarruel-victoria-4-160x95.jpg 160w\" sizes=\"auto, (max-width: 475px) 100vw, 475px\" \/><\/figure><\/li><\/ul><\/figure>\n\n\n\n<p>\u201cSi yo fuese \u00e9l, la esperar\u00eda a la salida del frigor\u00edfico al que fue y le pido por el proyecto de la Universidad, que qued\u00f3 totalmente frenado en el Congreso\u201d, evalu\u00f3 un referente boinablanca del distrito.<br>Si bien no tuvo contacto con la pol\u00edtica local, diversos actores con los que tuvo contacto este medio evaluaron que se trata de \u201cun desembarco importante\u201d aunque \u201ctotalmente sorpresivo<br>Visito tambi\u00e9n el Centro de Formaci\u00f3n Rural Saladillo.<br>Fue recibida por sus autoridades y la Fundaci\u00f3n Mariano.<\/p>\n\n\n\n<figure class=\"wp-block-gallery columns-2 is-cropped wp-block-gallery-2 is-layout-flex wp-block-gallery-is-layout-flex\"><ul class=\"blocks-gallery-grid\"><li class=\"blocks-gallery-item\"><figure><img loading=\"lazy\" decoding=\"async\" width=\"245\" height=\"334\" src=\"https:\/\/acasaladillo.com.ar\/wp-content\/uploads\/2025\/06\/villarruel-victoria-2.jpg\" alt=\"\" data-id=\"62192\" data-full-url=\"https:\/\/acasaladillo.com.ar\/wp-content\/uploads\/2025\/06\/villarruel-victoria-2.jpg\" data-link=\"https:\/\/acasaladillo.com.ar\/?attachment_id=62192\" class=\"wp-image-62192\" srcset=\"https:\/\/acasaladillo.com.ar\/wp-content\/uploads\/2025\/06\/villarruel-victoria-2.jpg 245w, https:\/\/acasaladillo.com.ar\/wp-content\/uploads\/2025\/06\/villarruel-victoria-2-220x300.jpg 220w, https:\/\/acasaladillo.com.ar\/wp-content\/uploads\/2025\/06\/villarruel-victoria-2-160x218.jpg 160w\" sizes=\"auto, (max-width: 245px) 100vw, 245px\" \/><\/figure><\/li><li class=\"blocks-gallery-item\"><figure><img loading=\"lazy\" decoding=\"async\" width=\"360\" height=\"485\" src=\"https:\/\/acasaladillo.com.ar\/wp-content\/uploads\/2025\/06\/villarruel-victoria-3-1.jpg\" alt=\"\" data-id=\"62193\" data-full-url=\"https:\/\/acasaladillo.com.ar\/wp-content\/uploads\/2025\/06\/villarruel-victoria-3-1.jpg\" data-link=\"https:\/\/acasaladillo.com.ar\/?attachment_id=62193\" class=\"wp-image-62193\" srcset=\"https:\/\/acasaladillo.com.ar\/wp-content\/uploads\/2025\/06\/villarruel-victoria-3-1.jpg 360w, https:\/\/acasaladillo.com.ar\/wp-content\/uploads\/2025\/06\/villarruel-victoria-3-1-223x300.jpg 223w, https:\/\/acasaladillo.com.ar\/wp-content\/uploads\/2025\/06\/villarruel-victoria-3-1-260x350.jpg 260w, https:\/\/acasaladillo.com.ar\/wp-content\/uploads\/2025\/06\/villarruel-victoria-3-1-160x216.jpg 160w\" sizes=\"auto, (max-width: 360px) 100vw, 360px\" \/><\/figure><\/li><\/ul><\/figure>\n\n\n\n<p><br>.<\/p>\n","protected":false},"excerpt":{"rendered":"<p>Se corto sola<\/p>\n<p class=\"more-link-p\"><a class=\"more-link\" href=\"https:\/\/acasaladillo.com.ar\/?p=62187\">Read more &rarr;<\/a><\/p>\n","protected":false},"author":3,"featured_media":62193,"comment_status":"closed","ping_status":"closed","sticky":false,"template":"","format":"standard","meta":{"_monsterinsights_skip_tracking":false,"footnotes":""},"categories":[1],"tags":[],"class_list":["post-62187","post","type-post","status-publish","format-standard","has-post-thumbnail","hentry","category-noticias"],"aioseo_notices":[],"_links":{"self":[{"href":"https:\/\/acasaladillo.com.ar\/index.php?rest_route=\/wp\/v2\/posts\/62187","targetHints":{"allow":["GET"]}}],"collection":[{"href":"https:\/\/acasaladillo.com.ar\/index.php?rest_route=\/wp\/v2\/posts"}],"about":[{"href":"https:\/\/acasaladillo.com.ar\/index.php?rest_route=\/wp\/v2\/types\/post"}],"author":[{"embeddable":true,"href":"https:\/\/acasaladillo.com.ar\/index.php?rest_route=\/wp\/v2\/users\/3"}],"replies":[{"embeddable":true,"href":"https:\/\/acasaladillo.com.ar\/index.php?rest_route=%2Fwp%2Fv2%2Fcomments&post=62187"}],"version-history":[{"count":1,"href":"https:\/\/acasaladillo.com.ar\/index.php?rest_route=\/wp\/v2\/posts\/62187\/revisions"}],"predecessor-version":[{"id":62194,"href":"https:\/\/acasaladillo.com.ar\/index.php?rest_route=\/wp\/v2\/posts\/62187\/revisions\/62194"}],"wp:featuredmedia":[{"embeddable":true,"href":"https:\/\/acasaladillo.com.ar\/index.php?rest_route=\/wp\/v2\/media\/62193"}],"wp:attachment":[{"href":"https:\/\/acasaladillo.com.ar\/index.php?rest_route=%2Fwp%2Fv2%2Fmedia&parent=62187"}],"wp:term":[{"taxonomy":"category","embeddable":true,"href":"https:\/\/acasaladillo.com.ar\/index.php?rest_route=%2Fwp%2Fv2%2Fcategories&post=62187"},{"taxonomy":"post_tag","embeddable":true,"href":"https:\/\/acasaladillo.com.ar\/index.php?rest_route=%2Fwp%2Fv2%2Ftags&post=62187"}],"curies":[{"name":"wp","href":"https:\/\/api.w.org\/{rel}","templated":true}]}}