{"id":62068,"date":"2025-05-26T15:51:15","date_gmt":"2025-05-26T18:51:15","guid":{"rendered":"https:\/\/acasaladillo.com.ar\/?p=62068"},"modified":"2025-05-26T20:32:21","modified_gmt":"2025-05-26T23:32:21","slug":"109-anos","status":"publish","type":"post","link":"https:\/\/acasaladillo.com.ar\/?p=62068","title":{"rendered":"109 a\u00f1os"},"content":{"rendered":"\n<figure class=\"wp-block-image size-full is-style-rounded\"><img loading=\"lazy\" decoding=\"async\" width=\"291\" height=\"282\" src=\"https:\/\/acasaladillo.com.ar\/wp-content\/uploads\/2025\/05\/uuuuuuuuuuuuuuuuuuuu.jpg\" alt=\"\" class=\"wp-image-62069\" srcset=\"https:\/\/acasaladillo.com.ar\/wp-content\/uploads\/2025\/05\/uuuuuuuuuuuuuuuuuuuu.jpg 291w, https:\/\/acasaladillo.com.ar\/wp-content\/uploads\/2025\/05\/uuuuuuuuuuuuuuuuuuuu-260x252.jpg 260w, https:\/\/acasaladillo.com.ar\/wp-content\/uploads\/2025\/05\/uuuuuuuuuuuuuuuuuuuu-160x155.jpg 160w\" sizes=\"auto, (max-width: 291px) 100vw, 291px\" \/><\/figure>\n\n\n\n<p>A. de Toledo<\/p>\n\n\n\n<hr class=\"wp-block-separator\"\/>\n\n\n\n<!--more-->\n\n\n\n<p>\u00c1LVAREZ DE TOLEDO FESTEJ\u00d3 LOS 109 A\u00d1OS<\/p>\n\n\n\n<figure class=\"wp-block-gallery columns-2 is-cropped wp-block-gallery-1 is-layout-flex wp-block-gallery-is-layout-flex\"><ul class=\"blocks-gallery-grid\"><li class=\"blocks-gallery-item\"><figure><img loading=\"lazy\" decoding=\"async\" width=\"500\" height=\"333\" src=\"https:\/\/acasaladillo.com.ar\/wp-content\/uploads\/2025\/05\/u.jpg\" alt=\"\" data-id=\"62070\" data-full-url=\"https:\/\/acasaladillo.com.ar\/wp-content\/uploads\/2025\/05\/u.jpg\" data-link=\"https:\/\/acasaladillo.com.ar\/?attachment_id=62070\" class=\"wp-image-62070\" srcset=\"https:\/\/acasaladillo.com.ar\/wp-content\/uploads\/2025\/05\/u.jpg 500w, https:\/\/acasaladillo.com.ar\/wp-content\/uploads\/2025\/05\/u-300x200.jpg 300w, https:\/\/acasaladillo.com.ar\/wp-content\/uploads\/2025\/05\/u-260x173.jpg 260w, https:\/\/acasaladillo.com.ar\/wp-content\/uploads\/2025\/05\/u-160x107.jpg 160w\" sizes=\"auto, (max-width: 500px) 100vw, 500px\" \/><\/figure><\/li><li class=\"blocks-gallery-item\"><figure><img loading=\"lazy\" decoding=\"async\" width=\"500\" height=\"333\" src=\"https:\/\/acasaladillo.com.ar\/wp-content\/uploads\/2025\/05\/uu.jpg\" alt=\"\" data-id=\"62071\" data-full-url=\"https:\/\/acasaladillo.com.ar\/wp-content\/uploads\/2025\/05\/uu.jpg\" data-link=\"https:\/\/acasaladillo.com.ar\/?attachment_id=62071\" class=\"wp-image-62071\" srcset=\"https:\/\/acasaladillo.com.ar\/wp-content\/uploads\/2025\/05\/uu.jpg 500w, https:\/\/acasaladillo.com.ar\/wp-content\/uploads\/2025\/05\/uu-300x200.jpg 300w, https:\/\/acasaladillo.com.ar\/wp-content\/uploads\/2025\/05\/uu-260x173.jpg 260w, https:\/\/acasaladillo.com.ar\/wp-content\/uploads\/2025\/05\/uu-160x107.jpg 160w\" sizes=\"auto, (max-width: 500px) 100vw, 500px\" \/><\/figure><\/li><\/ul><\/figure>\n\n\n\n<p>Frente a la nueva delegaci\u00f3n se llevaron adelante los festejos por el 109 Aniversario de la localidad de \u00c1lvarez de Toledo.<\/p>\n\n\n\n<figure class=\"wp-block-gallery columns-2 is-cropped wp-block-gallery-2 is-layout-flex wp-block-gallery-is-layout-flex\"><ul class=\"blocks-gallery-grid\"><li class=\"blocks-gallery-item\"><figure><img loading=\"lazy\" decoding=\"async\" width=\"500\" height=\"333\" src=\"https:\/\/acasaladillo.com.ar\/wp-content\/uploads\/2025\/05\/uuu.jpg\" alt=\"\" data-id=\"62072\" data-full-url=\"https:\/\/acasaladillo.com.ar\/wp-content\/uploads\/2025\/05\/uuu.jpg\" data-link=\"https:\/\/acasaladillo.com.ar\/?attachment_id=62072\" class=\"wp-image-62072\" srcset=\"https:\/\/acasaladillo.com.ar\/wp-content\/uploads\/2025\/05\/uuu.jpg 500w, https:\/\/acasaladillo.com.ar\/wp-content\/uploads\/2025\/05\/uuu-300x200.jpg 300w, https:\/\/acasaladillo.com.ar\/wp-content\/uploads\/2025\/05\/uuu-260x173.jpg 260w, https:\/\/acasaladillo.com.ar\/wp-content\/uploads\/2025\/05\/uuu-160x107.jpg 160w\" sizes=\"auto, (max-width: 500px) 100vw, 500px\" \/><\/figure><\/li><li class=\"blocks-gallery-item\"><figure><img loading=\"lazy\" decoding=\"async\" width=\"500\" height=\"333\" src=\"https:\/\/acasaladillo.com.ar\/wp-content\/uploads\/2025\/05\/uuuuu.jpg\" alt=\"\" data-id=\"62073\" data-full-url=\"https:\/\/acasaladillo.com.ar\/wp-content\/uploads\/2025\/05\/uuuuu.jpg\" data-link=\"https:\/\/acasaladillo.com.ar\/?attachment_id=62073\" class=\"wp-image-62073\" srcset=\"https:\/\/acasaladillo.com.ar\/wp-content\/uploads\/2025\/05\/uuuuu.jpg 500w, https:\/\/acasaladillo.com.ar\/wp-content\/uploads\/2025\/05\/uuuuu-300x200.jpg 300w, https:\/\/acasaladillo.com.ar\/wp-content\/uploads\/2025\/05\/uuuuu-260x173.jpg 260w, https:\/\/acasaladillo.com.ar\/wp-content\/uploads\/2025\/05\/uuuuu-160x107.jpg 160w\" sizes=\"auto, (max-width: 500px) 100vw, 500px\" \/><\/figure><\/li><\/ul><\/figure>\n\n\n\n<p>Se entonaron las estrofas del Himno Nacional interpretado por Lisandro Gianorio, luego estuvo la bendici\u00f3n a cargo del Di\u00e1cono presente, se hicieron entrega de certificados recordatorios a quienes fueron parte en el a\u00f1o 1993 del Taller de trabajos en madera que tuvo a su cargo el Profesor Cascardo, luego se interpret\u00f3 la poes\u00eda Huella de Toledo de la vecina Zulma Valeriani quien se dirigi\u00f3 a los presentes, al igual que el Delegado Guillermo Monetti y el Intendente Municipal Ing. Jos\u00e9 Luis Salom\u00f3n. <\/p>\n\n\n\n<figure class=\"wp-block-gallery columns-2 is-cropped wp-block-gallery-3 is-layout-flex wp-block-gallery-is-layout-flex\"><ul class=\"blocks-gallery-grid\"><li class=\"blocks-gallery-item\"><figure><img loading=\"lazy\" decoding=\"async\" width=\"500\" height=\"333\" src=\"https:\/\/acasaladillo.com.ar\/wp-content\/uploads\/2025\/05\/uuuuuuuu.jpg\" alt=\"\" data-id=\"62074\" data-full-url=\"https:\/\/acasaladillo.com.ar\/wp-content\/uploads\/2025\/05\/uuuuuuuu.jpg\" data-link=\"https:\/\/acasaladillo.com.ar\/?attachment_id=62074\" class=\"wp-image-62074\" srcset=\"https:\/\/acasaladillo.com.ar\/wp-content\/uploads\/2025\/05\/uuuuuuuu.jpg 500w, https:\/\/acasaladillo.com.ar\/wp-content\/uploads\/2025\/05\/uuuuuuuu-300x200.jpg 300w, https:\/\/acasaladillo.com.ar\/wp-content\/uploads\/2025\/05\/uuuuuuuu-260x173.jpg 260w, https:\/\/acasaladillo.com.ar\/wp-content\/uploads\/2025\/05\/uuuuuuuu-160x107.jpg 160w\" sizes=\"auto, (max-width: 500px) 100vw, 500px\" \/><\/figure><\/li><li class=\"blocks-gallery-item\"><figure><img loading=\"lazy\" decoding=\"async\" width=\"500\" height=\"333\" src=\"https:\/\/acasaladillo.com.ar\/wp-content\/uploads\/2025\/05\/uuuuuuuuuuuuuu.jpg\" alt=\"\" data-id=\"62075\" data-full-url=\"https:\/\/acasaladillo.com.ar\/wp-content\/uploads\/2025\/05\/uuuuuuuuuuuuuu.jpg\" data-link=\"https:\/\/acasaladillo.com.ar\/?attachment_id=62075\" class=\"wp-image-62075\" srcset=\"https:\/\/acasaladillo.com.ar\/wp-content\/uploads\/2025\/05\/uuuuuuuuuuuuuu.jpg 500w, https:\/\/acasaladillo.com.ar\/wp-content\/uploads\/2025\/05\/uuuuuuuuuuuuuu-300x200.jpg 300w, https:\/\/acasaladillo.com.ar\/wp-content\/uploads\/2025\/05\/uuuuuuuuuuuuuu-260x173.jpg 260w, https:\/\/acasaladillo.com.ar\/wp-content\/uploads\/2025\/05\/uuuuuuuuuuuuuu-160x107.jpg 160w\" sizes=\"auto, (max-width: 500px) 100vw, 500px\" \/><\/figure><\/li><\/ul><\/figure>\n\n\n\n<p>Posteriormente se cant\u00f3 el Feliz Cumplea\u00f1os y se realiz\u00f3 el tradicional corte de la torta.Tambi\u00e9n se llev\u00f3 a cabo la licitaci\u00f3n para mejoras integrales del Jard\u00edn Municipal El Trencito Alegre y se dej\u00f3 formalmente habilitado el sistema de iluminaci\u00f3n led instalado.<\/p>\n\n\n\n<figure class=\"wp-block-gallery columns-2 is-cropped wp-block-gallery-4 is-layout-flex wp-block-gallery-is-layout-flex\"><ul class=\"blocks-gallery-grid\"><li class=\"blocks-gallery-item\"><figure><img loading=\"lazy\" decoding=\"async\" width=\"500\" height=\"333\" src=\"https:\/\/acasaladillo.com.ar\/wp-content\/uploads\/2025\/05\/uuuuuuuuuuuuuuuu.jpg\" alt=\"\" data-id=\"62076\" data-full-url=\"https:\/\/acasaladillo.com.ar\/wp-content\/uploads\/2025\/05\/uuuuuuuuuuuuuuuu.jpg\" data-link=\"https:\/\/acasaladillo.com.ar\/?attachment_id=62076\" class=\"wp-image-62076\" srcset=\"https:\/\/acasaladillo.com.ar\/wp-content\/uploads\/2025\/05\/uuuuuuuuuuuuuuuu.jpg 500w, https:\/\/acasaladillo.com.ar\/wp-content\/uploads\/2025\/05\/uuuuuuuuuuuuuuuu-300x200.jpg 300w, https:\/\/acasaladillo.com.ar\/wp-content\/uploads\/2025\/05\/uuuuuuuuuuuuuuuu-260x173.jpg 260w, https:\/\/acasaladillo.com.ar\/wp-content\/uploads\/2025\/05\/uuuuuuuuuuuuuuuu-160x107.jpg 160w\" sizes=\"auto, (max-width: 500px) 100vw, 500px\" \/><\/figure><\/li><li class=\"blocks-gallery-item\"><figure><img loading=\"lazy\" decoding=\"async\" width=\"291\" height=\"282\" src=\"https:\/\/acasaladillo.com.ar\/wp-content\/uploads\/2025\/05\/uuuuuuuuuuuuuuuuuuuu-1.jpg\" alt=\"\" data-id=\"62077\" data-full-url=\"https:\/\/acasaladillo.com.ar\/wp-content\/uploads\/2025\/05\/uuuuuuuuuuuuuuuuuuuu-1.jpg\" data-link=\"https:\/\/acasaladillo.com.ar\/?attachment_id=62077\" class=\"wp-image-62077\" srcset=\"https:\/\/acasaladillo.com.ar\/wp-content\/uploads\/2025\/05\/uuuuuuuuuuuuuuuuuuuu-1.jpg 291w, https:\/\/acasaladillo.com.ar\/wp-content\/uploads\/2025\/05\/uuuuuuuuuuuuuuuuuuuu-1-260x252.jpg 260w, https:\/\/acasaladillo.com.ar\/wp-content\/uploads\/2025\/05\/uuuuuuuuuuuuuuuuuuuu-1-160x155.jpg 160w\" sizes=\"auto, (max-width: 291px) 100vw, 291px\" \/><\/figure><\/li><\/ul><\/figure>\n","protected":false},"excerpt":{"rendered":"<p>A. de Toledo<\/p>\n<p class=\"more-link-p\"><a class=\"more-link\" href=\"https:\/\/acasaladillo.com.ar\/?p=62068\">Read more &rarr;<\/a><\/p>\n","protected":false},"author":3,"featured_media":62075,"comment_status":"closed","ping_status":"closed","sticky":false,"template":"","format":"standard","meta":{"_monsterinsights_skip_tracking":false,"footnotes":""},"categories":[1],"tags":[3335,509],"class_list":["post-62068","post","type-post","status-publish","format-standard","has-post-thumbnail","hentry","category-noticias","tag-109-anos-toledo","tag-toledo"],"aioseo_notices":[],"_links":{"self":[{"href":"https:\/\/acasaladillo.com.ar\/index.php?rest_route=\/wp\/v2\/posts\/62068","targetHints":{"allow":["GET"]}}],"collection":[{"href":"https:\/\/acasaladillo.com.ar\/index.php?rest_route=\/wp\/v2\/posts"}],"about":[{"href":"https:\/\/acasaladillo.com.ar\/index.php?rest_route=\/wp\/v2\/types\/post"}],"author":[{"embeddable":true,"href":"https:\/\/acasaladillo.com.ar\/index.php?rest_route=\/wp\/v2\/users\/3"}],"replies":[{"embeddable":true,"href":"https:\/\/acasaladillo.com.ar\/index.php?rest_route=%2Fwp%2Fv2%2Fcomments&post=62068"}],"version-history":[{"count":1,"href":"https:\/\/acasaladillo.com.ar\/index.php?rest_route=\/wp\/v2\/posts\/62068\/revisions"}],"predecessor-version":[{"id":62078,"href":"https:\/\/acasaladillo.com.ar\/index.php?rest_route=\/wp\/v2\/posts\/62068\/revisions\/62078"}],"wp:featuredmedia":[{"embeddable":true,"href":"https:\/\/acasaladillo.com.ar\/index.php?rest_route=\/wp\/v2\/media\/62075"}],"wp:attachment":[{"href":"https:\/\/acasaladillo.com.ar\/index.php?rest_route=%2Fwp%2Fv2%2Fmedia&parent=62068"}],"wp:term":[{"taxonomy":"category","embeddable":true,"href":"https:\/\/acasaladillo.com.ar\/index.php?rest_route=%2Fwp%2Fv2%2Fcategories&post=62068"},{"taxonomy":"post_tag","embeddable":true,"href":"https:\/\/acasaladillo.com.ar\/index.php?rest_route=%2Fwp%2Fv2%2Ftags&post=62068"}],"curies":[{"name":"wp","href":"https:\/\/api.w.org\/{rel}","templated":true}]}}