{"id":62050,"date":"2025-05-26T12:56:27","date_gmt":"2025-05-26T15:56:27","guid":{"rendered":"https:\/\/acasaladillo.com.ar\/?p=62050"},"modified":"2025-05-26T13:14:30","modified_gmt":"2025-05-26T16:14:30","slug":"lsa","status":"publish","type":"post","link":"https:\/\/acasaladillo.com.ar\/?p=62050","title":{"rendered":"LSA"},"content":{"rendered":"\n<figure class=\"wp-block-image size-full is-style-rounded\"><img loading=\"lazy\" decoding=\"async\" width=\"500\" height=\"374\" src=\"https:\/\/acasaladillo.com.ar\/wp-content\/uploads\/2025\/05\/222.jpg\" alt=\"\" class=\"wp-image-62051\" srcset=\"https:\/\/acasaladillo.com.ar\/wp-content\/uploads\/2025\/05\/222.jpg 500w, https:\/\/acasaladillo.com.ar\/wp-content\/uploads\/2025\/05\/222-300x224.jpg 300w, https:\/\/acasaladillo.com.ar\/wp-content\/uploads\/2025\/05\/222-260x194.jpg 260w, https:\/\/acasaladillo.com.ar\/wp-content\/uploads\/2025\/05\/222-160x120.jpg 160w\" sizes=\"auto, (max-width: 500px) 100vw, 500px\" \/><\/figure>\n\n\n\n<p> 1.\u00aa edici\u00f3n  <\/p>\n\n\n\n<hr class=\"wp-block-separator\"\/>\n\n\n\n<!--more-->\n\n\n\n<p>\ud83d\udce3 COMENZ\u00d3 LA CAPACITACI\u00d3N EN LENGUA DE SE\u00d1AS ARGENTINA <\/p>\n\n\n\n<figure class=\"wp-block-gallery columns-3 is-cropped wp-block-gallery-1 is-layout-flex wp-block-gallery-is-layout-flex\"><ul class=\"blocks-gallery-grid\"><li class=\"blocks-gallery-item\"><figure><img loading=\"lazy\" decoding=\"async\" width=\"500\" height=\"375\" src=\"https:\/\/acasaladillo.com.ar\/wp-content\/uploads\/2025\/05\/2.jpg\" alt=\"\" data-id=\"62052\" data-full-url=\"https:\/\/acasaladillo.com.ar\/wp-content\/uploads\/2025\/05\/2.jpg\" data-link=\"https:\/\/acasaladillo.com.ar\/?attachment_id=62052\" class=\"wp-image-62052\" srcset=\"https:\/\/acasaladillo.com.ar\/wp-content\/uploads\/2025\/05\/2.jpg 500w, https:\/\/acasaladillo.com.ar\/wp-content\/uploads\/2025\/05\/2-300x225.jpg 300w, https:\/\/acasaladillo.com.ar\/wp-content\/uploads\/2025\/05\/2-260x195.jpg 260w, https:\/\/acasaladillo.com.ar\/wp-content\/uploads\/2025\/05\/2-160x120.jpg 160w\" sizes=\"auto, (max-width: 500px) 100vw, 500px\" \/><\/figure><\/li><li class=\"blocks-gallery-item\"><figure><img loading=\"lazy\" decoding=\"async\" width=\"500\" height=\"375\" src=\"https:\/\/acasaladillo.com.ar\/wp-content\/uploads\/2025\/05\/22.jpg\" alt=\"\" data-id=\"62053\" data-full-url=\"https:\/\/acasaladillo.com.ar\/wp-content\/uploads\/2025\/05\/22.jpg\" data-link=\"https:\/\/acasaladillo.com.ar\/?attachment_id=62053\" class=\"wp-image-62053\" srcset=\"https:\/\/acasaladillo.com.ar\/wp-content\/uploads\/2025\/05\/22.jpg 500w, https:\/\/acasaladillo.com.ar\/wp-content\/uploads\/2025\/05\/22-300x225.jpg 300w, https:\/\/acasaladillo.com.ar\/wp-content\/uploads\/2025\/05\/22-260x195.jpg 260w, https:\/\/acasaladillo.com.ar\/wp-content\/uploads\/2025\/05\/22-160x120.jpg 160w\" sizes=\"auto, (max-width: 500px) 100vw, 500px\" \/><\/figure><\/li><li class=\"blocks-gallery-item\"><figure><img loading=\"lazy\" decoding=\"async\" width=\"500\" height=\"375\" src=\"https:\/\/acasaladillo.com.ar\/wp-content\/uploads\/2025\/05\/2222.jpg\" alt=\"\" data-id=\"62054\" data-full-url=\"https:\/\/acasaladillo.com.ar\/wp-content\/uploads\/2025\/05\/2222.jpg\" data-link=\"https:\/\/acasaladillo.com.ar\/?attachment_id=62054\" class=\"wp-image-62054\" srcset=\"https:\/\/acasaladillo.com.ar\/wp-content\/uploads\/2025\/05\/2222.jpg 500w, https:\/\/acasaladillo.com.ar\/wp-content\/uploads\/2025\/05\/2222-300x225.jpg 300w, https:\/\/acasaladillo.com.ar\/wp-content\/uploads\/2025\/05\/2222-260x195.jpg 260w, https:\/\/acasaladillo.com.ar\/wp-content\/uploads\/2025\/05\/2222-160x120.jpg 160w\" sizes=\"auto, (max-width: 500px) 100vw, 500px\" \/><\/figure><\/li><\/ul><\/figure>\n\n\n\n<p>El pasado 19 de mayo, en el aula 3-4 del CURS, se realiz\u00f3 el primer encuentro de la 1.\u00aa edici\u00f3n 2025 de la capacitaci\u00f3n en Lengua de Se\u00f1as Argentina, organizada por la Secretar\u00eda de Desarrollo Humano y Salud junto con la Direcci\u00f3n de Personal.<\/p>\n\n\n\n<figure class=\"wp-block-gallery columns-3 is-cropped wp-block-gallery-2 is-layout-flex wp-block-gallery-is-layout-flex\"><ul class=\"blocks-gallery-grid\"><li class=\"blocks-gallery-item\"><figure><img loading=\"lazy\" decoding=\"async\" width=\"500\" height=\"374\" src=\"https:\/\/acasaladillo.com.ar\/wp-content\/uploads\/2025\/05\/222-1.jpg\" alt=\"\" data-id=\"62055\" data-full-url=\"https:\/\/acasaladillo.com.ar\/wp-content\/uploads\/2025\/05\/222-1.jpg\" data-link=\"https:\/\/acasaladillo.com.ar\/?attachment_id=62055\" class=\"wp-image-62055\" srcset=\"https:\/\/acasaladillo.com.ar\/wp-content\/uploads\/2025\/05\/222-1.jpg 500w, https:\/\/acasaladillo.com.ar\/wp-content\/uploads\/2025\/05\/222-1-300x224.jpg 300w, https:\/\/acasaladillo.com.ar\/wp-content\/uploads\/2025\/05\/222-1-260x194.jpg 260w, https:\/\/acasaladillo.com.ar\/wp-content\/uploads\/2025\/05\/222-1-160x120.jpg 160w\" sizes=\"auto, (max-width: 500px) 100vw, 500px\" \/><\/figure><\/li><li class=\"blocks-gallery-item\"><figure><img loading=\"lazy\" decoding=\"async\" width=\"500\" height=\"375\" src=\"https:\/\/acasaladillo.com.ar\/wp-content\/uploads\/2025\/05\/22222.jpg\" alt=\"\" data-id=\"62056\" data-full-url=\"https:\/\/acasaladillo.com.ar\/wp-content\/uploads\/2025\/05\/22222.jpg\" data-link=\"https:\/\/acasaladillo.com.ar\/?attachment_id=62056\" class=\"wp-image-62056\" srcset=\"https:\/\/acasaladillo.com.ar\/wp-content\/uploads\/2025\/05\/22222.jpg 500w, https:\/\/acasaladillo.com.ar\/wp-content\/uploads\/2025\/05\/22222-300x225.jpg 300w, https:\/\/acasaladillo.com.ar\/wp-content\/uploads\/2025\/05\/22222-260x195.jpg 260w, https:\/\/acasaladillo.com.ar\/wp-content\/uploads\/2025\/05\/22222-160x120.jpg 160w\" sizes=\"auto, (max-width: 500px) 100vw, 500px\" \/><\/figure><\/li><li class=\"blocks-gallery-item\"><figure><img loading=\"lazy\" decoding=\"async\" width=\"500\" height=\"375\" src=\"https:\/\/acasaladillo.com.ar\/wp-content\/uploads\/2025\/05\/2222222.jpg\" alt=\"\" data-id=\"62057\" data-full-url=\"https:\/\/acasaladillo.com.ar\/wp-content\/uploads\/2025\/05\/2222222.jpg\" data-link=\"https:\/\/acasaladillo.com.ar\/?attachment_id=62057\" class=\"wp-image-62057\" srcset=\"https:\/\/acasaladillo.com.ar\/wp-content\/uploads\/2025\/05\/2222222.jpg 500w, https:\/\/acasaladillo.com.ar\/wp-content\/uploads\/2025\/05\/2222222-300x225.jpg 300w, https:\/\/acasaladillo.com.ar\/wp-content\/uploads\/2025\/05\/2222222-260x195.jpg 260w, https:\/\/acasaladillo.com.ar\/wp-content\/uploads\/2025\/05\/2222222-160x120.jpg 160w\" sizes=\"auto, (max-width: 500px) 100vw, 500px\" \/><\/figure><\/li><\/ul><\/figure>\n\n\n\n<p>Esta propuesta, abierta a toda la comunidad, tiene como objetivo fomentar una comunicaci\u00f3n m\u00e1s cercana, respetuosa y sin barreras con las personas sordas. La capacitaci\u00f3n se desarrollar\u00e1 durante un mes y medio, los lunes y viernes de 17:30 a 19 h, y est\u00e1 a cargo de un equipo comprometido de facilitadores: Priscila Moscoloni, Joaqu\u00edn Bordenave, Nicol\u00e1s Ortiz, Mariana Trezza Nanni y Laura Cabral. Acompa\u00f1a tambi\u00e9n Yamila Miranda, a cargo de la organizaci\u00f3n general y el acompa\u00f1amiento al grupo.<\/p>\n\n\n\n<figure class=\"wp-block-gallery columns-3 is-cropped wp-block-gallery-3 is-layout-flex wp-block-gallery-is-layout-flex\"><ul class=\"blocks-gallery-grid\"><li class=\"blocks-gallery-item\"><figure><img loading=\"lazy\" decoding=\"async\" width=\"500\" height=\"375\" src=\"https:\/\/acasaladillo.com.ar\/wp-content\/uploads\/2025\/05\/22222222222.jpg\" alt=\"\" data-id=\"62058\" data-full-url=\"https:\/\/acasaladillo.com.ar\/wp-content\/uploads\/2025\/05\/22222222222.jpg\" data-link=\"https:\/\/acasaladillo.com.ar\/?attachment_id=62058\" class=\"wp-image-62058\" srcset=\"https:\/\/acasaladillo.com.ar\/wp-content\/uploads\/2025\/05\/22222222222.jpg 500w, https:\/\/acasaladillo.com.ar\/wp-content\/uploads\/2025\/05\/22222222222-300x225.jpg 300w, https:\/\/acasaladillo.com.ar\/wp-content\/uploads\/2025\/05\/22222222222-260x195.jpg 260w, https:\/\/acasaladillo.com.ar\/wp-content\/uploads\/2025\/05\/22222222222-160x120.jpg 160w\" sizes=\"auto, (max-width: 500px) 100vw, 500px\" \/><\/figure><\/li><li class=\"blocks-gallery-item\"><figure><img loading=\"lazy\" decoding=\"async\" width=\"500\" height=\"375\" src=\"https:\/\/acasaladillo.com.ar\/wp-content\/uploads\/2025\/05\/222222222222222222.jpg\" alt=\"\" data-id=\"62059\" data-full-url=\"https:\/\/acasaladillo.com.ar\/wp-content\/uploads\/2025\/05\/222222222222222222.jpg\" data-link=\"https:\/\/acasaladillo.com.ar\/?attachment_id=62059\" class=\"wp-image-62059\" srcset=\"https:\/\/acasaladillo.com.ar\/wp-content\/uploads\/2025\/05\/222222222222222222.jpg 500w, https:\/\/acasaladillo.com.ar\/wp-content\/uploads\/2025\/05\/222222222222222222-300x225.jpg 300w, https:\/\/acasaladillo.com.ar\/wp-content\/uploads\/2025\/05\/222222222222222222-260x195.jpg 260w, https:\/\/acasaladillo.com.ar\/wp-content\/uploads\/2025\/05\/222222222222222222-160x120.jpg 160w\" sizes=\"auto, (max-width: 500px) 100vw, 500px\" \/><\/figure><\/li><li class=\"blocks-gallery-item\"><figure><img loading=\"lazy\" decoding=\"async\" width=\"500\" height=\"375\" src=\"https:\/\/acasaladillo.com.ar\/wp-content\/uploads\/2025\/05\/222222222222222222222222222222.jpg\" alt=\"\" data-id=\"62060\" data-full-url=\"https:\/\/acasaladillo.com.ar\/wp-content\/uploads\/2025\/05\/222222222222222222222222222222.jpg\" data-link=\"https:\/\/acasaladillo.com.ar\/?attachment_id=62060\" class=\"wp-image-62060\" srcset=\"https:\/\/acasaladillo.com.ar\/wp-content\/uploads\/2025\/05\/222222222222222222222222222222.jpg 500w, https:\/\/acasaladillo.com.ar\/wp-content\/uploads\/2025\/05\/222222222222222222222222222222-300x225.jpg 300w, https:\/\/acasaladillo.com.ar\/wp-content\/uploads\/2025\/05\/222222222222222222222222222222-260x195.jpg 260w, https:\/\/acasaladillo.com.ar\/wp-content\/uploads\/2025\/05\/222222222222222222222222222222-160x120.jpg 160w\" sizes=\"auto, (max-width: 500px) 100vw, 500px\" \/><\/figure><\/li><\/ul><\/figure>\n\n\n\n<p>En este primer d\u00eda, se hicieron presentes para dar la bienvenida Jorge Tenaglia, Director de Personal, y Georgina Lilli, Directora de Ni\u00f1ez, Familia y Discapacidad.<br>Nos alegra profundamente la gran respuesta de la comunidad: hubo 98 personas inscriptas, y quienes no pudieron participar en esta edici\u00f3n ya fueron registrados para las pr\u00f3ximas.<br>\ud83c\udf1f Seguimos construyendo puentes que nos acerquen y nos permitan comunicarnos desde el respeto y la empat\u00eda.<\/p>\n","protected":false},"excerpt":{"rendered":"<p>1.\u00aa edici\u00f3n<\/p>\n<p class=\"more-link-p\"><a class=\"more-link\" href=\"https:\/\/acasaladillo.com.ar\/?p=62050\">Read more &rarr;<\/a><\/p>\n","protected":false},"author":3,"featured_media":62057,"comment_status":"closed","ping_status":"closed","sticky":false,"template":"","format":"standard","meta":{"_monsterinsights_skip_tracking":false,"footnotes":""},"categories":[1],"tags":[3334,180],"class_list":["post-62050","post","type-post","status-publish","format-standard","has-post-thumbnail","hentry","category-noticias","tag-1-a-edicion-lenguaje-de-senas","tag-curs"],"aioseo_notices":[],"_links":{"self":[{"href":"https:\/\/acasaladillo.com.ar\/index.php?rest_route=\/wp\/v2\/posts\/62050","targetHints":{"allow":["GET"]}}],"collection":[{"href":"https:\/\/acasaladillo.com.ar\/index.php?rest_route=\/wp\/v2\/posts"}],"about":[{"href":"https:\/\/acasaladillo.com.ar\/index.php?rest_route=\/wp\/v2\/types\/post"}],"author":[{"embeddable":true,"href":"https:\/\/acasaladillo.com.ar\/index.php?rest_route=\/wp\/v2\/users\/3"}],"replies":[{"embeddable":true,"href":"https:\/\/acasaladillo.com.ar\/index.php?rest_route=%2Fwp%2Fv2%2Fcomments&post=62050"}],"version-history":[{"count":1,"href":"https:\/\/acasaladillo.com.ar\/index.php?rest_route=\/wp\/v2\/posts\/62050\/revisions"}],"predecessor-version":[{"id":62061,"href":"https:\/\/acasaladillo.com.ar\/index.php?rest_route=\/wp\/v2\/posts\/62050\/revisions\/62061"}],"wp:featuredmedia":[{"embeddable":true,"href":"https:\/\/acasaladillo.com.ar\/index.php?rest_route=\/wp\/v2\/media\/62057"}],"wp:attachment":[{"href":"https:\/\/acasaladillo.com.ar\/index.php?rest_route=%2Fwp%2Fv2%2Fmedia&parent=62050"}],"wp:term":[{"taxonomy":"category","embeddable":true,"href":"https:\/\/acasaladillo.com.ar\/index.php?rest_route=%2Fwp%2Fv2%2Fcategories&post=62050"},{"taxonomy":"post_tag","embeddable":true,"href":"https:\/\/acasaladillo.com.ar\/index.php?rest_route=%2Fwp%2Fv2%2Ftags&post=62050"}],"curies":[{"name":"wp","href":"https:\/\/api.w.org\/{rel}","templated":true}]}}