{"id":62042,"date":"2025-05-26T12:39:51","date_gmt":"2025-05-26T15:39:51","guid":{"rendered":"https:\/\/acasaladillo.com.ar\/?p=62042"},"modified":"2025-05-26T12:40:26","modified_gmt":"2025-05-26T15:40:26","slug":"95-anos","status":"publish","type":"post","link":"https:\/\/acasaladillo.com.ar\/?p=62042","title":{"rendered":"95 A\u00d1OS"},"content":{"rendered":"\n<figure class=\"wp-block-image size-full is-style-rounded\"><img loading=\"lazy\" decoding=\"async\" width=\"508\" height=\"551\" src=\"https:\/\/acasaladillo.com.ar\/wp-content\/uploads\/2025\/05\/ooooooooooooooooooooooooooo.jpg\" alt=\"\" class=\"wp-image-62043\" srcset=\"https:\/\/acasaladillo.com.ar\/wp-content\/uploads\/2025\/05\/ooooooooooooooooooooooooooo.jpg 508w, https:\/\/acasaladillo.com.ar\/wp-content\/uploads\/2025\/05\/ooooooooooooooooooooooooooo-277x300.jpg 277w, https:\/\/acasaladillo.com.ar\/wp-content\/uploads\/2025\/05\/ooooooooooooooooooooooooooo-260x282.jpg 260w, https:\/\/acasaladillo.com.ar\/wp-content\/uploads\/2025\/05\/ooooooooooooooooooooooooooo-160x174.jpg 160w\" sizes=\"auto, (max-width: 508px) 100vw, 508px\" \/><\/figure>\n\n\n\n<p> Manuel Pardal <\/p>\n\n\n\n<hr class=\"wp-block-separator\"\/>\n\n\n\n<!--more-->\n\n\n\n<p>LOS 95 A\u00d1OS DE LA ESCUELA SECUNDARIA N\u00b0 2 MANUEL PARDAL<\/p>\n\n\n\n<figure class=\"wp-block-gallery columns-2 is-cropped wp-block-gallery-1 is-layout-flex wp-block-gallery-is-layout-flex\"><ul class=\"blocks-gallery-grid\"><li class=\"blocks-gallery-item\"><figure><img loading=\"lazy\" decoding=\"async\" width=\"493\" height=\"500\" src=\"https:\/\/acasaladillo.com.ar\/wp-content\/uploads\/2025\/05\/oooo.jpg\" alt=\"\" data-id=\"62044\" data-full-url=\"https:\/\/acasaladillo.com.ar\/wp-content\/uploads\/2025\/05\/oooo.jpg\" data-link=\"https:\/\/acasaladillo.com.ar\/?attachment_id=62044\" class=\"wp-image-62044\" srcset=\"https:\/\/acasaladillo.com.ar\/wp-content\/uploads\/2025\/05\/oooo.jpg 493w, https:\/\/acasaladillo.com.ar\/wp-content\/uploads\/2025\/05\/oooo-296x300.jpg 296w, https:\/\/acasaladillo.com.ar\/wp-content\/uploads\/2025\/05\/oooo-260x264.jpg 260w, https:\/\/acasaladillo.com.ar\/wp-content\/uploads\/2025\/05\/oooo-160x162.jpg 160w\" sizes=\"auto, (max-width: 493px) 100vw, 493px\" \/><\/figure><\/li><li class=\"blocks-gallery-item\"><figure><img loading=\"lazy\" decoding=\"async\" width=\"500\" height=\"361\" src=\"https:\/\/acasaladillo.com.ar\/wp-content\/uploads\/2025\/05\/oooooooo.jpg\" alt=\"\" data-id=\"62045\" data-full-url=\"https:\/\/acasaladillo.com.ar\/wp-content\/uploads\/2025\/05\/oooooooo.jpg\" data-link=\"https:\/\/acasaladillo.com.ar\/?attachment_id=62045\" class=\"wp-image-62045\" srcset=\"https:\/\/acasaladillo.com.ar\/wp-content\/uploads\/2025\/05\/oooooooo.jpg 500w, https:\/\/acasaladillo.com.ar\/wp-content\/uploads\/2025\/05\/oooooooo-300x217.jpg 300w, https:\/\/acasaladillo.com.ar\/wp-content\/uploads\/2025\/05\/oooooooo-260x188.jpg 260w, https:\/\/acasaladillo.com.ar\/wp-content\/uploads\/2025\/05\/oooooooo-160x116.jpg 160w\" sizes=\"auto, (max-width: 500px) 100vw, 500px\" \/><\/figure><\/li><\/ul><\/figure>\n\n\n\n<p>Tuvo lugar el acto oficial institucional organizado por el sistema educativo de celebraci\u00f3n por los 95 a\u00f1os de la creaci\u00f3n de la Escuela de Educaci\u00f3n Secundaria N\u00b0 2 Manuel Pardal de Saladillo.<\/p>\n\n\n\n<figure class=\"wp-block-gallery columns-2 is-cropped wp-block-gallery-2 is-layout-flex wp-block-gallery-is-layout-flex\"><ul class=\"blocks-gallery-grid\"><li class=\"blocks-gallery-item\"><figure><img loading=\"lazy\" decoding=\"async\" width=\"500\" height=\"333\" src=\"https:\/\/acasaladillo.com.ar\/wp-content\/uploads\/2025\/05\/1-3.jpg\" alt=\"\" data-id=\"62048\" data-full-url=\"https:\/\/acasaladillo.com.ar\/wp-content\/uploads\/2025\/05\/1-3.jpg\" data-link=\"https:\/\/acasaladillo.com.ar\/?attachment_id=62048\" class=\"wp-image-62048\" srcset=\"https:\/\/acasaladillo.com.ar\/wp-content\/uploads\/2025\/05\/1-3.jpg 500w, https:\/\/acasaladillo.com.ar\/wp-content\/uploads\/2025\/05\/1-3-300x200.jpg 300w, https:\/\/acasaladillo.com.ar\/wp-content\/uploads\/2025\/05\/1-3-260x173.jpg 260w, https:\/\/acasaladillo.com.ar\/wp-content\/uploads\/2025\/05\/1-3-160x107.jpg 160w\" sizes=\"auto, (max-width: 500px) 100vw, 500px\" \/><\/figure><\/li><li class=\"blocks-gallery-item\"><figure><img loading=\"lazy\" decoding=\"async\" width=\"500\" height=\"333\" src=\"https:\/\/acasaladillo.com.ar\/wp-content\/uploads\/2025\/05\/1-2.jpg\" alt=\"\" data-id=\"62047\" data-full-url=\"https:\/\/acasaladillo.com.ar\/wp-content\/uploads\/2025\/05\/1-2.jpg\" data-link=\"https:\/\/acasaladillo.com.ar\/?attachment_id=62047\" class=\"wp-image-62047\" srcset=\"https:\/\/acasaladillo.com.ar\/wp-content\/uploads\/2025\/05\/1-2.jpg 500w, https:\/\/acasaladillo.com.ar\/wp-content\/uploads\/2025\/05\/1-2-300x200.jpg 300w, https:\/\/acasaladillo.com.ar\/wp-content\/uploads\/2025\/05\/1-2-260x173.jpg 260w, https:\/\/acasaladillo.com.ar\/wp-content\/uploads\/2025\/05\/1-2-160x107.jpg 160w\" sizes=\"auto, (max-width: 500px) 100vw, 500px\" \/><\/figure><\/li><\/ul><\/figure>\n\n\n\n<p>Junto con funcionarios del equipo de gobierno de gesti\u00f3n local el Intendente Municipal Ing. Jos\u00e9 Luis Salom\u00f3n estuvo presente participando de este acontecimiento importante de nuestro medio.<\/p>\n\n\n\n<figure class=\"wp-block-gallery columns-1 is-cropped wp-block-gallery-3 is-layout-flex wp-block-gallery-is-layout-flex\"><ul class=\"blocks-gallery-grid\"><li class=\"blocks-gallery-item\"><figure><img loading=\"lazy\" decoding=\"async\" width=\"500\" height=\"333\" src=\"https:\/\/acasaladillo.com.ar\/wp-content\/uploads\/2025\/05\/1-1.jpg\" alt=\"\" data-id=\"62046\" data-full-url=\"https:\/\/acasaladillo.com.ar\/wp-content\/uploads\/2025\/05\/1-1.jpg\" data-link=\"https:\/\/acasaladillo.com.ar\/?attachment_id=62046\" class=\"wp-image-62046\" srcset=\"https:\/\/acasaladillo.com.ar\/wp-content\/uploads\/2025\/05\/1-1.jpg 500w, https:\/\/acasaladillo.com.ar\/wp-content\/uploads\/2025\/05\/1-1-300x200.jpg 300w, https:\/\/acasaladillo.com.ar\/wp-content\/uploads\/2025\/05\/1-1-260x173.jpg 260w, https:\/\/acasaladillo.com.ar\/wp-content\/uploads\/2025\/05\/1-1-160x107.jpg 160w\" sizes=\"auto, (max-width: 500px) 100vw, 500px\" \/><\/figure><\/li><\/ul><\/figure>\n","protected":false},"excerpt":{"rendered":"<p>Manuel Pardal<\/p>\n<p class=\"more-link-p\"><a class=\"more-link\" href=\"https:\/\/acasaladillo.com.ar\/?p=62042\">Read more &rarr;<\/a><\/p>\n","protected":false},"author":3,"featured_media":62043,"comment_status":"closed","ping_status":"closed","sticky":false,"template":"","format":"standard","meta":{"_monsterinsights_skip_tracking":false,"footnotes":""},"categories":[1],"tags":[3333],"class_list":["post-62042","post","type-post","status-publish","format-standard","has-post-thumbnail","hentry","category-noticias","tag-los-95-anos-de-la-escuela-secundaria-n-2-manuel-pardal"],"aioseo_notices":[],"_links":{"self":[{"href":"https:\/\/acasaladillo.com.ar\/index.php?rest_route=\/wp\/v2\/posts\/62042","targetHints":{"allow":["GET"]}}],"collection":[{"href":"https:\/\/acasaladillo.com.ar\/index.php?rest_route=\/wp\/v2\/posts"}],"about":[{"href":"https:\/\/acasaladillo.com.ar\/index.php?rest_route=\/wp\/v2\/types\/post"}],"author":[{"embeddable":true,"href":"https:\/\/acasaladillo.com.ar\/index.php?rest_route=\/wp\/v2\/users\/3"}],"replies":[{"embeddable":true,"href":"https:\/\/acasaladillo.com.ar\/index.php?rest_route=%2Fwp%2Fv2%2Fcomments&post=62042"}],"version-history":[{"count":1,"href":"https:\/\/acasaladillo.com.ar\/index.php?rest_route=\/wp\/v2\/posts\/62042\/revisions"}],"predecessor-version":[{"id":62049,"href":"https:\/\/acasaladillo.com.ar\/index.php?rest_route=\/wp\/v2\/posts\/62042\/revisions\/62049"}],"wp:featuredmedia":[{"embeddable":true,"href":"https:\/\/acasaladillo.com.ar\/index.php?rest_route=\/wp\/v2\/media\/62043"}],"wp:attachment":[{"href":"https:\/\/acasaladillo.com.ar\/index.php?rest_route=%2Fwp%2Fv2%2Fmedia&parent=62042"}],"wp:term":[{"taxonomy":"category","embeddable":true,"href":"https:\/\/acasaladillo.com.ar\/index.php?rest_route=%2Fwp%2Fv2%2Fcategories&post=62042"},{"taxonomy":"post_tag","embeddable":true,"href":"https:\/\/acasaladillo.com.ar\/index.php?rest_route=%2Fwp%2Fv2%2Ftags&post=62042"}],"curies":[{"name":"wp","href":"https:\/\/api.w.org\/{rel}","templated":true}]}}