{"id":61889,"date":"2025-05-05T14:06:14","date_gmt":"2025-05-05T17:06:14","guid":{"rendered":"https:\/\/acasaladillo.com.ar\/?p=61889"},"modified":"2025-05-05T14:30:15","modified_gmt":"2025-05-05T17:30:15","slug":"celebraciones","status":"publish","type":"post","link":"https:\/\/acasaladillo.com.ar\/?p=61889","title":{"rendered":"Celebraciones."},"content":{"rendered":"\n<figure class=\"wp-block-image size-full is-style-rounded\"><img loading=\"lazy\" decoding=\"async\" width=\"600\" height=\"400\" src=\"https:\/\/acasaladillo.com.ar\/wp-content\/uploads\/2025\/05\/a-1.jpg\" alt=\"\" class=\"wp-image-61890\" srcset=\"https:\/\/acasaladillo.com.ar\/wp-content\/uploads\/2025\/05\/a-1.jpg 600w, https:\/\/acasaladillo.com.ar\/wp-content\/uploads\/2025\/05\/a-1-300x200.jpg 300w, https:\/\/acasaladillo.com.ar\/wp-content\/uploads\/2025\/05\/a-1-560x373.jpg 560w, https:\/\/acasaladillo.com.ar\/wp-content\/uploads\/2025\/05\/a-1-260x173.jpg 260w, https:\/\/acasaladillo.com.ar\/wp-content\/uploads\/2025\/05\/a-1-160x107.jpg 160w\" sizes=\"auto, (max-width: 600px) 100vw, 600px\" \/><\/figure>\n\n\n\n<p>  Fiestas Patronales <\/p>\n\n\n\n<hr class=\"wp-block-separator\"\/>\n\n\n\n<!--more-->\n\n\n\n<p>FIESTAS PATRONALES EN \u00c1LVAREZ DE TOLEDO<\/p>\n\n\n\n<figure class=\"wp-block-gallery columns-2 is-cropped wp-block-gallery-1 is-layout-flex wp-block-gallery-is-layout-flex\"><ul class=\"blocks-gallery-grid\"><li class=\"blocks-gallery-item\"><figure><img loading=\"lazy\" decoding=\"async\" width=\"640\" height=\"427\" src=\"https:\/\/acasaladillo.com.ar\/wp-content\/uploads\/2025\/05\/aa-1.jpg\" alt=\"\" data-id=\"61891\" data-full-url=\"https:\/\/acasaladillo.com.ar\/wp-content\/uploads\/2025\/05\/aa-1.jpg\" data-link=\"https:\/\/acasaladillo.com.ar\/?attachment_id=61891\" class=\"wp-image-61891\" srcset=\"https:\/\/acasaladillo.com.ar\/wp-content\/uploads\/2025\/05\/aa-1.jpg 640w, https:\/\/acasaladillo.com.ar\/wp-content\/uploads\/2025\/05\/aa-1-300x200.jpg 300w, https:\/\/acasaladillo.com.ar\/wp-content\/uploads\/2025\/05\/aa-1-560x374.jpg 560w, https:\/\/acasaladillo.com.ar\/wp-content\/uploads\/2025\/05\/aa-1-260x173.jpg 260w, https:\/\/acasaladillo.com.ar\/wp-content\/uploads\/2025\/05\/aa-1-160x107.jpg 160w\" sizes=\"auto, (max-width: 640px) 100vw, 640px\" \/><\/figure><\/li><li class=\"blocks-gallery-item\"><figure><img loading=\"lazy\" decoding=\"async\" width=\"600\" height=\"400\" src=\"https:\/\/acasaladillo.com.ar\/wp-content\/uploads\/2025\/05\/AAA-1.jpg\" alt=\"\" data-id=\"61892\" data-full-url=\"https:\/\/acasaladillo.com.ar\/wp-content\/uploads\/2025\/05\/AAA-1.jpg\" data-link=\"https:\/\/acasaladillo.com.ar\/?attachment_id=61892\" class=\"wp-image-61892\" srcset=\"https:\/\/acasaladillo.com.ar\/wp-content\/uploads\/2025\/05\/AAA-1.jpg 600w, https:\/\/acasaladillo.com.ar\/wp-content\/uploads\/2025\/05\/AAA-1-300x200.jpg 300w, https:\/\/acasaladillo.com.ar\/wp-content\/uploads\/2025\/05\/AAA-1-560x373.jpg 560w, https:\/\/acasaladillo.com.ar\/wp-content\/uploads\/2025\/05\/AAA-1-260x173.jpg 260w, https:\/\/acasaladillo.com.ar\/wp-content\/uploads\/2025\/05\/AAA-1-160x107.jpg 160w\" sizes=\"auto, (max-width: 600px) 100vw, 600px\" \/><\/figure><\/li><\/ul><\/figure>\n\n\n\n<p>En la tarde de ayer Domingo se llevaron a cabo las celebraciones de las Fiestas Patronales en la localidad de \u00c1lvarez de Toledo en honor y homenaje a Nuestra Se\u00f1ora de Luj\u00e1n.<br>Acompa\u00f1ando estas actividades estuvo el Intendente Municipal Ing. Jos\u00e9 Luis Salom\u00f3n.<\/p>\n","protected":false},"excerpt":{"rendered":"<p>Fiestas Patronales<\/p>\n<p class=\"more-link-p\"><a class=\"more-link\" href=\"https:\/\/acasaladillo.com.ar\/?p=61889\">Read more &rarr;<\/a><\/p>\n","protected":false},"author":3,"featured_media":61890,"comment_status":"closed","ping_status":"closed","sticky":false,"template":"","format":"standard","meta":{"_monsterinsights_skip_tracking":false,"footnotes":""},"categories":[1],"tags":[3064,509],"class_list":["post-61889","post","type-post","status-publish","format-standard","has-post-thumbnail","hentry","category-noticias","tag-fiestas-patronales","tag-toledo"],"aioseo_notices":[],"_links":{"self":[{"href":"https:\/\/acasaladillo.com.ar\/index.php?rest_route=\/wp\/v2\/posts\/61889","targetHints":{"allow":["GET"]}}],"collection":[{"href":"https:\/\/acasaladillo.com.ar\/index.php?rest_route=\/wp\/v2\/posts"}],"about":[{"href":"https:\/\/acasaladillo.com.ar\/index.php?rest_route=\/wp\/v2\/types\/post"}],"author":[{"embeddable":true,"href":"https:\/\/acasaladillo.com.ar\/index.php?rest_route=\/wp\/v2\/users\/3"}],"replies":[{"embeddable":true,"href":"https:\/\/acasaladillo.com.ar\/index.php?rest_route=%2Fwp%2Fv2%2Fcomments&post=61889"}],"version-history":[{"count":2,"href":"https:\/\/acasaladillo.com.ar\/index.php?rest_route=\/wp\/v2\/posts\/61889\/revisions"}],"predecessor-version":[{"id":61895,"href":"https:\/\/acasaladillo.com.ar\/index.php?rest_route=\/wp\/v2\/posts\/61889\/revisions\/61895"}],"wp:featuredmedia":[{"embeddable":true,"href":"https:\/\/acasaladillo.com.ar\/index.php?rest_route=\/wp\/v2\/media\/61890"}],"wp:attachment":[{"href":"https:\/\/acasaladillo.com.ar\/index.php?rest_route=%2Fwp%2Fv2%2Fmedia&parent=61889"}],"wp:term":[{"taxonomy":"category","embeddable":true,"href":"https:\/\/acasaladillo.com.ar\/index.php?rest_route=%2Fwp%2Fv2%2Fcategories&post=61889"},{"taxonomy":"post_tag","embeddable":true,"href":"https:\/\/acasaladillo.com.ar\/index.php?rest_route=%2Fwp%2Fv2%2Ftags&post=61889"}],"curies":[{"name":"wp","href":"https:\/\/api.w.org\/{rel}","templated":true}]}}