{"id":61764,"date":"2025-04-22T21:00:43","date_gmt":"2025-04-23T00:00:43","guid":{"rendered":"https:\/\/acasaladillo.com.ar\/?p=61764"},"modified":"2025-04-22T21:46:15","modified_gmt":"2025-04-23T00:46:15","slug":"murio-francisco","status":"publish","type":"post","link":"https:\/\/acasaladillo.com.ar\/?p=61764","title":{"rendered":"Muri\u00f3 Francisco"},"content":{"rendered":"\n<figure class=\"wp-block-image size-full is-style-rounded\"><img loading=\"lazy\" decoding=\"async\" width=\"201\" height=\"214\" src=\"https:\/\/acasaladillo.com.ar\/wp-content\/uploads\/2025\/04\/papa-francisco-1.jpg\" alt=\"\" class=\"wp-image-61766\" srcset=\"https:\/\/acasaladillo.com.ar\/wp-content\/uploads\/2025\/04\/papa-francisco-1.jpg 201w, https:\/\/acasaladillo.com.ar\/wp-content\/uploads\/2025\/04\/papa-francisco-1-160x170.jpg 160w\" sizes=\"auto, (max-width: 201px) 100vw, 201px\" \/><\/figure>\n\n\n\n<p>El Papa contra las guerras<\/p>\n\n\n\n<hr class=\"wp-block-separator\"\/>\n\n\n\n<!--more-->\n\n\n\n<p>A los 88 a\u00f1os y tras 12 de papado<br>Muri\u00f3 Francisco, un Papa contra las guerras, por la ecolog\u00eda y a favor de los pobres<br>Falleci\u00f3 a las 7.35, hora de Roma en su residencia de la Casa Santa Marta, inform\u00f3 el Vaticano. Hab\u00eda retomado su actividad.<\/p>\n\n\n\n<figure class=\"wp-block-image size-full\"><img loading=\"lazy\" decoding=\"async\" width=\"275\" height=\"183\" src=\"https:\/\/acasaladillo.com.ar\/wp-content\/uploads\/2025\/04\/paPA-MUERE.jpg\" alt=\"\" class=\"wp-image-61767\" srcset=\"https:\/\/acasaladillo.com.ar\/wp-content\/uploads\/2025\/04\/paPA-MUERE.jpg 275w, https:\/\/acasaladillo.com.ar\/wp-content\/uploads\/2025\/04\/paPA-MUERE-260x173.jpg 260w, https:\/\/acasaladillo.com.ar\/wp-content\/uploads\/2025\/04\/paPA-MUERE-160x106.jpg 160w\" sizes=\"auto, (max-width: 275px) 100vw, 275px\" \/><\/figure>\n\n\n\n<p>\u201c<strong>La muerte no es el fin de todo, sino el comienzo de algo. Es un nuevo inicio<\/strong>\u201d, escribi\u00f3\u00a0<strong>el papa Francisco<\/strong>, fallecido este lunes a los\u00a0<strong>88 a\u00f1os<\/strong>, en un texto in\u00e9dito difundido por medios italianos y que adquiere una carga especial tras su muerte.<\/p>\n\n\n\n<p>El texto, fechado el pasado\u00a0<strong>7 de febrero<\/strong>, es una meditaci\u00f3n personal del pont\u00edfice sobre el sentido de la\u00a0<strong>vejez<\/strong>, el valor de la\u00a0<strong>experiencia<\/strong>\u00a0y la\u00a0<strong>esperanza cristiana<\/strong>\u00a0en la\u00a0<strong>vida eterna<\/strong>, escrita semanas antes de ser internado por una\u00a0<strong>neumon\u00eda bilateral<\/strong>, dolencia por la que estuvo hospitalizado durante\u00a0<strong>38 d\u00edas<\/strong>, hasta el 23 de marzo. En sus l\u00edneas, Francisco reflexion\u00f3 con profundidad sobre su etapa vital, entrelazando su propia experiencia con el pensamiento de su \u201cquerido hermano en el episcopado\u201d<\/p>\n\n\n\n<p>En un pasaje especialmente significativo, Francisco reivindic\u00f3 el uso del t\u00e9rmino \u201cviejo\u201d, el mismo que Scola utiliza para describirse. \u201cNo debemos tener miedo de aceptar el envejecimiento, porque la vida es vida y edulcorar la realidad significa traicionar la verdad de las cosas. Devolverle el orgullo a un t\u00e9rmino que con demasiada frecuencia se considera malsano es un gesto que debemos agradecer al cardenal Scola\u201d, escribi\u00f3. \u201c<strong>Decir \u2018viejo\u2019 no significa \u2018ser desechado\u2019<\/strong>, como a veces nos hace pensar una cultura degradada del descarte\u201d, a\u00f1adi\u00f3, en una cr\u00edtica directa a los valores dominantes. \u201cDecir viejo, en cambio, significa decir experiencia, sabidur\u00eda, conocimiento, discernimiento, reflexi\u00f3n, escucha, lentitud&#8230; \u00a1Valores que necesitamos desesperadamente!\u201d.<\/p>\n\n\n\n<p>El papa tambi\u00e9n abord\u00f3 el&nbsp;<strong>papel de los abuelos<\/strong>&nbsp;en las sociedades contempor\u00e1neas, insistiendo en su importancia para el desarrollo integral de los j\u00f3venes. \u201cEl papel de los abuelos es de importancia fundamental para el desarrollo equilibrado de los j\u00f3venes y, en \u00faltima instancia, para una sociedad m\u00e1s pac\u00edfica, porque su ejemplo, sus palabras, su sabidur\u00eda pueden inculcar en los m\u00e1s j\u00f3venes una visi\u00f3n de largo plazo, la memoria del pasado y el anclaje en valores que perduren\u201d, se\u00f1al\u00f3.<\/p>\n\n\n\n<p>La dimensi\u00f3n espiritual ocupa un lugar central en el texto. Francisco elogi\u00f3 las palabras de Scola sobre el sufrimiento y la muerte, que defini\u00f3 como \u201cjoyas preciosas de fe y de esperanza\u201d. Mencion\u00f3 como referencias teol\u00f3gicas las obras de&nbsp;<strong>Hans Urs von Balthasar<\/strong>&nbsp;y&nbsp;<strong>Joseph Ratzinger<\/strong>, dos figuras que marcaron su pensamiento. Asegur\u00f3 que el texto nace no solo del intelecto, sino tambi\u00e9n \u201cdel afecto\u201d, porque \u201cel cristianismo no es tanto una acci\u00f3n intelectual o una elecci\u00f3n moral, sino m\u00e1s bien el afecto a una Persona, ese Cristo que vino a nuestro encuentro\u201d.<\/p>\n\n\n\n<p>La carta cierra con una imagen cargada de simbolismo. Francisco evoc\u00f3 el momento en que se revisti\u00f3 con el h\u00e1bito papal en la&nbsp;<strong>Capilla Sixtina<\/strong>, en marzo de 2013, y expres\u00f3 su deseo de volver a abrazar \u201ccon gran estima y afecto\u201d al cardenal Scola. \u201cAhora, ambos, m\u00e1s viejos que aquel d\u00eda (&#8230;) pero siempre unidos por la gratitud hacia este Dios amoroso que nos ofrece vida y esperanza a cualquier edad de nuestra vida\u201d.<\/p>\n","protected":false},"excerpt":{"rendered":"<p>El Papa contra las guerras<\/p>\n<p class=\"more-link-p\"><a class=\"more-link\" href=\"https:\/\/acasaladillo.com.ar\/?p=61764\">Read more &rarr;<\/a><\/p>\n","protected":false},"author":3,"featured_media":61766,"comment_status":"closed","ping_status":"closed","sticky":false,"template":"","format":"standard","meta":{"_monsterinsights_skip_tracking":false,"footnotes":""},"categories":[1],"tags":[3327],"class_list":["post-61764","post","type-post","status-publish","format-standard","has-post-thumbnail","hentry","category-noticias","tag-murio-el-papa-francisco"],"aioseo_notices":[],"_links":{"self":[{"href":"https:\/\/acasaladillo.com.ar\/index.php?rest_route=\/wp\/v2\/posts\/61764","targetHints":{"allow":["GET"]}}],"collection":[{"href":"https:\/\/acasaladillo.com.ar\/index.php?rest_route=\/wp\/v2\/posts"}],"about":[{"href":"https:\/\/acasaladillo.com.ar\/index.php?rest_route=\/wp\/v2\/types\/post"}],"author":[{"embeddable":true,"href":"https:\/\/acasaladillo.com.ar\/index.php?rest_route=\/wp\/v2\/users\/3"}],"replies":[{"embeddable":true,"href":"https:\/\/acasaladillo.com.ar\/index.php?rest_route=%2Fwp%2Fv2%2Fcomments&post=61764"}],"version-history":[{"count":1,"href":"https:\/\/acasaladillo.com.ar\/index.php?rest_route=\/wp\/v2\/posts\/61764\/revisions"}],"predecessor-version":[{"id":61768,"href":"https:\/\/acasaladillo.com.ar\/index.php?rest_route=\/wp\/v2\/posts\/61764\/revisions\/61768"}],"wp:featuredmedia":[{"embeddable":true,"href":"https:\/\/acasaladillo.com.ar\/index.php?rest_route=\/wp\/v2\/media\/61766"}],"wp:attachment":[{"href":"https:\/\/acasaladillo.com.ar\/index.php?rest_route=%2Fwp%2Fv2%2Fmedia&parent=61764"}],"wp:term":[{"taxonomy":"category","embeddable":true,"href":"https:\/\/acasaladillo.com.ar\/index.php?rest_route=%2Fwp%2Fv2%2Fcategories&post=61764"},{"taxonomy":"post_tag","embeddable":true,"href":"https:\/\/acasaladillo.com.ar\/index.php?rest_route=%2Fwp%2Fv2%2Ftags&post=61764"}],"curies":[{"name":"wp","href":"https:\/\/api.w.org\/{rel}","templated":true}]}}