{"id":61402,"date":"2025-03-06T12:34:56","date_gmt":"2025-03-06T15:34:56","guid":{"rendered":"https:\/\/acasaladillo.com.ar\/?p=61402"},"modified":"2025-03-08T22:22:46","modified_gmt":"2025-03-09T01:22:46","slug":"guille","status":"publish","type":"post","link":"https:\/\/acasaladillo.com.ar\/?p=61402","title":{"rendered":"Guille"},"content":{"rendered":"\n<figure class=\"wp-block-image size-full\"><img loading=\"lazy\" decoding=\"async\" width=\"640\" height=\"640\" src=\"https:\/\/acasaladillo.com.ar\/wp-content\/uploads\/2025\/03\/guillermina-sagion-1.jpg\" alt=\"\" class=\"wp-image-61403\" srcset=\"https:\/\/acasaladillo.com.ar\/wp-content\/uploads\/2025\/03\/guillermina-sagion-1.jpg 640w, https:\/\/acasaladillo.com.ar\/wp-content\/uploads\/2025\/03\/guillermina-sagion-1-300x300.jpg 300w, https:\/\/acasaladillo.com.ar\/wp-content\/uploads\/2025\/03\/guillermina-sagion-1-560x560.jpg 560w, https:\/\/acasaladillo.com.ar\/wp-content\/uploads\/2025\/03\/guillermina-sagion-1-260x260.jpg 260w, https:\/\/acasaladillo.com.ar\/wp-content\/uploads\/2025\/03\/guillermina-sagion-1-160x160.jpg 160w\" sizes=\"auto, (max-width: 640px) 100vw, 640px\" \/><\/figure>\n\n\n\n<p> Se te va a extra\u00f1ar. <\/p>\n\n\n\n<hr class=\"wp-block-separator\"\/>\n\n\n\n<!--more-->\n\n\n\n<p>NOS DEJO GUILLERMINA SAGGION: \u201cLA VOZ DEL MUNICIPIO\u201d<br>\u201cGuillermina Saggion nos dej\u00f3 imprevistamente. Su ausencia ser\u00e1 solamente f\u00edsica y quienes la hemos conocido y tratado nunca olvidaremos a quien durante muchos a\u00f1os fue \u201cLA VOZ DEL MUNICIPIO en cada acto oficial\u201d Carlos Antonio Gorosito.<br>\u201cHace casi exactamente dos meses, el 7 de enero pasado, Guillermina Saggion cumpli\u00f3 a\u00f1os. Al saludarla le exprese una frase que siempre repito ante cada cumplea\u00f1os: \u201cQue tus Sue\u00f1os y Proyectos pendientes se conviertan en realidad\u201d. Todos los seres humanos tenemos Sue\u00f1os y Proyectos que los renovamos en cada etapa, en cada momento de nuestras vidas. Guillermina era una mujer llena de Proyectos y Sue\u00f1os, muchos de ellos habr\u00e1 concretado y otros quedaran pendientes para siempre. Ayer como muchos de nuestra querida comunidad, recib\u00ed la triste e inesperada noticia de la partida de Guillermina de este mundo. Tan inesperada que a\u00fan me cuesta creer que haya partido f\u00edsicamente hacia el descanso Eterno. La empec\u00e9 a tratar a Guillermina hace m\u00e1s de 4 d\u00e9cadas en el Banco Local ( hoy Crediccoop) ,luego sobrevinieron los mateadas de la casa de su madre \u201cMina\u201d Curotti, en la casa de la calle Posadas(entre Av. Belgrano y 12 de Octubre), a las que a veces se sumaba su t\u00eda la siempre recodada Ana Curotti. Antes del a\u00f1o 1983 ya Guillermina formaba parte de los agentes del Municipio. Paralelamente encontr\u00f3 en el Teatro \u201cLa Comedia\u201d la posibilidad de desarrollar otras de sus vocaciones: la actuaci\u00f3n teatral bajo la direcci\u00f3n del Profesor Roberto Dairiens, en \u201cLa Comedia\u201d trabo una gran amistad con Carlos Agustoni y su familia, y juntos potenciaron su pasi\u00f3n por el teatro. Con Carlos Agustoni fue adem\u00e1s compa\u00f1era de trabajo en el Municipio. Como actriz dio testimonio desde las tablas de \u201cLa Comedia\u201d de sus condiciones actorales que el p\u00fablico premiaba con sus aplausos ante cada una de sus apariciones en escena. Las distintas Nuestras de Teatros Bonaerense que se desarrollaron en nuestra ciudad la tuvieron como protagonista en el escenario pero tambi\u00e9n en la organizaci\u00f3n. Con la aparici\u00f3n de Canal 5 los convecinos saladillenses y de la zona se familiarizaron con su voz en los anuncios comerciales. Pero m\u00e1s all\u00e1 de su voz en la locuci\u00f3n tuvo una destacada incursi\u00f3n en el periodismo, alg\u00fan reemplazo circunstancial del conductor del Noticiero de Canal 5 Sr. Aldo Rachit, pero el hito lo marco con la conducci\u00f3n en el mismo canal del programa \u201cDecime quien sos \u201d, donde entrevisto a distintas personas de la comunidad que hab\u00edan tenido participaci\u00f3n en diversos aspectos de la vida comunitaria: Pol\u00edtica, Cultura, Deportes, Instituciones etc, etc. Si se conservan los videos y\/o grabaciones de ese programa constituyen un valioso aporte a la historia local. Yo asum\u00ed como Intendente Municipal en 1991, no recuerdo con precisi\u00f3n pero en determinado momento pidi\u00f3 hablar conmigo y me dijo que conservar\u00eda su trabajo en Canal 5 ,pero que ten\u00eda la posibilidad de trabajar en una empresa saladillense, por lo tanto present\u00f3 su renuncia al Municipio. Pasaron unos a\u00f1os y cuando yo concurro a un programa de Canal 5 me dice \u201ccuando puedo hablar con vos\u201d , mi respuesta fue \u201ccuando quieras\u201d. Al siguiente se concret\u00f3 la reuni\u00f3n donde me dijo \u201c me interesa volver al Municipio\u201d, le dije \u201clisto ser\u00e1s la Voz Oficial de Municipio\u201d, y as\u00ed ocurri\u00f3 fue la locutora del Municipio hasta el 10 de diciembre de 2015 cuando conclu\u00ed mi sexto mandato consecutivo y luego continuo en la gesti\u00f3n del Intendente Salom\u00f3n. Desde el momento de su reingreso al Municipio se transform\u00f3 en la locutora oficial, en \u201cla Voz P\u00fablica del Municipio.\u201d Se abr\u00eda el tel\u00f3n del Teatro Marconi \u00f3 del Espa\u00f1ol y all\u00ed aparec\u00eda la elegante figura de Guillermina con su inconfundible voz para realizar las presentaciones. En marat\u00f3nicas inauguraciones de cada 31 de Julio (aniversario de la fundaci\u00f3n de la ciudad) y las jornadas previas por el interior saladillense pod\u00edamos escuchar la voz de Guillermina donde hacia una descripci\u00f3n de cada obra a inaugurar. Los mismo ocurr\u00eda cada 25 de diciembre cuando conmemor\u00e1bamos el aniversario de la creaci\u00f3n del partido de Saladillo. Los grandes espect\u00e1culos realizados en el Parque Rep\u00fablica de Brasil la ten\u00eda como presentadora de los destacados artistas que visitaban nuestra ciudad. Como no recordar que en ese mismo lugar, el Parque Republica de Brasil, cada 31 de diciembre me anunciaba para el saludo y brindis de fin de a\u00f1o, mientras Estela Perello me alcanzaba la copa de champagne. Y luego ella empezaba la cuenta regresiva para que pudieran disfrutar de los juegos artificiales. Durante muchos a\u00f1os me acostumbr\u00e9 a que me presentara como mandatario comunal cuando dec\u00eda \u201cse encuentra entre nosotros el Intendente Municipal\u2026\u201d y despu\u00e9s del 10 de diciembre de 2015 su voz me segu\u00eda siendo familiar y cuando yo me encontraba presente en alg\u00fan acto oficial ella desde la locuci\u00f3n dec\u00eda: \u201c se encuentra presente el ex \u2013Intendente Municipal\u2026\u201d. Pasan por mi mente muchos de los momentos compartidos. Como no voy a recordar el \u00faltimo d\u00eda de mi gesti\u00f3n Guillermina estaba esa ma\u00f1ana del 10 de diciembre de 2015 en el hall de Municipio junto a los empleados y funcionarios que me desped\u00edan.. Pero Guillermina fue mucho m\u00e1s que la \u201cVoz del Municipio\u201d. Fresca, activa, multifac\u00e9tica. Ya lo dije fue locutora, actriz, periodista. Tambi\u00e9n bailarina y modelo. El s\u00e1bado 23 de noviembre de 2024 concurr\u00ed a un acto oficial se recordaba el 150 Aniversario de la Sociedad Italiana de Saladillo ocurrido el 20 de septiembre del 2024, ese d\u00eda Guillermina no estuvo en la locuci\u00f3n, pero cumpli\u00f3 un rol que yo le desconoc\u00eda. Ese 23 de noviembre en el Sesquicentenario de la Sociedad Italiana, Guillermina apareci\u00f3 en el escenario que se hab\u00eda montado al efecto y nos sorprendi\u00f3 gratamente cantando algunas canciones en italiano. Estuvimos entonces ante la presencia de otras de sus facetas: la de cantante. Ciertamente lo hizo muy bien y el p\u00fablico la reconoci\u00f3 con su aplauso. Escuch\u00e9 por \u00faltima vez a \u201cLa Voz del Municipio\u201d en su condici\u00f3n de locutora oficial el 29 de noviembre de 2024 en el Patio del Palacio Municipal donde las autoridades locales efectuaron un reconocimiento a los Consejeros Escolares, all\u00ed como siempre hizo con solvencia su trabajo profesional. La muerte imprevistamente nos arrebat\u00f3 a Guillermina, pero ella solo se ha ido f\u00edsicamente. La escritora chilena Isabel Allende ha dicho: \u201cLa muerte no existe, la gente s\u00f3lo muere cuando la olvidan; si puedes recordarme, siempre estar\u00e9 contigo.\u201d Guillermina no morir\u00e1 para sus amigos, no morir\u00e1 para todos quienes la hemos conocido y tratado, siempre estar\u00e1 en nuestros mejores recuerdos. Con este escrito he querido tributar mi homenaje a quien desde su rol de locutora y empleada municipal me acompa\u00f1o en mis gestiones como Intendente y se supo ganar adem\u00e1s un lugar en el coraz\u00f3n de la comunidad local. Querida Guillermina ya estar\u00e1s junto al Supremo Hacedor disfrutando de la Gloria Eterna. Descansa en Paz, no te olvidaremos.\u201d<br>Carlos Antonio Gorosito, Ex Intendente Municipal (1991-2015), Saladillo 6 de marzo de 2025.<\/p>\n\n\n\n<figure class=\"wp-block-image size-full\"><img loading=\"lazy\" decoding=\"async\" width=\"373\" height=\"640\" src=\"https:\/\/acasaladillo.com.ar\/wp-content\/uploads\/2025\/03\/guile-goro.jpg\" alt=\"\" class=\"wp-image-61421\" srcset=\"https:\/\/acasaladillo.com.ar\/wp-content\/uploads\/2025\/03\/guile-goro.jpg 373w, https:\/\/acasaladillo.com.ar\/wp-content\/uploads\/2025\/03\/guile-goro-175x300.jpg 175w, https:\/\/acasaladillo.com.ar\/wp-content\/uploads\/2025\/03\/guile-goro-260x446.jpg 260w, https:\/\/acasaladillo.com.ar\/wp-content\/uploads\/2025\/03\/guile-goro-160x275.jpg 160w\" sizes=\"auto, (max-width: 373px) 100vw, 373px\" \/><\/figure>\n\n\n\n<hr class=\"wp-block-separator\"\/>\n\n\n\n<p>Guillermina<br>Pasaron varios d\u00edas de tu partida imprevista al cielo, lugar reservado exclusivamente para las<br>buenas personas, que nos llen\u00f3 de dolor y que a\u00fan nos tiene consternados y buscando una<br>explicaci\u00f3n a un estad\u00edo de la vida que nos resistimos para no aceptar.<br>Muchas personas e instituciones te despidieron con las mejores palabras que te defin\u00edan, con muy<br>altos valores morales, \u00e9ticos, solidarios, bondadosos y todos los adjetivos calificativos que, dejaron<br>en evidencia la extraordinaria persona que fuiste en la vida terrenal y que, sin dudas lo seguir\u00e1s<br>siendo en la vida celestial. Nos sumamos a todas esas despedidas, pero tambi\u00e9n queremos hacerlo<br>desde nuestro costado particular, para resaltar que supiste ganarte con creces y nos tranquiliza el<br>hecho de que nos dejaste, sabiendo que fuiste y ser\u00e1s integrante de nuestra familia Malvinense.<br>Nos acercamos a otro 2 de abril y no ser\u00e1 igual, porque tu voz y tu presencia, despu\u00e9s de d\u00e9cadas,<br>no estar\u00e1n f\u00edsicamente pero, si y para siempre en nuestros corazones. Te agradecemos<br>infinitamente por tu compa\u00f1\u00eda desinteresada cada vez que te lo pedimos. Te agradecemos<br>tambi\u00e9n, por tu inquebrantable respeto sincero, manifest\u00e1ndolo en forma privada o en cualquier<br>circunstancia que nos encontr\u00e1bamos. Finalmente, nuestro reconocimiento y gratitud por toda vez<br>que te desviaste del protocolo sin que nadie te lo ense\u00f1e, si no apelando a tu impronta y<br>sabidur\u00eda, para ponerle voz a lo que nosotros no pod\u00edamos.<br>Querida Guillermina, te vamos a extra\u00f1ar y recordar siempre. Pedimos una oraci\u00f3n por vos, por tu<br>descanso eterno y en Paz, y para tu amor incondicional, tu esposo Rub\u00e9n, tambi\u00e9n de nuestra<br>familia en particular, y en general para toda tu familia y seres queridos pedimos consuelo para que<br>Dios alivie el dolor en sus corazones.<br>Hasta siempre Guillermina.<br>Veteranos de guerra de Saladillo.<\/p>\n\n\n\n<figure class=\"wp-block-image size-full\"><img loading=\"lazy\" decoding=\"async\" width=\"360\" height=\"509\" src=\"https:\/\/acasaladillo.com.ar\/wp-content\/uploads\/2025\/03\/guille.jpg\" alt=\"\" class=\"wp-image-61420\" srcset=\"https:\/\/acasaladillo.com.ar\/wp-content\/uploads\/2025\/03\/guille.jpg 360w, https:\/\/acasaladillo.com.ar\/wp-content\/uploads\/2025\/03\/guille-212x300.jpg 212w, https:\/\/acasaladillo.com.ar\/wp-content\/uploads\/2025\/03\/guille-260x368.jpg 260w, https:\/\/acasaladillo.com.ar\/wp-content\/uploads\/2025\/03\/guille-160x226.jpg 160w\" sizes=\"auto, (max-width: 360px) 100vw, 360px\" \/><\/figure>\n\n\n\n<hr class=\"wp-block-separator\"\/>\n\n\n\n<p>GRACIAS NO ALCANZA<\/p>\n\n\n\n<p>Desde el gran equipo que hace al Gobierno de la Municipalidad de Saladillo, despedimos con un inmenso dolor a nuestra querida Guillermina.<br>Esta triste e inesperada noticia ha impactado muy fuerte en muchos de nosotros.<br>Sabemos de la dedicaci\u00f3n y participaci\u00f3n de Guillermina en diferentes espacios; a los que se involucraba con mucho entusiasmo.<br>Pero queremos destacar la dedicaci\u00f3n y profesionalismo que ha tenido al servicio de nuestro Municipio. Ha sido muy buena empleada y la locutora oficial durante muchos a\u00f1os. Su voz ha sido la cara audible de nuestro querido Saladillo, y siempre recordaremos su energ\u00eda y entusiasmo.<br>Guillermina ha sido una persona cuyo talento, capacidad y afecto la convirtieron en un ser excepcional que siempre valoraremos por su pasi\u00f3n y compromiso.<br>Acompa\u00f1amos a la familia y seres queridos en este dif\u00edcil momento.<br>Gracias no alcanza para representar todo lo que queremos expresar. Es mucho el dolor. Se la va a extra\u00f1ar.<\/p>\n\n\n\n<p><\/p>\n\n\n\n<hr class=\"wp-block-separator\"\/>\n\n\n\n<figure class=\"wp-block-image size-full\"><img loading=\"lazy\" decoding=\"async\" width=\"480\" height=\"640\" src=\"https:\/\/acasaladillo.com.ar\/wp-content\/uploads\/2025\/03\/guillermina-sagion.jpg\" alt=\"\" class=\"wp-image-61404\" srcset=\"https:\/\/acasaladillo.com.ar\/wp-content\/uploads\/2025\/03\/guillermina-sagion.jpg 480w, https:\/\/acasaladillo.com.ar\/wp-content\/uploads\/2025\/03\/guillermina-sagion-225x300.jpg 225w, https:\/\/acasaladillo.com.ar\/wp-content\/uploads\/2025\/03\/guillermina-sagion-260x347.jpg 260w, https:\/\/acasaladillo.com.ar\/wp-content\/uploads\/2025\/03\/guillermina-sagion-160x213.jpg 160w\" sizes=\"auto, (max-width: 480px) 100vw, 480px\" \/><\/figure>\n\n\n\n<p>Querida Guillermina, decidiste emprender tu partida en el silencio, al que nunca nos tuviste acostumbrados.<br>Tu voz, la de los grandes anuncios, la de los espect\u00e1culos, la de los reconocimientos y homenajes y la de muchas despedidas y partidas, quedar\u00e1 grabada para siempre en nuestros corazones.<br>Fuiste todo lo que te propusiste ser, locutora, periodista, actriz, bailarina, modelo, cantante y nunca dejaste de sorprendernos.<br>Esta vez, Saladillo te despide a vos, y es muy dif\u00edcil encontrar las palabras justas para hacerlo.<br>Cuesta mucho creer que nunca m\u00e1s vas a transitar a nuestro lado y eso duele y nos entristece profundamente, pero la vida siempre nos sorprende de la manera que menos lo deseamos.<br>Que la eternidad te reciba con esa sonrisa y ese profundo y cari\u00f1oso abrazo que nos regalabas en cada oportunidad del encuentro.<br>Hasta siempre y hasta cada momento que nuestras mentes puedan recordar el brillo de tu luz.<br>Que tu alma descanse en Paz.<br>Guillermina, Saladillo te dice GRACIAS!!<\/p>\n\n\n\n<p><strong>Intendente Municipal  Jose Luis Salomon<\/strong><\/p>\n","protected":false},"excerpt":{"rendered":"<p>Se te va a extra\u00f1ar.<\/p>\n<p class=\"more-link-p\"><a class=\"more-link\" href=\"https:\/\/acasaladillo.com.ar\/?p=61402\">Read more &rarr;<\/a><\/p>\n","protected":false},"author":3,"featured_media":61404,"comment_status":"closed","ping_status":"closed","sticky":false,"template":"","format":"standard","meta":{"_monsterinsights_skip_tracking":false,"footnotes":""},"categories":[1],"tags":[3324],"class_list":["post-61402","post","type-post","status-publish","format-standard","has-post-thumbnail","hentry","category-noticias","tag-fallecio-guillermina-sagion"],"aioseo_notices":[],"_links":{"self":[{"href":"https:\/\/acasaladillo.com.ar\/index.php?rest_route=\/wp\/v2\/posts\/61402","targetHints":{"allow":["GET"]}}],"collection":[{"href":"https:\/\/acasaladillo.com.ar\/index.php?rest_route=\/wp\/v2\/posts"}],"about":[{"href":"https:\/\/acasaladillo.com.ar\/index.php?rest_route=\/wp\/v2\/types\/post"}],"author":[{"embeddable":true,"href":"https:\/\/acasaladillo.com.ar\/index.php?rest_route=\/wp\/v2\/users\/3"}],"replies":[{"embeddable":true,"href":"https:\/\/acasaladillo.com.ar\/index.php?rest_route=%2Fwp%2Fv2%2Fcomments&post=61402"}],"version-history":[{"count":2,"href":"https:\/\/acasaladillo.com.ar\/index.php?rest_route=\/wp\/v2\/posts\/61402\/revisions"}],"predecessor-version":[{"id":61422,"href":"https:\/\/acasaladillo.com.ar\/index.php?rest_route=\/wp\/v2\/posts\/61402\/revisions\/61422"}],"wp:featuredmedia":[{"embeddable":true,"href":"https:\/\/acasaladillo.com.ar\/index.php?rest_route=\/wp\/v2\/media\/61404"}],"wp:attachment":[{"href":"https:\/\/acasaladillo.com.ar\/index.php?rest_route=%2Fwp%2Fv2%2Fmedia&parent=61402"}],"wp:term":[{"taxonomy":"category","embeddable":true,"href":"https:\/\/acasaladillo.com.ar\/index.php?rest_route=%2Fwp%2Fv2%2Fcategories&post=61402"},{"taxonomy":"post_tag","embeddable":true,"href":"https:\/\/acasaladillo.com.ar\/index.php?rest_route=%2Fwp%2Fv2%2Ftags&post=61402"}],"curies":[{"name":"wp","href":"https:\/\/api.w.org\/{rel}","templated":true}]}}