{"id":61359,"date":"2025-02-23T13:26:39","date_gmt":"2025-02-23T16:26:39","guid":{"rendered":"https:\/\/acasaladillo.com.ar\/?p=61359"},"modified":"2025-02-23T13:32:39","modified_gmt":"2025-02-23T16:32:39","slug":"la-rebelde","status":"publish","type":"post","link":"https:\/\/acasaladillo.com.ar\/?p=61359","title":{"rendered":"\u00abLa Rebelde\u00bb"},"content":{"rendered":"\n<figure class=\"wp-block-gallery columns-1 is-cropped wp-block-gallery-1 is-layout-flex wp-block-gallery-is-layout-flex\"><ul class=\"blocks-gallery-grid\"><li class=\"blocks-gallery-item\"><figure><img loading=\"lazy\" decoding=\"async\" width=\"700\" height=\"507\" src=\"https:\/\/acasaladillo.com.ar\/wp-content\/uploads\/2025\/02\/TAMARA-PERDIO-TITULO-EEUU.jpg\" alt=\"\" data-id=\"61360\" data-full-url=\"https:\/\/acasaladillo.com.ar\/wp-content\/uploads\/2025\/02\/TAMARA-PERDIO-TITULO-EEUU.jpg\" data-link=\"https:\/\/acasaladillo.com.ar\/?attachment_id=61360\" class=\"wp-image-61360\" srcset=\"https:\/\/acasaladillo.com.ar\/wp-content\/uploads\/2025\/02\/TAMARA-PERDIO-TITULO-EEUU.jpg 700w, https:\/\/acasaladillo.com.ar\/wp-content\/uploads\/2025\/02\/TAMARA-PERDIO-TITULO-EEUU-300x217.jpg 300w, https:\/\/acasaladillo.com.ar\/wp-content\/uploads\/2025\/02\/TAMARA-PERDIO-TITULO-EEUU-560x406.jpg 560w, https:\/\/acasaladillo.com.ar\/wp-content\/uploads\/2025\/02\/TAMARA-PERDIO-TITULO-EEUU-260x188.jpg 260w, https:\/\/acasaladillo.com.ar\/wp-content\/uploads\/2025\/02\/TAMARA-PERDIO-TITULO-EEUU-160x116.jpg 160w\" sizes=\"auto, (max-width: 700px) 100vw, 700px\" \/><\/figure><\/li><\/ul><\/figure>\n\n\n\n<p>No pudo repetir la haza\u00f1a <\/p>\n\n\n\n<hr class=\"wp-block-separator\"\/>\n\n\n\n<!--more-->\n\n\n\n<p>||| FINAL T\u00c9CNICO || El t\u00edtulo de categor\u00eda m\u00ednima fue para la estadounidense.<\/p>\n\n\n\n<p>Durante seis vueltas la Saladillense Tamara Demarco dio batalla a la estadounidense Bustillo quien, aprovechando su condici\u00f3n de local y diferencia de estatura y peso, mostr\u00f3 un boxeo eficiente a la distancia.<\/p>\n\n\n\n<p>Fue a mitad del s\u00e9ptimo asalto cuando el \u00e1rbitro detuvo la pelea por un sangrado producto de un cabezazo que da\u00f1\u00f3 a la argentina en la frente, durante la cuarta vuelta y, a pesar del pedido del rinc\u00f3n de continuar, se otorg\u00f3 la victoria a la boxeadora de Las Vegas por su desempe\u00f1o hasta el momento.<\/p>\n\n\n\n<p>Esa vez \u00abLa Rebelde\u00bb Demarco no pudo repetir la haza\u00f1a de quedarse con un t\u00edtulo mundial, como cuando en el 2022 se consagrara Campeona Mundial Mosca de la OMB.<\/p>\n\n\n\n<figure class=\"wp-block-image size-full\"><img loading=\"lazy\" decoding=\"async\" width=\"700\" height=\"507\" src=\"https:\/\/acasaladillo.com.ar\/wp-content\/uploads\/2025\/02\/TAMARA-PERDIO-TITULO-EEUU.jpg\" alt=\"\" class=\"wp-image-61360\" srcset=\"https:\/\/acasaladillo.com.ar\/wp-content\/uploads\/2025\/02\/TAMARA-PERDIO-TITULO-EEUU.jpg 700w, https:\/\/acasaladillo.com.ar\/wp-content\/uploads\/2025\/02\/TAMARA-PERDIO-TITULO-EEUU-300x217.jpg 300w, https:\/\/acasaladillo.com.ar\/wp-content\/uploads\/2025\/02\/TAMARA-PERDIO-TITULO-EEUU-560x406.jpg 560w, https:\/\/acasaladillo.com.ar\/wp-content\/uploads\/2025\/02\/TAMARA-PERDIO-TITULO-EEUU-260x188.jpg 260w, https:\/\/acasaladillo.com.ar\/wp-content\/uploads\/2025\/02\/TAMARA-PERDIO-TITULO-EEUU-160x116.jpg 160w\" sizes=\"auto, (max-width: 700px) 100vw, 700px\" \/><\/figure>\n\n\n\n<hr class=\"wp-block-separator\"\/>\n\n\n\n<p>Tamara Demarco super\u00f3 el pesaje para este s\u00e1bado en EE. UU.<br>La Saladillense Tamara Demarco acus\u00f3 105 libras en la balanza, dando una ventaja de 650 gramos a la contrincante local Yadira Bustillos, para la pelea por el t\u00edtulo internacional M\u00ednimo en Las Vegas.<br>De esta manera el Team Battista, de la mano de Tamara Demarco, quien en el 2022 se consagr\u00f3 Campeona Mundial Mosca de la OMB, estar\u00e1 llevando una vez m\u00e1s al box de Saladillo a lo m\u00e1s alto de la disciplina, con otra participaci\u00f3n en el extranjero.<\/p>\n\n\n\n<figure class=\"wp-block-image size-full\"><img loading=\"lazy\" decoding=\"async\" width=\"600\" height=\"338\" src=\"https:\/\/acasaladillo.com.ar\/wp-content\/uploads\/2025\/02\/TAMARA1.jpg\" alt=\"\" class=\"wp-image-61361\" srcset=\"https:\/\/acasaladillo.com.ar\/wp-content\/uploads\/2025\/02\/TAMARA1.jpg 600w, https:\/\/acasaladillo.com.ar\/wp-content\/uploads\/2025\/02\/TAMARA1-300x169.jpg 300w, https:\/\/acasaladillo.com.ar\/wp-content\/uploads\/2025\/02\/TAMARA1-560x315.jpg 560w, https:\/\/acasaladillo.com.ar\/wp-content\/uploads\/2025\/02\/TAMARA1-260x146.jpg 260w, https:\/\/acasaladillo.com.ar\/wp-content\/uploads\/2025\/02\/TAMARA1-160x90.jpg 160w\" sizes=\"auto, (max-width: 600px) 100vw, 600px\" \/><\/figure>\n\n\n\n<p>La cartelera de la Federaci\u00f3n Mundial de Boxeo anuncia para este s\u00e1bado 22 a las 23:00, hora de Argentina, el combate por la corona internacional de la categor\u00eda.<br>Tamara est\u00e1 acompa\u00f1ada por su entrenador Pablo Battista, Carlos Casta\u00f1o, Angel \u00abCata\u00bb Inunday promovi\u00e9ndola para llegar a este combate, como tambi\u00e9n la tarea del nutricionista Nico Diaz y de Germ\u00e1n Blanco en la preparaci\u00f3n f\u00edsica<\/p>\n\n\n\n<figure class=\"wp-block-gallery columns-2 is-cropped wp-block-gallery-2 is-layout-flex wp-block-gallery-is-layout-flex\"><ul class=\"blocks-gallery-grid\"><li class=\"blocks-gallery-item\"><figure><img loading=\"lazy\" decoding=\"async\" width=\"1200\" height=\"1600\" src=\"https:\/\/acasaladillo.com.ar\/wp-content\/uploads\/2025\/02\/TAMARA2.jpg\" alt=\"\" data-id=\"61362\" data-full-url=\"https:\/\/acasaladillo.com.ar\/wp-content\/uploads\/2025\/02\/TAMARA2.jpg\" data-link=\"https:\/\/acasaladillo.com.ar\/?attachment_id=61362\" class=\"wp-image-61362\" srcset=\"https:\/\/acasaladillo.com.ar\/wp-content\/uploads\/2025\/02\/TAMARA2.jpg 1200w, https:\/\/acasaladillo.com.ar\/wp-content\/uploads\/2025\/02\/TAMARA2-225x300.jpg 225w, https:\/\/acasaladillo.com.ar\/wp-content\/uploads\/2025\/02\/TAMARA2-768x1024.jpg 768w, https:\/\/acasaladillo.com.ar\/wp-content\/uploads\/2025\/02\/TAMARA2-1152x1536.jpg 1152w, https:\/\/acasaladillo.com.ar\/wp-content\/uploads\/2025\/02\/TAMARA2-560x747.jpg 560w, https:\/\/acasaladillo.com.ar\/wp-content\/uploads\/2025\/02\/TAMARA2-260x347.jpg 260w, https:\/\/acasaladillo.com.ar\/wp-content\/uploads\/2025\/02\/TAMARA2-160x213.jpg 160w\" sizes=\"auto, (max-width: 1200px) 100vw, 1200px\" \/><\/figure><\/li><li class=\"blocks-gallery-item\"><figure><img loading=\"lazy\" decoding=\"async\" width=\"1200\" height=\"1600\" src=\"https:\/\/acasaladillo.com.ar\/wp-content\/uploads\/2025\/02\/TAMARA3.jpg\" alt=\"\" data-id=\"61363\" data-full-url=\"https:\/\/acasaladillo.com.ar\/wp-content\/uploads\/2025\/02\/TAMARA3.jpg\" data-link=\"https:\/\/acasaladillo.com.ar\/?attachment_id=61363\" class=\"wp-image-61363\" srcset=\"https:\/\/acasaladillo.com.ar\/wp-content\/uploads\/2025\/02\/TAMARA3.jpg 1200w, https:\/\/acasaladillo.com.ar\/wp-content\/uploads\/2025\/02\/TAMARA3-225x300.jpg 225w, https:\/\/acasaladillo.com.ar\/wp-content\/uploads\/2025\/02\/TAMARA3-768x1024.jpg 768w, https:\/\/acasaladillo.com.ar\/wp-content\/uploads\/2025\/02\/TAMARA3-1152x1536.jpg 1152w, https:\/\/acasaladillo.com.ar\/wp-content\/uploads\/2025\/02\/TAMARA3-560x747.jpg 560w, https:\/\/acasaladillo.com.ar\/wp-content\/uploads\/2025\/02\/TAMARA3-260x347.jpg 260w, https:\/\/acasaladillo.com.ar\/wp-content\/uploads\/2025\/02\/TAMARA3-160x213.jpg 160w\" sizes=\"auto, (max-width: 1200px) 100vw, 1200px\" \/><\/figure><\/li><\/ul><\/figure>\n\n\n\n<hr class=\"wp-block-separator\"\/>\n\n\n\n<p>La p\u00fagil saladillense Tamara Demarco va por el t\u00edtulo mundial este s\u00e1bado en EE. UU.La Saladillense Tamara Demarco del Team Battista ha viajado a Las Vegas para enfrentar por t\u00edtulo internacional Minimosca a Yadira Bustillos, pugilista estadounidense de Nevada, con ra\u00edces mexicanas.De esta manera el Team Battista, de la mano de Tamara Demarco, quien en el 2022 se consagr\u00f3 Campeona Mundial Mosca de la OMB, estar\u00e1 llevando una vez m\u00e1s al box de Saladillo a lo m\u00e1s alto de la disciplina, con otra participaci\u00f3n en el extranjero.La cartelera de la Federaci\u00f3n Mundial de Boxeo anunci\u00f3 para este s\u00e1bado 22 de febrero el combate por la corona internacional de la categor\u00eda.Pablo Battista, quien junto al entrenador Carlos Casta\u00f1o prepara a Tamara, reconoci\u00f3 el trabajo de Angel \u00abCata\u00bb Inunday promovi\u00e9ndola para llegar a este combate, como tambi\u00e9n la tarea del nutricionista Nico Diaz y de Germ\u00e1n Blanco en la preparaci\u00f3n f\u00edsica.El jefe de Reid Promotions, Stephen Reid, ha confirmado la adici\u00f3n para la velada del s\u00e1bado de una tercera pelea por el t\u00edtulo de la WBF anunciando en la cartelera el combate entre la estadounidense Bustillos y Tamara Elisabet Demarco. La WBF es la organizaci\u00f3n que sanciona los combates de boxeo profesional de Boxeo en todo el Mundo desde 1988.<\/p>\n\n\n\n<figure class=\"wp-block-image size-full\"><img loading=\"lazy\" decoding=\"async\" width=\"640\" height=\"360\" src=\"https:\/\/acasaladillo.com.ar\/wp-content\/uploads\/2025\/02\/TAMATA-RUMBO-A-LA-VEGAS-1.jpg\" alt=\"\" class=\"wp-image-61365\" srcset=\"https:\/\/acasaladillo.com.ar\/wp-content\/uploads\/2025\/02\/TAMATA-RUMBO-A-LA-VEGAS-1.jpg 640w, https:\/\/acasaladillo.com.ar\/wp-content\/uploads\/2025\/02\/TAMATA-RUMBO-A-LA-VEGAS-1-300x169.jpg 300w, https:\/\/acasaladillo.com.ar\/wp-content\/uploads\/2025\/02\/TAMATA-RUMBO-A-LA-VEGAS-1-560x315.jpg 560w, https:\/\/acasaladillo.com.ar\/wp-content\/uploads\/2025\/02\/TAMATA-RUMBO-A-LA-VEGAS-1-260x146.jpg 260w, https:\/\/acasaladillo.com.ar\/wp-content\/uploads\/2025\/02\/TAMATA-RUMBO-A-LA-VEGAS-1-160x90.jpg 160w\" sizes=\"auto, (max-width: 640px) 100vw, 640px\" \/><\/figure>\n","protected":false},"excerpt":{"rendered":"<p>No pudo repetir la haza\u00f1a<\/p>\n<p class=\"more-link-p\"><a class=\"more-link\" href=\"https:\/\/acasaladillo.com.ar\/?p=61359\">Read more &rarr;<\/a><\/p>\n","protected":false},"author":3,"featured_media":61365,"comment_status":"closed","ping_status":"closed","sticky":false,"template":"","format":"standard","meta":{"_monsterinsights_skip_tracking":false,"footnotes":""},"categories":[1],"tags":[3319,3322,3321,3320],"class_list":["post-61359","post","type-post","status-publish","format-standard","has-post-thumbnail","hentry","category-noticias","tag-la-rebelde-demarco","tag-final-tecnico-para-tamara","tag-mundial-mosca-de-la-omb","tag-team-battista"],"aioseo_notices":[],"_links":{"self":[{"href":"https:\/\/acasaladillo.com.ar\/index.php?rest_route=\/wp\/v2\/posts\/61359","targetHints":{"allow":["GET"]}}],"collection":[{"href":"https:\/\/acasaladillo.com.ar\/index.php?rest_route=\/wp\/v2\/posts"}],"about":[{"href":"https:\/\/acasaladillo.com.ar\/index.php?rest_route=\/wp\/v2\/types\/post"}],"author":[{"embeddable":true,"href":"https:\/\/acasaladillo.com.ar\/index.php?rest_route=\/wp\/v2\/users\/3"}],"replies":[{"embeddable":true,"href":"https:\/\/acasaladillo.com.ar\/index.php?rest_route=%2Fwp%2Fv2%2Fcomments&post=61359"}],"version-history":[{"count":1,"href":"https:\/\/acasaladillo.com.ar\/index.php?rest_route=\/wp\/v2\/posts\/61359\/revisions"}],"predecessor-version":[{"id":61366,"href":"https:\/\/acasaladillo.com.ar\/index.php?rest_route=\/wp\/v2\/posts\/61359\/revisions\/61366"}],"wp:featuredmedia":[{"embeddable":true,"href":"https:\/\/acasaladillo.com.ar\/index.php?rest_route=\/wp\/v2\/media\/61365"}],"wp:attachment":[{"href":"https:\/\/acasaladillo.com.ar\/index.php?rest_route=%2Fwp%2Fv2%2Fmedia&parent=61359"}],"wp:term":[{"taxonomy":"category","embeddable":true,"href":"https:\/\/acasaladillo.com.ar\/index.php?rest_route=%2Fwp%2Fv2%2Fcategories&post=61359"},{"taxonomy":"post_tag","embeddable":true,"href":"https:\/\/acasaladillo.com.ar\/index.php?rest_route=%2Fwp%2Fv2%2Ftags&post=61359"}],"curies":[{"name":"wp","href":"https:\/\/api.w.org\/{rel}","templated":true}]}}