{"id":61215,"date":"2025-01-26T12:24:35","date_gmt":"2025-01-26T15:24:35","guid":{"rendered":"https:\/\/acasaladillo.com.ar\/?p=61215"},"modified":"2025-01-26T12:49:45","modified_gmt":"2025-01-26T15:49:45","slug":"mama-a-los-13","status":"publish","type":"post","link":"https:\/\/acasaladillo.com.ar\/?p=61215","title":{"rendered":"Mam\u00e1 a los 13"},"content":{"rendered":"\n<figure class=\"wp-block-image size-full\"><img loading=\"lazy\" decoding=\"async\" width=\"300\" height=\"168\" src=\"https:\/\/acasaladillo.com.ar\/wp-content\/uploads\/2025\/01\/images-1.jpg\" alt=\"\" class=\"wp-image-61223\" srcset=\"https:\/\/acasaladillo.com.ar\/wp-content\/uploads\/2025\/01\/images-1.jpg 300w, https:\/\/acasaladillo.com.ar\/wp-content\/uploads\/2025\/01\/images-1-260x146.jpg 260w, https:\/\/acasaladillo.com.ar\/wp-content\/uploads\/2025\/01\/images-1-160x90.jpg 160w\" sizes=\"auto, (max-width: 300px) 100vw, 300px\" \/><\/figure>\n\n\n\n<p>Por violaci\u00f3n<\/p>\n\n\n\n<hr class=\"wp-block-separator\"\/>\n\n\n\n<!--more-->\n\n\n\n<p>Pedido formal de renuncia del Secretario de Desarrollo Humano y Salud de Saladillo.<br>.<br>Desde el Bloque de Concejales y Concejalas de Uni\u00f3n por la Patria solicitamos formalmente la renuncia del Secretario de Desarrollo Humano y Salud de la Municipalidad de Saladillo, Juan Ignacio L\u00f3pez Dom\u00ednguez.<br>La reciente denuncia de vulneraci\u00f3n a los derechos de una menor, ante la cual el funcionario y su equipo no han actuado con la capacidad de prevenci\u00f3n e intervenci\u00f3n necesarios, constituye una grave omisi\u00f3n que pone en entredicho la capacidad de la Secretar\u00eda para cumplir con su funci\u00f3n esencial de proteger los derechos de todos los ciudadanos, especialmente de los m\u00e1s vulnerables.<br>Por eso, exigimos al Ejecutivo Municipal la designaci\u00f3n de personal id\u00f3neo para proteger los derechos humanos y el bienestar de todos los ni\u00f1os, ni\u00f1as y adolescentes de nuestra comunidad.<br>Bloque de Concejales y Concejalas de Uni\u00f3n por la Patria \u2013 Saladillo<\/p>\n\n\n\n<figure class=\"wp-block-image size-full\"><img loading=\"lazy\" decoding=\"async\" width=\"287\" height=\"176\" src=\"https:\/\/acasaladillo.com.ar\/wp-content\/uploads\/2025\/01\/descarga.jpg\" alt=\"\" class=\"wp-image-61225\" srcset=\"https:\/\/acasaladillo.com.ar\/wp-content\/uploads\/2025\/01\/descarga.jpg 287w, https:\/\/acasaladillo.com.ar\/wp-content\/uploads\/2025\/01\/descarga-260x159.jpg 260w, https:\/\/acasaladillo.com.ar\/wp-content\/uploads\/2025\/01\/descarga-160x98.jpg 160w\" sizes=\"auto, (max-width: 287px) 100vw, 287px\" \/><\/figure>\n\n\n\n<p>La Fiscal\u00eda 2, a cargo del fiscal Roberto Javier Berlingeri, \u00e9l es el que toma las decisiones de detener al padrastro, sindicado como el violador, y la mam\u00e1 de la ni\u00f1a, que supuestamente la detiene por c\u00f3mplice, falso testimonio y encubrimiento\u201d<\/p>\n\n\n\n<figure class=\"wp-block-gallery columns-2 is-cropped wp-block-gallery-1 is-layout-flex wp-block-gallery-is-layout-flex\"><ul class=\"blocks-gallery-grid\"><li class=\"blocks-gallery-item\"><figure><img loading=\"lazy\" decoding=\"async\" width=\"299\" height=\"168\" src=\"https:\/\/acasaladillo.com.ar\/wp-content\/uploads\/2025\/01\/descarga-1.jpg\" alt=\"\" data-id=\"61220\" data-full-url=\"https:\/\/acasaladillo.com.ar\/wp-content\/uploads\/2025\/01\/descarga-1.jpg\" data-link=\"https:\/\/acasaladillo.com.ar\/?attachment_id=61220\" class=\"wp-image-61220\" srcset=\"https:\/\/acasaladillo.com.ar\/wp-content\/uploads\/2025\/01\/descarga-1.jpg 299w, https:\/\/acasaladillo.com.ar\/wp-content\/uploads\/2025\/01\/descarga-1-260x146.jpg 260w, https:\/\/acasaladillo.com.ar\/wp-content\/uploads\/2025\/01\/descarga-1-160x90.jpg 160w\" sizes=\"auto, (max-width: 299px) 100vw, 299px\" \/><\/figure><\/li><li class=\"blocks-gallery-item\"><figure><img loading=\"lazy\" decoding=\"async\" width=\"300\" height=\"168\" src=\"https:\/\/acasaladillo.com.ar\/wp-content\/uploads\/2025\/01\/descarga-2.jpg\" alt=\"\" data-id=\"61221\" data-full-url=\"https:\/\/acasaladillo.com.ar\/wp-content\/uploads\/2025\/01\/descarga-2.jpg\" data-link=\"https:\/\/acasaladillo.com.ar\/?attachment_id=61221\" class=\"wp-image-61221\" srcset=\"https:\/\/acasaladillo.com.ar\/wp-content\/uploads\/2025\/01\/descarga-2.jpg 300w, https:\/\/acasaladillo.com.ar\/wp-content\/uploads\/2025\/01\/descarga-2-260x146.jpg 260w, https:\/\/acasaladillo.com.ar\/wp-content\/uploads\/2025\/01\/descarga-2-160x90.jpg 160w\" sizes=\"auto, (max-width: 300px) 100vw, 300px\" \/><\/figure><\/li><\/ul><\/figure>\n\n\n\n<p>El intendente de Saladillo habl\u00f3 sobre el caso de la nena de 13 a\u00f1os que fue violada, dio a luz y desat\u00f3 una pueblada<br>Jos\u00e9 Luis Salom\u00f3n revel\u00f3 que hubo 35 intervenciones previas del servicio social y que \u201cno se detect\u00f3 ning\u00fan indicio de que hab\u00eda una ni\u00f1a embarazada\u201d. En cuanto a los incidentes, se\u00f1al\u00f3 que \u201cnadie tiene derecho a prender fuego ninguna casa\u201d <\/p>\n\n\n\n<p>\u201c<strong>No hubo denuncia de abuso<\/strong>, se le quit\u00f3 la tenencia a la madre por una situaci\u00f3n de convivencia y mala relaci\u00f3n que ten\u00edan en ese momento. Ante esa situaci\u00f3n, se deriv\u00f3 al Servicio Local (de Promoci\u00f3n y Protecci\u00f3n de Ni\u00f1os, Ni\u00f1as y Adolescentes) que hizo la intervenci\u00f3n y apareci\u00f3&nbsp;<strong>una t\u00eda que acept\u00f3 la medida de abrigo<\/strong>\u201d,<\/p>\n\n\n\n<figure class=\"wp-block-image size-full\"><img loading=\"lazy\" decoding=\"async\" width=\"299\" height=\"168\" src=\"https:\/\/acasaladillo.com.ar\/wp-content\/uploads\/2025\/01\/images-3.jpg\" alt=\"\" class=\"wp-image-61229\" srcset=\"https:\/\/acasaladillo.com.ar\/wp-content\/uploads\/2025\/01\/images-3.jpg 299w, https:\/\/acasaladillo.com.ar\/wp-content\/uploads\/2025\/01\/images-3-260x146.jpg 260w, https:\/\/acasaladillo.com.ar\/wp-content\/uploads\/2025\/01\/images-3-160x90.jpg 160w\" sizes=\"auto, (max-width: 299px) 100vw, 299px\" \/><\/figure>\n\n\n\n<p>En cuanto a la situaci\u00f3n de la menor, Salom\u00f3n indic\u00f3 que ella \u201cest\u00e1 en el hospital provincial, bajo una supervisi\u00f3n durante 24 horas, con una guardia de servicio interdisciplinario. Y que, a partir de hoy o ma\u00f1ana, va a ser derivada a un hogar de ni\u00f1os de una ONG de Saladillo, ya que el municipio realiz\u00f3 un convenio con ellos para brindarle contenci\u00f3n ante la imposibilidad familiar de continuar en esa relaci\u00f3n t\u00f3xica\u00bb. expres\u00f3 Jos\u00e9 Luis Salom\u00f3<\/p>\n\n\n\n<p><strong>La pueblada<\/strong><br>La revelaci\u00f3n de este caso llev\u00f3 a que varios vecinos tomasen cartas en el asunto y, durante el s\u00e1bado por la ma\u00f1ana, buscaron hacer justicia por mano propia en la casa familiar de la nena. <\/p>\n\n\n\n<p>\u201cFue todo muy traum\u00e1tico, hubo destrozos con la gente adentro, gente que hab\u00eda que evacuar, hab\u00eda una nena de 1 a\u00f1o\u201c, <\/p>\n\n\n\n<figure class=\"wp-block-gallery columns-2 is-cropped wp-block-gallery-2 is-layout-flex wp-block-gallery-is-layout-flex\"><ul class=\"blocks-gallery-grid\"><li class=\"blocks-gallery-item\"><figure><img loading=\"lazy\" decoding=\"async\" width=\"293\" height=\"172\" src=\"https:\/\/acasaladillo.com.ar\/wp-content\/uploads\/2025\/01\/descarga-4-1.jpg\" alt=\"\" data-id=\"61227\" data-full-url=\"https:\/\/acasaladillo.com.ar\/wp-content\/uploads\/2025\/01\/descarga-4-1.jpg\" data-link=\"https:\/\/acasaladillo.com.ar\/?attachment_id=61227\" class=\"wp-image-61227\" srcset=\"https:\/\/acasaladillo.com.ar\/wp-content\/uploads\/2025\/01\/descarga-4-1.jpg 293w, https:\/\/acasaladillo.com.ar\/wp-content\/uploads\/2025\/01\/descarga-4-1-260x153.jpg 260w, https:\/\/acasaladillo.com.ar\/wp-content\/uploads\/2025\/01\/descarga-4-1-160x94.jpg 160w\" sizes=\"auto, (max-width: 293px) 100vw, 293px\" \/><\/figure><\/li><li class=\"blocks-gallery-item\"><figure><img loading=\"lazy\" decoding=\"async\" width=\"300\" height=\"168\" src=\"https:\/\/acasaladillo.com.ar\/wp-content\/uploads\/2025\/01\/images-4.jpg\" alt=\"\" data-id=\"61228\" data-full-url=\"https:\/\/acasaladillo.com.ar\/wp-content\/uploads\/2025\/01\/images-4.jpg\" data-link=\"https:\/\/acasaladillo.com.ar\/?attachment_id=61228\" class=\"wp-image-61228\" srcset=\"https:\/\/acasaladillo.com.ar\/wp-content\/uploads\/2025\/01\/images-4.jpg 300w, https:\/\/acasaladillo.com.ar\/wp-content\/uploads\/2025\/01\/images-4-260x146.jpg 260w, https:\/\/acasaladillo.com.ar\/wp-content\/uploads\/2025\/01\/images-4-160x90.jpg 160w\" sizes=\"auto, (max-width: 300px) 100vw, 300px\" \/><\/figure><\/li><\/ul><\/figure>\n\n\n\n<p>Adem\u00e1s, con respecto a los ataques ocurridos durante el d\u00eda domingo hacia la vivienda de la fiscal Patricia Hortel, titular de la UFI N\u00b01 local , hay un detenido.<\/p>\n\n\n\n<figure class=\"wp-block-image size-full\"><img loading=\"lazy\" decoding=\"async\" width=\"240\" height=\"210\" src=\"https:\/\/acasaladillo.com.ar\/wp-content\/uploads\/2025\/01\/descarga-6.jpg\" alt=\"\" class=\"wp-image-61224\" srcset=\"https:\/\/acasaladillo.com.ar\/wp-content\/uploads\/2025\/01\/descarga-6.jpg 240w, https:\/\/acasaladillo.com.ar\/wp-content\/uploads\/2025\/01\/descarga-6-160x140.jpg 160w\" sizes=\"auto, (max-width: 240px) 100vw, 240px\" \/><\/figure>\n\n\n\n<p>Audio revelador de la madre de la nena de 13 a\u00f1os, que fue mam\u00e1<\/p>\n\n\n\n<figure class=\"wp-block-image size-full\"><img loading=\"lazy\" decoding=\"async\" width=\"299\" height=\"168\" src=\"https:\/\/acasaladillo.com.ar\/wp-content\/uploads\/2025\/01\/images-2.jpg\" alt=\"\" class=\"wp-image-61230\" srcset=\"https:\/\/acasaladillo.com.ar\/wp-content\/uploads\/2025\/01\/images-2.jpg 299w, https:\/\/acasaladillo.com.ar\/wp-content\/uploads\/2025\/01\/images-2-260x146.jpg 260w, https:\/\/acasaladillo.com.ar\/wp-content\/uploads\/2025\/01\/images-2-160x90.jpg 160w\" sizes=\"auto, (max-width: 299px) 100vw, 299px\" \/><\/figure>\n\n\n\n<p>La t\u00eda de la nena abusada  cont\u00f3 que la menor le confes\u00f3 que \u201csu padrastro hab\u00eda abusado de ella\u201d<br>La familiar de la menor de edad asegur\u00f3 que hab\u00eda tenido cambios f\u00edsicos que no eran normales para su edad. \u201cDec\u00eda que estaba rellenita por comer mucha harina\u201d, record\u00f3<\/p>\n\n\n\n<p>En medio de la conmoci\u00f3n que gener\u00f3 el caso de la nena de 13 a\u00f1os que dio a luz a un beb\u00e9 producto de una violaci\u00f3n en Saladillo, la t\u00eda de la v\u00edctima revel\u00f3 que la menor de edad le confes\u00f3 que su padrastro hab\u00eda sido la persona que la habr\u00eda atacado sexualmente. \u201cPas\u00f3 en reiteradas veces, no solo una vez\u201d, denunci\u00f3.<\/p>\n\n\n\n<figure class=\"wp-block-image size-full\"><img loading=\"lazy\" decoding=\"async\" width=\"300\" height=\"168\" src=\"https:\/\/acasaladillo.com.ar\/wp-content\/uploads\/2025\/01\/images.jpg\" alt=\"\" class=\"wp-image-61226\" srcset=\"https:\/\/acasaladillo.com.ar\/wp-content\/uploads\/2025\/01\/images.jpg 300w, https:\/\/acasaladillo.com.ar\/wp-content\/uploads\/2025\/01\/images-260x146.jpg 260w, https:\/\/acasaladillo.com.ar\/wp-content\/uploads\/2025\/01\/images-160x90.jpg 160w\" sizes=\"auto, (max-width: 300px) 100vw, 300px\" \/><\/figure>\n\n\n\n<p>A una semana de que la adolescente fuera ingresada al Hospital zonal Alejandro Posadas por un fuerte dolor abdominal que result\u00f3 en un embarazo de 35 semanas, la familiar de la v\u00edctima cont\u00f3 los detalles de la conversaci\u00f3n que tuvo con ella, cuando fue a visitarla al centro m\u00e9dico.<\/p>\n\n\n\n<figure class=\"wp-block-image size-full\"><img loading=\"lazy\" decoding=\"async\" width=\"300\" height=\"168\" src=\"https:\/\/acasaladillo.com.ar\/wp-content\/uploads\/2025\/01\/hospital.jpg\" alt=\"\" class=\"wp-image-61218\" srcset=\"https:\/\/acasaladillo.com.ar\/wp-content\/uploads\/2025\/01\/hospital.jpg 300w, https:\/\/acasaladillo.com.ar\/wp-content\/uploads\/2025\/01\/hospital-260x146.jpg 260w, https:\/\/acasaladillo.com.ar\/wp-content\/uploads\/2025\/01\/hospital-160x90.jpg 160w\" sizes=\"auto, (max-width: 300px) 100vw, 300px\" \/><\/figure>\n\n\n\n<p>\u201cEzequiel, su padrastro, hab\u00eda abusado de ella. Me dijo que pas\u00f3 en reiteradas veces, no solo una vez\u201d, reprodujo la mujer, sin dar especificaciones respecto de cu\u00e1ndo habr\u00edan comenzado los ataques sexuales en contra de su sobrina. A pesar de que asegur\u00f3 que la menor se encontraba \u201ctranquila\u201d, consider\u00f3 que debi\u00f3 haberlo pasado \u201cmal\u201d porque \u201cno es normal para una criatura de 13 a\u00f1os\u201d. <\/p>\n\n\n\n<p>\u201cElla dec\u00eda que estaba rellenita por comer mucha harina\u201d, rememor\u00f3 la mujer, para luego detallar que \u201cese d\u00eda estaba molesta, iba al ba\u00f1o, volv\u00eda, caminaba\u201d. Asimismo, confes\u00f3 que fue una sorpresa para ella, cuando la madre de la menor la llam\u00f3 para decirle que hab\u00eda sido madre<\/p>\n","protected":false},"excerpt":{"rendered":"<p>Por violaci\u00f3n<\/p>\n<p class=\"more-link-p\"><a class=\"more-link\" href=\"https:\/\/acasaladillo.com.ar\/?p=61215\">Read more &rarr;<\/a><\/p>\n","protected":false},"author":3,"featured_media":61230,"comment_status":"closed","ping_status":"closed","sticky":false,"template":"","format":"standard","meta":{"_monsterinsights_skip_tracking":false,"footnotes":""},"categories":[1],"tags":[3317,3318],"class_list":["post-61215","post","type-post","status-publish","format-standard","has-post-thumbnail","hentry","category-noticias","tag-mama-a-los-13","tag-violacion-a-nina-de-13-anos"],"aioseo_notices":[],"_links":{"self":[{"href":"https:\/\/acasaladillo.com.ar\/index.php?rest_route=\/wp\/v2\/posts\/61215","targetHints":{"allow":["GET"]}}],"collection":[{"href":"https:\/\/acasaladillo.com.ar\/index.php?rest_route=\/wp\/v2\/posts"}],"about":[{"href":"https:\/\/acasaladillo.com.ar\/index.php?rest_route=\/wp\/v2\/types\/post"}],"author":[{"embeddable":true,"href":"https:\/\/acasaladillo.com.ar\/index.php?rest_route=\/wp\/v2\/users\/3"}],"replies":[{"embeddable":true,"href":"https:\/\/acasaladillo.com.ar\/index.php?rest_route=%2Fwp%2Fv2%2Fcomments&post=61215"}],"version-history":[{"count":3,"href":"https:\/\/acasaladillo.com.ar\/index.php?rest_route=\/wp\/v2\/posts\/61215\/revisions"}],"predecessor-version":[{"id":61235,"href":"https:\/\/acasaladillo.com.ar\/index.php?rest_route=\/wp\/v2\/posts\/61215\/revisions\/61235"}],"wp:featuredmedia":[{"embeddable":true,"href":"https:\/\/acasaladillo.com.ar\/index.php?rest_route=\/wp\/v2\/media\/61230"}],"wp:attachment":[{"href":"https:\/\/acasaladillo.com.ar\/index.php?rest_route=%2Fwp%2Fv2%2Fmedia&parent=61215"}],"wp:term":[{"taxonomy":"category","embeddable":true,"href":"https:\/\/acasaladillo.com.ar\/index.php?rest_route=%2Fwp%2Fv2%2Fcategories&post=61215"},{"taxonomy":"post_tag","embeddable":true,"href":"https:\/\/acasaladillo.com.ar\/index.php?rest_route=%2Fwp%2Fv2%2Ftags&post=61215"}],"curies":[{"name":"wp","href":"https:\/\/api.w.org\/{rel}","templated":true}]}}