{"id":60931,"date":"2024-11-16T20:59:37","date_gmt":"2024-11-16T23:59:37","guid":{"rendered":"https:\/\/acasaladillo.com.ar\/?p=60931"},"modified":"2024-11-16T21:01:54","modified_gmt":"2024-11-17T00:01:54","slug":"3-arboles","status":"publish","type":"post","link":"https:\/\/acasaladillo.com.ar\/?p=60931","title":{"rendered":"3 \u00e1rboles"},"content":{"rendered":"\n<figure class=\"wp-block-image size-full is-style-rounded\"><img loading=\"lazy\" decoding=\"async\" width=\"640\" height=\"480\" src=\"https:\/\/acasaladillo.com.ar\/wp-content\/uploads\/2024\/11\/1-2.jpeg\" alt=\"\" class=\"wp-image-60936\" srcset=\"https:\/\/acasaladillo.com.ar\/wp-content\/uploads\/2024\/11\/1-2.jpeg 640w, https:\/\/acasaladillo.com.ar\/wp-content\/uploads\/2024\/11\/1-2-300x225.jpeg 300w, https:\/\/acasaladillo.com.ar\/wp-content\/uploads\/2024\/11\/1-2-560x420.jpeg 560w, https:\/\/acasaladillo.com.ar\/wp-content\/uploads\/2024\/11\/1-2-260x195.jpeg 260w, https:\/\/acasaladillo.com.ar\/wp-content\/uploads\/2024\/11\/1-2-160x120.jpeg 160w\" sizes=\"auto, (max-width: 640px) 100vw, 640px\" \/><\/figure>\n\n\n\n<p>Ni Col\u00f3 y Massaccesi<\/p>\n\n\n\n<hr class=\"wp-block-separator\"\/>\n\n\n\n<!--more-->\n\n\n\n<p>Plantaron 3 \u00e1rboles en la Plaza Democracia<\/p>\n\n\n\n<figure class=\"wp-block-gallery columns-2 is-cropped wp-block-gallery-1 is-layout-flex wp-block-gallery-is-layout-flex\"><ul class=\"blocks-gallery-grid\"><li class=\"blocks-gallery-item\"><figure><img loading=\"lazy\" decoding=\"async\" width=\"640\" height=\"480\" src=\"https:\/\/acasaladillo.com.ar\/wp-content\/uploads\/2024\/11\/1-1.jpeg\" alt=\"\" data-id=\"60932\" data-full-url=\"https:\/\/acasaladillo.com.ar\/wp-content\/uploads\/2024\/11\/1-1.jpeg\" data-link=\"https:\/\/acasaladillo.com.ar\/?attachment_id=60932\" class=\"wp-image-60932\" srcset=\"https:\/\/acasaladillo.com.ar\/wp-content\/uploads\/2024\/11\/1-1.jpeg 640w, https:\/\/acasaladillo.com.ar\/wp-content\/uploads\/2024\/11\/1-1-300x225.jpeg 300w, https:\/\/acasaladillo.com.ar\/wp-content\/uploads\/2024\/11\/1-1-560x420.jpeg 560w, https:\/\/acasaladillo.com.ar\/wp-content\/uploads\/2024\/11\/1-1-260x195.jpeg 260w, https:\/\/acasaladillo.com.ar\/wp-content\/uploads\/2024\/11\/1-1-160x120.jpeg 160w\" sizes=\"auto, (max-width: 640px) 100vw, 640px\" \/><\/figure><\/li><li class=\"blocks-gallery-item\"><figure><img loading=\"lazy\" decoding=\"async\" width=\"640\" height=\"480\" src=\"https:\/\/acasaladillo.com.ar\/wp-content\/uploads\/2024\/11\/1-003.jpeg\" alt=\"\" data-id=\"60933\" data-full-url=\"https:\/\/acasaladillo.com.ar\/wp-content\/uploads\/2024\/11\/1-003.jpeg\" data-link=\"https:\/\/acasaladillo.com.ar\/?attachment_id=60933\" class=\"wp-image-60933\" srcset=\"https:\/\/acasaladillo.com.ar\/wp-content\/uploads\/2024\/11\/1-003.jpeg 640w, https:\/\/acasaladillo.com.ar\/wp-content\/uploads\/2024\/11\/1-003-300x225.jpeg 300w, https:\/\/acasaladillo.com.ar\/wp-content\/uploads\/2024\/11\/1-003-560x420.jpeg 560w, https:\/\/acasaladillo.com.ar\/wp-content\/uploads\/2024\/11\/1-003-260x195.jpeg 260w, https:\/\/acasaladillo.com.ar\/wp-content\/uploads\/2024\/11\/1-003-160x120.jpeg 160w\" sizes=\"auto, (max-width: 640px) 100vw, 640px\" \/><\/figure><\/li><\/ul><\/figure>\n\n\n\n<p>Con la presencia del Veterano de Guerra y H\u00e9roe de Malvinas Guillermo Ni Colo, el Intendente Salomon y el Periodista de TN Mario Massaccesi se plantaron 3 \u00e1rboles en la Plaza de la Democracia en homenaje a lo ca\u00eddos en la Gesta de Malvinas.<\/p>\n\n\n\n<figure class=\"wp-block-gallery columns-1 is-cropped wp-block-gallery-2 is-layout-flex wp-block-gallery-is-layout-flex\"><ul class=\"blocks-gallery-grid\"><li class=\"blocks-gallery-item\"><figure><img loading=\"lazy\" decoding=\"async\" width=\"640\" height=\"480\" src=\"https:\/\/acasaladillo.com.ar\/wp-content\/uploads\/2024\/11\/1-3.jpeg\" alt=\"\" data-id=\"60934\" data-full-url=\"https:\/\/acasaladillo.com.ar\/wp-content\/uploads\/2024\/11\/1-3.jpeg\" data-link=\"https:\/\/acasaladillo.com.ar\/?attachment_id=60934\" class=\"wp-image-60934\" srcset=\"https:\/\/acasaladillo.com.ar\/wp-content\/uploads\/2024\/11\/1-3.jpeg 640w, https:\/\/acasaladillo.com.ar\/wp-content\/uploads\/2024\/11\/1-3-300x225.jpeg 300w, https:\/\/acasaladillo.com.ar\/wp-content\/uploads\/2024\/11\/1-3-560x420.jpeg 560w, https:\/\/acasaladillo.com.ar\/wp-content\/uploads\/2024\/11\/1-3-260x195.jpeg 260w, https:\/\/acasaladillo.com.ar\/wp-content\/uploads\/2024\/11\/1-3-160x120.jpeg 160w\" sizes=\"auto, (max-width: 640px) 100vw, 640px\" \/><\/figure><\/li><\/ul><\/figure>\n","protected":false},"excerpt":{"rendered":"<p>Ni Col\u00f3 y Massaccesi<\/p>\n<p class=\"more-link-p\"><a class=\"more-link\" href=\"https:\/\/acasaladillo.com.ar\/?p=60931\">Read more &rarr;<\/a><\/p>\n","protected":false},"author":3,"featured_media":60934,"comment_status":"closed","ping_status":"closed","sticky":false,"template":"","format":"standard","meta":{"_monsterinsights_skip_tracking":false,"footnotes":""},"categories":[1],"tags":[3316,3314,3315],"class_list":["post-60931","post","type-post","status-publish","format-standard","has-post-thumbnail","hentry","category-noticias","tag-heroe-de-malvinas-guillermo-ni-colo","tag-plantaron-3-arboles-en-la-plaza-democracia","tag-veterano-de-guerra"],"aioseo_notices":[],"_links":{"self":[{"href":"https:\/\/acasaladillo.com.ar\/index.php?rest_route=\/wp\/v2\/posts\/60931","targetHints":{"allow":["GET"]}}],"collection":[{"href":"https:\/\/acasaladillo.com.ar\/index.php?rest_route=\/wp\/v2\/posts"}],"about":[{"href":"https:\/\/acasaladillo.com.ar\/index.php?rest_route=\/wp\/v2\/types\/post"}],"author":[{"embeddable":true,"href":"https:\/\/acasaladillo.com.ar\/index.php?rest_route=\/wp\/v2\/users\/3"}],"replies":[{"embeddable":true,"href":"https:\/\/acasaladillo.com.ar\/index.php?rest_route=%2Fwp%2Fv2%2Fcomments&post=60931"}],"version-history":[{"count":2,"href":"https:\/\/acasaladillo.com.ar\/index.php?rest_route=\/wp\/v2\/posts\/60931\/revisions"}],"predecessor-version":[{"id":60938,"href":"https:\/\/acasaladillo.com.ar\/index.php?rest_route=\/wp\/v2\/posts\/60931\/revisions\/60938"}],"wp:featuredmedia":[{"embeddable":true,"href":"https:\/\/acasaladillo.com.ar\/index.php?rest_route=\/wp\/v2\/media\/60934"}],"wp:attachment":[{"href":"https:\/\/acasaladillo.com.ar\/index.php?rest_route=%2Fwp%2Fv2%2Fmedia&parent=60931"}],"wp:term":[{"taxonomy":"category","embeddable":true,"href":"https:\/\/acasaladillo.com.ar\/index.php?rest_route=%2Fwp%2Fv2%2Fcategories&post=60931"},{"taxonomy":"post_tag","embeddable":true,"href":"https:\/\/acasaladillo.com.ar\/index.php?rest_route=%2Fwp%2Fv2%2Ftags&post=60931"}],"curies":[{"name":"wp","href":"https:\/\/api.w.org\/{rel}","templated":true}]}}