{"id":60810,"date":"2024-10-09T10:36:24","date_gmt":"2024-10-09T13:36:24","guid":{"rendered":"https:\/\/acasaladillo.com.ar\/?p=60810"},"modified":"2024-10-09T10:40:07","modified_gmt":"2024-10-09T13:40:07","slug":"5ta-edicion","status":"publish","type":"post","link":"https:\/\/acasaladillo.com.ar\/?p=60810","title":{"rendered":"5ta Edici\u00f3n"},"content":{"rendered":"\n<figure class=\"wp-block-image size-full is-style-rounded\"><img loading=\"lazy\" decoding=\"async\" width=\"640\" height=\"332\" src=\"https:\/\/acasaladillo.com.ar\/wp-content\/uploads\/2024\/10\/WhatsApp-Image-2024-10-09-at-09.10.28.jpeg\" alt=\"\" class=\"wp-image-60811\" srcset=\"https:\/\/acasaladillo.com.ar\/wp-content\/uploads\/2024\/10\/WhatsApp-Image-2024-10-09-at-09.10.28.jpeg 640w, https:\/\/acasaladillo.com.ar\/wp-content\/uploads\/2024\/10\/WhatsApp-Image-2024-10-09-at-09.10.28-300x156.jpeg 300w, https:\/\/acasaladillo.com.ar\/wp-content\/uploads\/2024\/10\/WhatsApp-Image-2024-10-09-at-09.10.28-560x291.jpeg 560w, https:\/\/acasaladillo.com.ar\/wp-content\/uploads\/2024\/10\/WhatsApp-Image-2024-10-09-at-09.10.28-260x135.jpeg 260w, https:\/\/acasaladillo.com.ar\/wp-content\/uploads\/2024\/10\/WhatsApp-Image-2024-10-09-at-09.10.28-160x83.jpeg 160w\" sizes=\"auto, (max-width: 640px) 100vw, 640px\" \/><\/figure>\n\n\n\n<p>Listo el Pollo<\/p>\n\n\n\n<hr class=\"wp-block-separator\"\/>\n\n\n\n<!--more-->\n\n\n\n<p>SE REALIZ\u00d3 CON \u00c9XITO LA 5TA EDICI\u00d3N DE LA FIESTA LISTO EL POLLO EN DEL CARRIL<\/p>\n\n\n\n<figure class=\"wp-block-gallery columns-2 is-cropped wp-block-gallery-1 is-layout-flex wp-block-gallery-is-layout-flex\"><ul class=\"blocks-gallery-grid\"><li class=\"blocks-gallery-item\"><figure><img loading=\"lazy\" decoding=\"async\" width=\"628\" height=\"309\" src=\"https:\/\/acasaladillo.com.ar\/wp-content\/uploads\/2024\/10\/WhatsApp-Image-2024-10-09-at-09.10.22-1-1.jpeg\" alt=\"\" data-id=\"60815\" data-full-url=\"https:\/\/acasaladillo.com.ar\/wp-content\/uploads\/2024\/10\/WhatsApp-Image-2024-10-09-at-09.10.22-1-1.jpeg\" data-link=\"https:\/\/acasaladillo.com.ar\/?attachment_id=60815\" class=\"wp-image-60815\" srcset=\"https:\/\/acasaladillo.com.ar\/wp-content\/uploads\/2024\/10\/WhatsApp-Image-2024-10-09-at-09.10.22-1-1.jpeg 628w, https:\/\/acasaladillo.com.ar\/wp-content\/uploads\/2024\/10\/WhatsApp-Image-2024-10-09-at-09.10.22-1-1-300x148.jpeg 300w, https:\/\/acasaladillo.com.ar\/wp-content\/uploads\/2024\/10\/WhatsApp-Image-2024-10-09-at-09.10.22-1-1-560x276.jpeg 560w, https:\/\/acasaladillo.com.ar\/wp-content\/uploads\/2024\/10\/WhatsApp-Image-2024-10-09-at-09.10.22-1-1-260x128.jpeg 260w, https:\/\/acasaladillo.com.ar\/wp-content\/uploads\/2024\/10\/WhatsApp-Image-2024-10-09-at-09.10.22-1-1-160x79.jpeg 160w\" sizes=\"auto, (max-width: 628px) 100vw, 628px\" \/><\/figure><\/li><li class=\"blocks-gallery-item\"><figure><img loading=\"lazy\" decoding=\"async\" width=\"596\" height=\"312\" src=\"https:\/\/acasaladillo.com.ar\/wp-content\/uploads\/2024\/10\/WhatsApp-Image-2024-10-09-at-09.10.22-2.jpeg\" alt=\"\" data-id=\"60816\" data-full-url=\"https:\/\/acasaladillo.com.ar\/wp-content\/uploads\/2024\/10\/WhatsApp-Image-2024-10-09-at-09.10.22-2.jpeg\" data-link=\"https:\/\/acasaladillo.com.ar\/?attachment_id=60816\" class=\"wp-image-60816\" srcset=\"https:\/\/acasaladillo.com.ar\/wp-content\/uploads\/2024\/10\/WhatsApp-Image-2024-10-09-at-09.10.22-2.jpeg 596w, https:\/\/acasaladillo.com.ar\/wp-content\/uploads\/2024\/10\/WhatsApp-Image-2024-10-09-at-09.10.22-2-300x157.jpeg 300w, https:\/\/acasaladillo.com.ar\/wp-content\/uploads\/2024\/10\/WhatsApp-Image-2024-10-09-at-09.10.22-2-560x293.jpeg 560w, https:\/\/acasaladillo.com.ar\/wp-content\/uploads\/2024\/10\/WhatsApp-Image-2024-10-09-at-09.10.22-2-260x136.jpeg 260w, https:\/\/acasaladillo.com.ar\/wp-content\/uploads\/2024\/10\/WhatsApp-Image-2024-10-09-at-09.10.22-2-160x84.jpeg 160w\" sizes=\"auto, (max-width: 596px) 100vw, 596px\" \/><\/figure><\/li><\/ul><\/figure>\n\n\n\n<p>El pasado Domingo, como estaba previsto, se desarroll\u00f3 con \u00e9xito la 5ta Edici\u00f3n de la Fiesta Listo el Pollo en el parque Recreativo de la localidad de Del Carril.<\/p>\n\n\n\n<figure class=\"wp-block-gallery columns-2 is-cropped wp-block-gallery-2 is-layout-flex wp-block-gallery-is-layout-flex\"><ul class=\"blocks-gallery-grid\"><li class=\"blocks-gallery-item\"><figure><img loading=\"lazy\" decoding=\"async\" width=\"636\" height=\"339\" src=\"https:\/\/acasaladillo.com.ar\/wp-content\/uploads\/2024\/10\/WhatsApp-Image-2024-10-09-at-09.10.21-2.jpeg\" alt=\"\" data-id=\"60812\" data-full-url=\"https:\/\/acasaladillo.com.ar\/wp-content\/uploads\/2024\/10\/WhatsApp-Image-2024-10-09-at-09.10.21-2.jpeg\" data-link=\"https:\/\/acasaladillo.com.ar\/?attachment_id=60812\" class=\"wp-image-60812\" srcset=\"https:\/\/acasaladillo.com.ar\/wp-content\/uploads\/2024\/10\/WhatsApp-Image-2024-10-09-at-09.10.21-2.jpeg 636w, https:\/\/acasaladillo.com.ar\/wp-content\/uploads\/2024\/10\/WhatsApp-Image-2024-10-09-at-09.10.21-2-300x160.jpeg 300w, https:\/\/acasaladillo.com.ar\/wp-content\/uploads\/2024\/10\/WhatsApp-Image-2024-10-09-at-09.10.21-2-560x298.jpeg 560w, https:\/\/acasaladillo.com.ar\/wp-content\/uploads\/2024\/10\/WhatsApp-Image-2024-10-09-at-09.10.21-2-260x139.jpeg 260w, https:\/\/acasaladillo.com.ar\/wp-content\/uploads\/2024\/10\/WhatsApp-Image-2024-10-09-at-09.10.21-2-160x85.jpeg 160w\" sizes=\"auto, (max-width: 636px) 100vw, 636px\" \/><\/figure><\/li><li class=\"blocks-gallery-item\"><figure><img loading=\"lazy\" decoding=\"async\" width=\"633\" height=\"345\" src=\"https:\/\/acasaladillo.com.ar\/wp-content\/uploads\/2024\/10\/WhatsApp-Image-2024-10-09-at-09.10.21.jpeg\" alt=\"\" data-id=\"60813\" data-full-url=\"https:\/\/acasaladillo.com.ar\/wp-content\/uploads\/2024\/10\/WhatsApp-Image-2024-10-09-at-09.10.21.jpeg\" data-link=\"https:\/\/acasaladillo.com.ar\/?attachment_id=60813\" class=\"wp-image-60813\" srcset=\"https:\/\/acasaladillo.com.ar\/wp-content\/uploads\/2024\/10\/WhatsApp-Image-2024-10-09-at-09.10.21.jpeg 633w, https:\/\/acasaladillo.com.ar\/wp-content\/uploads\/2024\/10\/WhatsApp-Image-2024-10-09-at-09.10.21-300x164.jpeg 300w, https:\/\/acasaladillo.com.ar\/wp-content\/uploads\/2024\/10\/WhatsApp-Image-2024-10-09-at-09.10.21-560x305.jpeg 560w, https:\/\/acasaladillo.com.ar\/wp-content\/uploads\/2024\/10\/WhatsApp-Image-2024-10-09-at-09.10.21-260x142.jpeg 260w, https:\/\/acasaladillo.com.ar\/wp-content\/uploads\/2024\/10\/WhatsApp-Image-2024-10-09-at-09.10.21-160x87.jpeg 160w\" sizes=\"auto, (max-width: 633px) 100vw, 633px\" \/><\/figure><\/li><\/ul><\/figure>\n\n\n\n<p>All\u00ed hubo emprendedores, artesanos, Danzas, food trucks, m\u00fasica, comidas, peloteros y servicio de cantina a total beneficio de 11 instituciones de ese lugar.<\/p>\n\n\n\n<figure class=\"wp-block-gallery columns-2 is-cropped wp-block-gallery-3 is-layout-flex wp-block-gallery-is-layout-flex\"><ul class=\"blocks-gallery-grid\"><li class=\"blocks-gallery-item\"><figure><img loading=\"lazy\" decoding=\"async\" width=\"640\" height=\"289\" src=\"https:\/\/acasaladillo.com.ar\/wp-content\/uploads\/2024\/10\/WhatsApp-Image-2024-10-09-at-09.10.22.jpeg\" alt=\"\" data-id=\"60817\" data-full-url=\"https:\/\/acasaladillo.com.ar\/wp-content\/uploads\/2024\/10\/WhatsApp-Image-2024-10-09-at-09.10.22.jpeg\" data-link=\"https:\/\/acasaladillo.com.ar\/?attachment_id=60817\" class=\"wp-image-60817\" srcset=\"https:\/\/acasaladillo.com.ar\/wp-content\/uploads\/2024\/10\/WhatsApp-Image-2024-10-09-at-09.10.22.jpeg 640w, https:\/\/acasaladillo.com.ar\/wp-content\/uploads\/2024\/10\/WhatsApp-Image-2024-10-09-at-09.10.22-300x135.jpeg 300w, https:\/\/acasaladillo.com.ar\/wp-content\/uploads\/2024\/10\/WhatsApp-Image-2024-10-09-at-09.10.22-560x253.jpeg 560w, https:\/\/acasaladillo.com.ar\/wp-content\/uploads\/2024\/10\/WhatsApp-Image-2024-10-09-at-09.10.22-260x117.jpeg 260w, https:\/\/acasaladillo.com.ar\/wp-content\/uploads\/2024\/10\/WhatsApp-Image-2024-10-09-at-09.10.22-160x72.jpeg 160w\" sizes=\"auto, (max-width: 640px) 100vw, 640px\" \/><\/figure><\/li><li class=\"blocks-gallery-item\"><figure><img loading=\"lazy\" decoding=\"async\" width=\"599\" height=\"307\" src=\"https:\/\/acasaladillo.com.ar\/wp-content\/uploads\/2024\/10\/WhatsApp-Image-2024-10-09-at-09.10.23.jpeg\" alt=\"\" data-id=\"60818\" data-full-url=\"https:\/\/acasaladillo.com.ar\/wp-content\/uploads\/2024\/10\/WhatsApp-Image-2024-10-09-at-09.10.23.jpeg\" data-link=\"https:\/\/acasaladillo.com.ar\/?attachment_id=60818\" class=\"wp-image-60818\" srcset=\"https:\/\/acasaladillo.com.ar\/wp-content\/uploads\/2024\/10\/WhatsApp-Image-2024-10-09-at-09.10.23.jpeg 599w, https:\/\/acasaladillo.com.ar\/wp-content\/uploads\/2024\/10\/WhatsApp-Image-2024-10-09-at-09.10.23-300x154.jpeg 300w, https:\/\/acasaladillo.com.ar\/wp-content\/uploads\/2024\/10\/WhatsApp-Image-2024-10-09-at-09.10.23-560x287.jpeg 560w, https:\/\/acasaladillo.com.ar\/wp-content\/uploads\/2024\/10\/WhatsApp-Image-2024-10-09-at-09.10.23-260x133.jpeg 260w, https:\/\/acasaladillo.com.ar\/wp-content\/uploads\/2024\/10\/WhatsApp-Image-2024-10-09-at-09.10.23-160x82.jpeg 160w\" sizes=\"auto, (max-width: 599px) 100vw, 599px\" \/><\/figure><\/li><\/ul><\/figure>\n\n\n\n<p>Durante la jornada estuvieron en el escenario los grupos Alma de mi Tierra, Brotes del Salado, Nicol\u00e1s Ardiles, Carrileros, Cape La Minga, Gustavo Madeja y Walkiria.<\/p>\n\n\n\n<figure class=\"wp-block-gallery columns-2 is-cropped wp-block-gallery-4 is-layout-flex wp-block-gallery-is-layout-flex\"><ul class=\"blocks-gallery-grid\"><li class=\"blocks-gallery-item\"><figure><img loading=\"lazy\" decoding=\"async\" width=\"637\" height=\"266\" src=\"https:\/\/acasaladillo.com.ar\/wp-content\/uploads\/2024\/10\/WhatsApp-Image-2024-10-09-at-09.10.26-2.jpeg\" alt=\"\" data-id=\"60819\" data-full-url=\"https:\/\/acasaladillo.com.ar\/wp-content\/uploads\/2024\/10\/WhatsApp-Image-2024-10-09-at-09.10.26-2.jpeg\" data-link=\"https:\/\/acasaladillo.com.ar\/?attachment_id=60819\" class=\"wp-image-60819\" srcset=\"https:\/\/acasaladillo.com.ar\/wp-content\/uploads\/2024\/10\/WhatsApp-Image-2024-10-09-at-09.10.26-2.jpeg 637w, https:\/\/acasaladillo.com.ar\/wp-content\/uploads\/2024\/10\/WhatsApp-Image-2024-10-09-at-09.10.26-2-300x125.jpeg 300w, https:\/\/acasaladillo.com.ar\/wp-content\/uploads\/2024\/10\/WhatsApp-Image-2024-10-09-at-09.10.26-2-560x234.jpeg 560w, https:\/\/acasaladillo.com.ar\/wp-content\/uploads\/2024\/10\/WhatsApp-Image-2024-10-09-at-09.10.26-2-260x109.jpeg 260w, https:\/\/acasaladillo.com.ar\/wp-content\/uploads\/2024\/10\/WhatsApp-Image-2024-10-09-at-09.10.26-2-160x67.jpeg 160w\" sizes=\"auto, (max-width: 637px) 100vw, 637px\" \/><\/figure><\/li><li class=\"blocks-gallery-item\"><figure><img loading=\"lazy\" decoding=\"async\" width=\"640\" height=\"311\" src=\"https:\/\/acasaladillo.com.ar\/wp-content\/uploads\/2024\/10\/WhatsApp-Image-2024-10-09-at-09.10.27.jpeg\" alt=\"\" data-id=\"60820\" data-full-url=\"https:\/\/acasaladillo.com.ar\/wp-content\/uploads\/2024\/10\/WhatsApp-Image-2024-10-09-at-09.10.27.jpeg\" data-link=\"https:\/\/acasaladillo.com.ar\/?attachment_id=60820\" class=\"wp-image-60820\" srcset=\"https:\/\/acasaladillo.com.ar\/wp-content\/uploads\/2024\/10\/WhatsApp-Image-2024-10-09-at-09.10.27.jpeg 640w, https:\/\/acasaladillo.com.ar\/wp-content\/uploads\/2024\/10\/WhatsApp-Image-2024-10-09-at-09.10.27-300x146.jpeg 300w, https:\/\/acasaladillo.com.ar\/wp-content\/uploads\/2024\/10\/WhatsApp-Image-2024-10-09-at-09.10.27-560x272.jpeg 560w, https:\/\/acasaladillo.com.ar\/wp-content\/uploads\/2024\/10\/WhatsApp-Image-2024-10-09-at-09.10.27-260x126.jpeg 260w, https:\/\/acasaladillo.com.ar\/wp-content\/uploads\/2024\/10\/WhatsApp-Image-2024-10-09-at-09.10.27-160x78.jpeg 160w\" sizes=\"auto, (max-width: 640px) 100vw, 640px\" \/><\/figure><\/li><\/ul><\/figure>\n\n\n\n<p>All\u00ed estuvo presente acompa\u00f1ando el desarrollo de este evento gastron\u00f3mico el Intendente Municipal Ing. Jos\u00e9 Luis Salom\u00f3n junto a la secretaria de Gobierno Prof. Viviana Rodr\u00edguez, a la subsecretaria de Cultura, Educaci\u00f3n y Derechos Humanos Prof. Silvina Iturria, al delegado de Del Carril Dabel Oyhanart.<\/p>\n","protected":false},"excerpt":{"rendered":"<p>Listo el Pollo<\/p>\n<p class=\"more-link-p\"><a class=\"more-link\" href=\"https:\/\/acasaladillo.com.ar\/?p=60810\">Read more &rarr;<\/a><\/p>\n","protected":false},"author":3,"featured_media":60811,"comment_status":"closed","ping_status":"closed","sticky":false,"template":"","format":"standard","meta":{"_monsterinsights_skip_tracking":false,"footnotes":""},"categories":[1],"tags":[3310],"class_list":["post-60810","post","type-post","status-publish","format-standard","has-post-thumbnail","hentry","category-noticias","tag-5ta-edicion"],"aioseo_notices":[],"_links":{"self":[{"href":"https:\/\/acasaladillo.com.ar\/index.php?rest_route=\/wp\/v2\/posts\/60810","targetHints":{"allow":["GET"]}}],"collection":[{"href":"https:\/\/acasaladillo.com.ar\/index.php?rest_route=\/wp\/v2\/posts"}],"about":[{"href":"https:\/\/acasaladillo.com.ar\/index.php?rest_route=\/wp\/v2\/types\/post"}],"author":[{"embeddable":true,"href":"https:\/\/acasaladillo.com.ar\/index.php?rest_route=\/wp\/v2\/users\/3"}],"replies":[{"embeddable":true,"href":"https:\/\/acasaladillo.com.ar\/index.php?rest_route=%2Fwp%2Fv2%2Fcomments&post=60810"}],"version-history":[{"count":1,"href":"https:\/\/acasaladillo.com.ar\/index.php?rest_route=\/wp\/v2\/posts\/60810\/revisions"}],"predecessor-version":[{"id":60821,"href":"https:\/\/acasaladillo.com.ar\/index.php?rest_route=\/wp\/v2\/posts\/60810\/revisions\/60821"}],"wp:featuredmedia":[{"embeddable":true,"href":"https:\/\/acasaladillo.com.ar\/index.php?rest_route=\/wp\/v2\/media\/60811"}],"wp:attachment":[{"href":"https:\/\/acasaladillo.com.ar\/index.php?rest_route=%2Fwp%2Fv2%2Fmedia&parent=60810"}],"wp:term":[{"taxonomy":"category","embeddable":true,"href":"https:\/\/acasaladillo.com.ar\/index.php?rest_route=%2Fwp%2Fv2%2Fcategories&post=60810"},{"taxonomy":"post_tag","embeddable":true,"href":"https:\/\/acasaladillo.com.ar\/index.php?rest_route=%2Fwp%2Fv2%2Ftags&post=60810"}],"curies":[{"name":"wp","href":"https:\/\/api.w.org\/{rel}","templated":true}]}}