{"id":60705,"date":"2024-09-16T11:14:32","date_gmt":"2024-09-16T14:14:32","guid":{"rendered":"https:\/\/acasaladillo.com.ar\/?p=60705"},"modified":"2024-09-16T11:15:10","modified_gmt":"2024-09-16T14:15:10","slug":"visita","status":"publish","type":"post","link":"https:\/\/acasaladillo.com.ar\/?p=60705","title":{"rendered":"Visita"},"content":{"rendered":"\n<figure class=\"wp-block-image size-full is-style-rounded\"><img loading=\"lazy\" decoding=\"async\" width=\"640\" height=\"461\" src=\"https:\/\/acasaladillo.com.ar\/wp-content\/uploads\/2024\/09\/visita.jpg\" alt=\"\" class=\"wp-image-60706\" srcset=\"https:\/\/acasaladillo.com.ar\/wp-content\/uploads\/2024\/09\/visita.jpg 640w, https:\/\/acasaladillo.com.ar\/wp-content\/uploads\/2024\/09\/visita-300x216.jpg 300w, https:\/\/acasaladillo.com.ar\/wp-content\/uploads\/2024\/09\/visita-560x403.jpg 560w, https:\/\/acasaladillo.com.ar\/wp-content\/uploads\/2024\/09\/visita-260x187.jpg 260w, https:\/\/acasaladillo.com.ar\/wp-content\/uploads\/2024\/09\/visita-160x115.jpg 160w\" sizes=\"auto, (max-width: 640px) 100vw, 640px\" \/><\/figure>\n\n\n\n<p>  Ministro de Seguridad  <\/p>\n\n\n\n<hr class=\"wp-block-separator\"\/>\n\n\n\n<!--more-->\n\n\n\n<p>LA VISITA DEL MINISTRO DE SEGURIDAD BONAERENSE<br>El Intendente Salom\u00f3n recibi\u00f3 al Ministro de Seguridad de la Provincia de Buenos Aires Javier Alonso qui\u00e9n realiz\u00f3 una visita institucional a nuestra ciudad.<br>En el despacho municipal tuvo lugar una reuni\u00f3n de trabajo en la que tambi\u00e9n estuvieron presentes el Diputado Provincial Ricardo Lissalde, funcionarios del equipo de gobierno de gesti\u00f3n local, como as\u00ed tambi\u00e9n concejales de ambos bloques.<br>En el marco de dicho encuentro se procedi\u00f3 a realizar la firma de un convenio para implementar la denominada Plataforma Multiagencia.<br>Se trata de una herramienta que permitir\u00e1 la centralizaci\u00f3n, la coordinaci\u00f3n, analizar y evaluar en tiempo real los pedidos y demandas de seguridad, salud y defensa civil a trav\u00e9s del Sistema Integral de Emergencias 911.<\/p>\n\n\n\n<figure class=\"wp-block-image size-full\"><img loading=\"lazy\" decoding=\"async\" width=\"593\" height=\"273\" src=\"https:\/\/acasaladillo.com.ar\/wp-content\/uploads\/2024\/09\/minis.jpg\" alt=\"\" class=\"wp-image-60707\" srcset=\"https:\/\/acasaladillo.com.ar\/wp-content\/uploads\/2024\/09\/minis.jpg 593w, https:\/\/acasaladillo.com.ar\/wp-content\/uploads\/2024\/09\/minis-300x138.jpg 300w, https:\/\/acasaladillo.com.ar\/wp-content\/uploads\/2024\/09\/minis-560x258.jpg 560w, https:\/\/acasaladillo.com.ar\/wp-content\/uploads\/2024\/09\/minis-260x120.jpg 260w, https:\/\/acasaladillo.com.ar\/wp-content\/uploads\/2024\/09\/minis-160x74.jpg 160w\" sizes=\"auto, (max-width: 593px) 100vw, 593px\" \/><\/figure>\n\n\n\n<p>CON LAS INSTITUCIONES DE NUESTRO MEDIO<\/p>\n\n\n\n<p>Luego de la firma del convenio para la instrumentaci\u00f3n de la Plataforma Multiagencia, el Intendente Salom\u00f3n, el Secretario de Seguridad Gonzalo Gallego y el Intendente Salom\u00f3n concurrieron al Sal\u00f3n Sesquicentenario donde se estaba desarrollando una reuni\u00f3n con representantes de la Sociedad Rural y la C\u00e1mara de Comercio local junto con autoridades de la Polic\u00eda Departamental y del CPR.<\/p>\n\n\n\n<figure class=\"wp-block-image size-full\"><img loading=\"lazy\" decoding=\"async\" width=\"640\" height=\"296\" src=\"https:\/\/acasaladillo.com.ar\/wp-content\/uploads\/2024\/09\/instituciones.jpg\" alt=\"\" class=\"wp-image-60708\" srcset=\"https:\/\/acasaladillo.com.ar\/wp-content\/uploads\/2024\/09\/instituciones.jpg 640w, https:\/\/acasaladillo.com.ar\/wp-content\/uploads\/2024\/09\/instituciones-300x139.jpg 300w, https:\/\/acasaladillo.com.ar\/wp-content\/uploads\/2024\/09\/instituciones-560x259.jpg 560w, https:\/\/acasaladillo.com.ar\/wp-content\/uploads\/2024\/09\/instituciones-260x120.jpg 260w, https:\/\/acasaladillo.com.ar\/wp-content\/uploads\/2024\/09\/instituciones-160x74.jpg 160w\" sizes=\"auto, (max-width: 640px) 100vw, 640px\" \/><\/figure>\n\n\n\n<p>EN EL CENTRO DE MONITOREO<\/p>\n\n\n\n<p>Luego de la actividad desarrollada en el \u00e1mbito del municipio local, el Intendente Municipal Ing. Jos\u00e9 Luis Salom\u00f3n junto con el Secretario Gonzalo Gallego, el Ministro de Seguridad Javier Alonso y dem\u00e1s funcionarios se dirigieron caminando por el centro de nuestra ciudad hasta el Centro de Monitoreo local donde observaron el trabajo cotidiano y permanente que se lleva a cabo en dicho lugar.<\/p>\n\n\n\n<figure class=\"wp-block-gallery columns-2 is-cropped wp-block-gallery-1 is-layout-flex wp-block-gallery-is-layout-flex\"><ul class=\"blocks-gallery-grid\"><li class=\"blocks-gallery-item\"><figure><img loading=\"lazy\" decoding=\"async\" width=\"640\" height=\"312\" src=\"https:\/\/acasaladillo.com.ar\/wp-content\/uploads\/2024\/09\/monitoreo-1.jpg\" alt=\"\" data-id=\"60709\" data-full-url=\"https:\/\/acasaladillo.com.ar\/wp-content\/uploads\/2024\/09\/monitoreo-1.jpg\" data-link=\"https:\/\/acasaladillo.com.ar\/?attachment_id=60709\" class=\"wp-image-60709\" srcset=\"https:\/\/acasaladillo.com.ar\/wp-content\/uploads\/2024\/09\/monitoreo-1.jpg 640w, https:\/\/acasaladillo.com.ar\/wp-content\/uploads\/2024\/09\/monitoreo-1-300x146.jpg 300w, https:\/\/acasaladillo.com.ar\/wp-content\/uploads\/2024\/09\/monitoreo-1-560x273.jpg 560w, https:\/\/acasaladillo.com.ar\/wp-content\/uploads\/2024\/09\/monitoreo-1-260x127.jpg 260w, https:\/\/acasaladillo.com.ar\/wp-content\/uploads\/2024\/09\/monitoreo-1-160x78.jpg 160w\" sizes=\"auto, (max-width: 640px) 100vw, 640px\" \/><\/figure><\/li><li class=\"blocks-gallery-item\"><figure><img loading=\"lazy\" decoding=\"async\" width=\"640\" height=\"385\" src=\"https:\/\/acasaladillo.com.ar\/wp-content\/uploads\/2024\/09\/monitoreo-2.jpg\" alt=\"\" data-id=\"60710\" data-full-url=\"https:\/\/acasaladillo.com.ar\/wp-content\/uploads\/2024\/09\/monitoreo-2.jpg\" data-link=\"https:\/\/acasaladillo.com.ar\/?attachment_id=60710\" class=\"wp-image-60710\" srcset=\"https:\/\/acasaladillo.com.ar\/wp-content\/uploads\/2024\/09\/monitoreo-2.jpg 640w, https:\/\/acasaladillo.com.ar\/wp-content\/uploads\/2024\/09\/monitoreo-2-300x180.jpg 300w, https:\/\/acasaladillo.com.ar\/wp-content\/uploads\/2024\/09\/monitoreo-2-560x337.jpg 560w, https:\/\/acasaladillo.com.ar\/wp-content\/uploads\/2024\/09\/monitoreo-2-260x156.jpg 260w, https:\/\/acasaladillo.com.ar\/wp-content\/uploads\/2024\/09\/monitoreo-2-160x96.jpg 160w\" sizes=\"auto, (max-width: 640px) 100vw, 640px\" \/><\/figure><\/li><\/ul><\/figure>\n\n\n\n<p>VISITA A LA PISTA DE LA ESCUELA DE MANEJO MUNICIPAL<\/p>\n\n\n\n<p>El Intendente Municipal Ing. Jos\u00e9 Luis Salom\u00f3n junto con Secretario de Seguridad local Gonzalo Gallego, el Diputado Ricardo Lissalde, el Ministro Javier Alonso, funcionarios y concejales concurri\u00f3 a observar el espacio donde funciona la Pista de la Escuela de Manejo Municipal ubicada en el predio de La Trocha.<\/p>\n\n\n\n<p>En ese lugar, que comprende un trazado se\u00f1alizado, se realizan las pruebas de manejo previas para la solicitud del carnet de conducir.<\/p>\n\n\n\n<p>All\u00ed saludaron a los integrantes de la fuerza policial destacados en esa zona de nuestra ciudad.<\/p>\n\n\n\n<figure class=\"wp-block-gallery columns-2 is-cropped wp-block-gallery-2 is-layout-flex wp-block-gallery-is-layout-flex\"><ul class=\"blocks-gallery-grid\"><li class=\"blocks-gallery-item\"><figure><img loading=\"lazy\" decoding=\"async\" width=\"640\" height=\"305\" src=\"https:\/\/acasaladillo.com.ar\/wp-content\/uploads\/2024\/09\/esc-1.jpg\" alt=\"\" data-id=\"60711\" data-full-url=\"https:\/\/acasaladillo.com.ar\/wp-content\/uploads\/2024\/09\/esc-1.jpg\" data-link=\"https:\/\/acasaladillo.com.ar\/?attachment_id=60711\" class=\"wp-image-60711\" srcset=\"https:\/\/acasaladillo.com.ar\/wp-content\/uploads\/2024\/09\/esc-1.jpg 640w, https:\/\/acasaladillo.com.ar\/wp-content\/uploads\/2024\/09\/esc-1-300x143.jpg 300w, https:\/\/acasaladillo.com.ar\/wp-content\/uploads\/2024\/09\/esc-1-560x267.jpg 560w, https:\/\/acasaladillo.com.ar\/wp-content\/uploads\/2024\/09\/esc-1-260x124.jpg 260w, https:\/\/acasaladillo.com.ar\/wp-content\/uploads\/2024\/09\/esc-1-160x76.jpg 160w\" sizes=\"auto, (max-width: 640px) 100vw, 640px\" \/><\/figure><\/li><li class=\"blocks-gallery-item\"><figure><img loading=\"lazy\" decoding=\"async\" width=\"514\" height=\"303\" src=\"https:\/\/acasaladillo.com.ar\/wp-content\/uploads\/2024\/09\/esc-2.jpg\" alt=\"\" data-id=\"60712\" data-full-url=\"https:\/\/acasaladillo.com.ar\/wp-content\/uploads\/2024\/09\/esc-2.jpg\" data-link=\"https:\/\/acasaladillo.com.ar\/?attachment_id=60712\" class=\"wp-image-60712\" srcset=\"https:\/\/acasaladillo.com.ar\/wp-content\/uploads\/2024\/09\/esc-2.jpg 514w, https:\/\/acasaladillo.com.ar\/wp-content\/uploads\/2024\/09\/esc-2-300x177.jpg 300w, https:\/\/acasaladillo.com.ar\/wp-content\/uploads\/2024\/09\/esc-2-260x153.jpg 260w, https:\/\/acasaladillo.com.ar\/wp-content\/uploads\/2024\/09\/esc-2-160x94.jpg 160w\" sizes=\"auto, (max-width: 514px) 100vw, 514px\" \/><\/figure><\/li><li class=\"blocks-gallery-item\"><figure><img loading=\"lazy\" decoding=\"async\" width=\"636\" height=\"293\" src=\"https:\/\/acasaladillo.com.ar\/wp-content\/uploads\/2024\/09\/esc-3.jpg\" alt=\"\" data-id=\"60713\" data-full-url=\"https:\/\/acasaladillo.com.ar\/wp-content\/uploads\/2024\/09\/esc-3.jpg\" data-link=\"https:\/\/acasaladillo.com.ar\/?attachment_id=60713\" class=\"wp-image-60713\" srcset=\"https:\/\/acasaladillo.com.ar\/wp-content\/uploads\/2024\/09\/esc-3.jpg 636w, https:\/\/acasaladillo.com.ar\/wp-content\/uploads\/2024\/09\/esc-3-300x138.jpg 300w, https:\/\/acasaladillo.com.ar\/wp-content\/uploads\/2024\/09\/esc-3-560x258.jpg 560w, https:\/\/acasaladillo.com.ar\/wp-content\/uploads\/2024\/09\/esc-3-260x120.jpg 260w, https:\/\/acasaladillo.com.ar\/wp-content\/uploads\/2024\/09\/esc-3-160x74.jpg 160w\" sizes=\"auto, (max-width: 636px) 100vw, 636px\" \/><\/figure><\/li><\/ul><\/figure>\n","protected":false},"excerpt":{"rendered":"<p>Ministro de Seguridad<\/p>\n<p class=\"more-link-p\"><a class=\"more-link\" href=\"https:\/\/acasaladillo.com.ar\/?p=60705\">Read more &rarr;<\/a><\/p>\n","protected":false},"author":3,"featured_media":60706,"comment_status":"closed","ping_status":"closed","sticky":false,"template":"","format":"standard","meta":{"_monsterinsights_skip_tracking":false,"footnotes":""},"categories":[1],"tags":[3307,3306],"class_list":["post-60705","post","type-post","status-publish","format-standard","has-post-thumbnail","hentry","category-noticias","tag-javier-alonso","tag-ministro-de-seguridad-de-la-provincia-de-buenos"],"aioseo_notices":[],"_links":{"self":[{"href":"https:\/\/acasaladillo.com.ar\/index.php?rest_route=\/wp\/v2\/posts\/60705","targetHints":{"allow":["GET"]}}],"collection":[{"href":"https:\/\/acasaladillo.com.ar\/index.php?rest_route=\/wp\/v2\/posts"}],"about":[{"href":"https:\/\/acasaladillo.com.ar\/index.php?rest_route=\/wp\/v2\/types\/post"}],"author":[{"embeddable":true,"href":"https:\/\/acasaladillo.com.ar\/index.php?rest_route=\/wp\/v2\/users\/3"}],"replies":[{"embeddable":true,"href":"https:\/\/acasaladillo.com.ar\/index.php?rest_route=%2Fwp%2Fv2%2Fcomments&post=60705"}],"version-history":[{"count":1,"href":"https:\/\/acasaladillo.com.ar\/index.php?rest_route=\/wp\/v2\/posts\/60705\/revisions"}],"predecessor-version":[{"id":60714,"href":"https:\/\/acasaladillo.com.ar\/index.php?rest_route=\/wp\/v2\/posts\/60705\/revisions\/60714"}],"wp:featuredmedia":[{"embeddable":true,"href":"https:\/\/acasaladillo.com.ar\/index.php?rest_route=\/wp\/v2\/media\/60706"}],"wp:attachment":[{"href":"https:\/\/acasaladillo.com.ar\/index.php?rest_route=%2Fwp%2Fv2%2Fmedia&parent=60705"}],"wp:term":[{"taxonomy":"category","embeddable":true,"href":"https:\/\/acasaladillo.com.ar\/index.php?rest_route=%2Fwp%2Fv2%2Fcategories&post=60705"},{"taxonomy":"post_tag","embeddable":true,"href":"https:\/\/acasaladillo.com.ar\/index.php?rest_route=%2Fwp%2Fv2%2Ftags&post=60705"}],"curies":[{"name":"wp","href":"https:\/\/api.w.org\/{rel}","templated":true}]}}