{"id":60014,"date":"2024-05-31T21:13:56","date_gmt":"2024-06-01T00:13:56","guid":{"rendered":"https:\/\/acasaladillo.com.ar\/?p=60014"},"modified":"2024-08-01T13:27:51","modified_gmt":"2024-08-01T16:27:51","slug":"kicillof","status":"publish","type":"post","link":"https:\/\/acasaladillo.com.ar\/?p=60014","title":{"rendered":"Kicillof"},"content":{"rendered":"\n<figure class=\"wp-block-image size-full is-style-rounded\"><img loading=\"lazy\" decoding=\"async\" width=\"600\" height=\"334\" src=\"https:\/\/acasaladillo.com.ar\/wp-content\/uploads\/2024\/08\/kISILOF-CAPS.jpg\" alt=\"\" class=\"wp-image-60290\" srcset=\"https:\/\/acasaladillo.com.ar\/wp-content\/uploads\/2024\/08\/kISILOF-CAPS.jpg 600w, https:\/\/acasaladillo.com.ar\/wp-content\/uploads\/2024\/08\/kISILOF-CAPS-300x167.jpg 300w, https:\/\/acasaladillo.com.ar\/wp-content\/uploads\/2024\/08\/kISILOF-CAPS-560x312.jpg 560w, https:\/\/acasaladillo.com.ar\/wp-content\/uploads\/2024\/08\/kISILOF-CAPS-260x145.jpg 260w, https:\/\/acasaladillo.com.ar\/wp-content\/uploads\/2024\/08\/kISILOF-CAPS-160x89.jpg 160w\" sizes=\"auto, (max-width: 600px) 100vw, 600px\" \/><\/figure>\n\n\n\n<p>Inagur\u00f2 CAPS<\/p>\n\n\n\n<hr class=\"wp-block-separator\"\/>\n\n\n\n<!--more-->\n\n\n\n<p><a href=\"https:\/\/www.facebook.com\/hashtag\/saladillo?__eep__=6&amp;__cft__[0]=AZVc5es3OR85-uHyfK2phSrhRCwx-LQ9rzoFxIrF9a125fma1nhn9etbdSYnr2LE7dvvy4Gp9hgtfM2sgb6dPVlK2XzTpqKasiy6TOxXtwRKUu-5qP6dg67-ICvcL3lY26VlRnnP0FJbODxjXwFc7DqCg5gogafjHlj1u-OJftItjT92ACaT5EZ2VmcFrTc8lns&amp;__tn__=*NK-R\">#Saladillo<\/a><\/p>\n\n\n\n<p><a href=\"https:\/\/www.facebook.com\/hashtag\/kicillof?__eep__=6&amp;__cft__[0]=AZVc5es3OR85-uHyfK2phSrhRCwx-LQ9rzoFxIrF9a125fma1nhn9etbdSYnr2LE7dvvy4Gp9hgtfM2sgb6dPVlK2XzTpqKasiy6TOxXtwRKUu-5qP6dg67-ICvcL3lY26VlRnnP0FJbODxjXwFc7DqCg5gogafjHlj1u-OJftItjT92ACaT5EZ2VmcFrTc8lns&amp;__tn__=*NK-R\">#Kicillof<\/a> inaugur\u00f3 el nuevo edificio del Centro de Atenci\u00f3n Primaria de la Salud de barrio Falucho<\/p>\n\n\n\n<p>Adem\u00e1s, el <a href=\"https:\/\/www.facebook.com\/hashtag\/gobernadorkicillof?__eep__=6&amp;__cft__[0]=AZVc5es3OR85-uHyfK2phSrhRCwx-LQ9rzoFxIrF9a125fma1nhn9etbdSYnr2LE7dvvy4Gp9hgtfM2sgb6dPVlK2XzTpqKasiy6TOxXtwRKUu-5qP6dg67-ICvcL3lY26VlRnnP0FJbODxjXwFc7DqCg5gogafjHlj1u-OJftItjT92ACaT5EZ2VmcFrTc8lns&amp;__tn__=*NK-R\">#gobernadorkicillof<\/a> puso en funcionamiento nuevas \u00e1reas del Hospital Zonal Posadas y entreg\u00f3 equipamiento para fortalecer sus prestaciones.El gobernador de la provincia de Buenos Aires, Axel Kicillof, inaugur\u00f3 este viernes el nuevo edificio del Centro de Atenci\u00f3n Primaria de la Salud (CAPS) \u201cDr. Asencio Jos\u00e9 Ibarbia\u201d de barrio Falucho y puso en funcionamiento las salas de Rayos y Mamograf\u00eda del <a href=\"https:\/\/www.facebook.com\/htalposadassaladillo?__cft__[0]=AZVc5es3OR85-uHyfK2phSrhRCwx-LQ9rzoFxIrF9a125fma1nhn9etbdSYnr2LE7dvvy4Gp9hgtfM2sgb6dPVlK2XzTpqKasiy6TOxXtwRKUu-5qP6dg67-ICvcL3lY26VlRnnP0FJbODxjXwFc7DqCg5gogafjHlj1u-OJftItjT92ACaT5EZ2VmcFrTc8lns&amp;__tn__=-]K-R\">Hospital Posadas Saladillo<\/a>. Fue junto a los ministros de Salud, Nicol\u00e1s Kreplak, y de Infraestructura y Servicios P\u00fablicos, Gabriel Katopodis; el diputado <a href=\"https:\/\/www.facebook.com\/ricardolissalde?__cft__[0]=AZVc5es3OR85-uHyfK2phSrhRCwx-LQ9rzoFxIrF9a125fma1nhn9etbdSYnr2LE7dvvy4Gp9hgtfM2sgb6dPVlK2XzTpqKasiy6TOxXtwRKUu-5qP6dg67-ICvcL3lY26VlRnnP0FJbODxjXwFc7DqCg5gogafjHlj1u-OJftItjT92ACaT5EZ2VmcFrTc8lns&amp;__tn__=-]K-R\">Ricardo Lissalde<\/a>; el concejal <a href=\"https:\/\/www.facebook.com\/amaro.sarlo.3?__cft__[0]=AZVc5es3OR85-uHyfK2phSrhRCwx-LQ9rzoFxIrF9a125fma1nhn9etbdSYnr2LE7dvvy4Gp9hgtfM2sgb6dPVlK2XzTpqKasiy6TOxXtwRKUu-5qP6dg67-ICvcL3lY26VlRnnP0FJbODxjXwFc7DqCg5gogafjHlj1u-OJftItjT92ACaT5EZ2VmcFrTc8lns&amp;__tn__=-]K-R\">Amaro Sarlo<\/a>; y el <a href=\"https:\/\/www.facebook.com\/hashtag\/intendente?__eep__=6&amp;__cft__[0]=AZVc5es3OR85-uHyfK2phSrhRCwx-LQ9rzoFxIrF9a125fma1nhn9etbdSYnr2LE7dvvy4Gp9hgtfM2sgb6dPVlK2XzTpqKasiy6TOxXtwRKUu-5qP6dg67-ICvcL3lY26VlRnnP0FJbODxjXwFc7DqCg5gogafjHlj1u-OJftItjT92ACaT5EZ2VmcFrTc8lns&amp;__tn__=*NK-R\">#Intendente<\/a> local, <a href=\"https:\/\/www.facebook.com\/profile.php?id=100035972066303&amp;__cft__[0]=AZVc5es3OR85-uHyfK2phSrhRCwx-LQ9rzoFxIrF9a125fma1nhn9etbdSYnr2LE7dvvy4Gp9hgtfM2sgb6dPVlK2XzTpqKasiy6TOxXtwRKUu-5qP6dg67-ICvcL3lY26VlRnnP0FJbODxjXwFc7DqCg5gogafjHlj1u-OJftItjT92ACaT5EZ2VmcFrTc8lns&amp;__tn__=-]K-R\">Jos\u00e9 Luis Salom\u00f3n<\/a>.En ese marco, Kicillof destac\u00f3 que \u201cinversiones p\u00fablicas de esta dimensi\u00f3n no son una casualidad, sino el resultado de una pol\u00edtica que impulsamos desde el primer d\u00eda para reconstruir, integrar y transformar el sistema de salud en la provincia de Buenos Aires\u201d.<\/p>\n\n\n\n<p> \u201cEl \u00fanico que puede llevar adelante esta tarea es un Estado que represente el bien com\u00fan y garantice que el derecho a la salud est\u00e9 al alcance de todos y todas\u201d, agreg\u00f3.\u201cAqu\u00ed no lleg\u00f3 el mercado para ofrecer soluciones ni podemos pedirles a los vecinos que junten el dinero para hacer las obras que se necesitan: la \u00fanica novedad es que tampoco contamos ahora con un Gobierno nacional porque se ha borrado por completo\u201d, sostuvo el Gobernador y a\u00f1adi\u00f3: \u201cNosotros vamos a seguir por el camino que empezamos hace cuatro a\u00f1os con una serie de programas e iniciativas destinadas a mejorar la calidad de vida y a brindar mejores oportunidades en todas las localidades del interior\u201d.Las nuevas instalaciones del CAPS son el resultado de una inversi\u00f3n de $190 millones y cuentan con consultorios de atenci\u00f3n general, odontolog\u00eda y ginecolog\u00eda; enfermer\u00eda y vacunatorio; y un sal\u00f3n de usos m\u00faltiples. Asimismo, se otorg\u00f3 una ambulancia de alta complejidad -la N\u00b0323 de la gesti\u00f3n- equipada para dar respuesta a pacientes en estado cr\u00edtico.Al respecto, <a href=\"https:\/\/www.facebook.com\/hashtag\/kreplak?__eep__=6&amp;__cft__[0]=AZVc5es3OR85-uHyfK2phSrhRCwx-LQ9rzoFxIrF9a125fma1nhn9etbdSYnr2LE7dvvy4Gp9hgtfM2sgb6dPVlK2XzTpqKasiy6TOxXtwRKUu-5qP6dg67-ICvcL3lY26VlRnnP0FJbODxjXwFc7DqCg5gogafjHlj1u-OJftItjT92ACaT5EZ2VmcFrTc8lns&amp;__tn__=*NK-R\">#Kreplak<\/a> se\u00f1al\u00f3 que \u201ceste es el CAPS n\u00famero 162 que inaugura el gobernador Axel Kicillof, fruto de una inversi\u00f3n sin precedentes destinada a mejorar las prestaciones sanitarias en la provincia\u201d. \u201cSeguimos sumando <a href=\"https:\/\/www.facebook.com\/hashtag\/ambulancias?__eep__=6&amp;__cft__[0]=AZVc5es3OR85-uHyfK2phSrhRCwx-LQ9rzoFxIrF9a125fma1nhn9etbdSYnr2LE7dvvy4Gp9hgtfM2sgb6dPVlK2XzTpqKasiy6TOxXtwRKUu-5qP6dg67-ICvcL3lY26VlRnnP0FJbODxjXwFc7DqCg5gogafjHlj1u-OJftItjT92ACaT5EZ2VmcFrTc8lns&amp;__tn__=*NK-R\">#ambulancias<\/a> y construyendo<\/p>\n\n\n\n<p> centros que cambian el paradigma en materia de <a href=\"https:\/\/www.facebook.com\/hashtag\/saludmental?__eep__=6&amp;__cft__[0]=AZVc5es3OR85-uHyfK2phSrhRCwx-LQ9rzoFxIrF9a125fma1nhn9etbdSYnr2LE7dvvy4Gp9hgtfM2sgb6dPVlK2XzTpqKasiy6TOxXtwRKUu-5qP6dg67-ICvcL3lY26VlRnnP0FJbODxjXwFc7DqCg5gogafjHlj1u-OJftItjT92ACaT5EZ2VmcFrTc8lns&amp;__tn__=*NK-R\">#saludmental<\/a> todo esto hoy lo ponemos en valor porque, a pesar de un Gobierno nacional que nos abandona, demuestra que en la provincia seguimos trabajando para mejorar la calidad de vida de todos los <a href=\"https:\/\/www.facebook.com\/hashtag\/bonaerenses?__eep__=6&amp;__cft__[0]=AZVc5es3OR85-uHyfK2phSrhRCwx-LQ9rzoFxIrF9a125fma1nhn9etbdSYnr2LE7dvvy4Gp9hgtfM2sgb6dPVlK2XzTpqKasiy6TOxXtwRKUu-5qP6dg67-ICvcL3lY26VlRnnP0FJbODxjXwFc7DqCg5gogafjHlj1u-OJftItjT92ACaT5EZ2VmcFrTc8lns&amp;__tn__=*NK-R\">#Bonaerenses<\/a>\u201d, manifest\u00f3.Adem\u00e1s de readecuar los espacios del Hospital Posadas, se dot\u00f3 a las nuevas salas de rayos y mamograf\u00eda de equipamiento de \u00faltima generaci\u00f3n y se entreg\u00f3 un ecocardi\u00f3grafo para ampliar las prestaciones sanitarias en beneficio de los vecinos y vecinas de la zona.<\/p>\n\n\n\n<p>Por su parte, el intendente Salom\u00f3n afirm\u00f3: \u201cLa articulaci\u00f3n entre la provincia y el municipio es algo que nos une y demuestra que no puede haber mezquindades a la hora de poner a la salud p\u00fablica como prioridad\u201d. \u201cEn estos tiempos en los que se cuestiona el rol del Estado, debemos reconocer la importancia de estas obras que son trascendentales para nuestra comunidad\u201d, indic\u00f3.Durante la jornada, las autoridades visitaron el nuevo Centro Comunitario de Salud Mental N\u00b0 20 \u2013dependiente del Hospital Posadas- y suscribieron una adenda con el Banco Mundial para la compra de computadoras en el marco del Proyecto para el Fortalecimiento de la Agenda Digital de Salud en la <a href=\"https:\/\/www.facebook.com\/hashtag\/provinciadebuenosaires?__eep__=6&amp;__cft__[0]=AZVc5es3OR85-uHyfK2phSrhRCwx-LQ9rzoFxIrF9a125fma1nhn9etbdSYnr2LE7dvvy4Gp9hgtfM2sgb6dPVlK2XzTpqKasiy6TOxXtwRKUu-5qP6dg67-ICvcL3lY26VlRnnP0FJbODxjXwFc7DqCg5gogafjHlj1u-OJftItjT92ACaT5EZ2VmcFrTc8lns&amp;__tn__=*NK-R\">#provinciadebuenosaires<\/a>. <\/p>\n\n\n\n<p>Por \u00faltimo, Kicillof subray\u00f3: \u201cTengo la tranquilidad de que en la provincia de Buenos Aires nuestro pueblo no es permeable a la ideas del individualismo: somos solidarios y sabemos que, si bien a\u00fan faltan muchas cosas, la \u00fanica forma de conseguirlas es trabajando en conjunto para que nadie se quede afuera\u201d.Estuvieron presentes la jefa de Asesores del Gobernador, Cristina \u00c1lvarez Rodr\u00edguez; la subsecretaria de Salud Mental, Consumos Problem\u00e1ticos y Violencias, Julieta Calmels; los intendentes de Azul, N\u00e9lson Sombra; y de Tapalqu\u00e9, Gustavo Cocconi; el subadministrador general del Instituto de la Vivienda, Hern\u00e1n Ralinqueo; el director regional del IPS, Bernab\u00e9 Leinenn; y el dirigente Juan Carlos Gasparini<\/p>\n","protected":false},"excerpt":{"rendered":"<p>Inagur\u00f2 CAPS<\/p>\n<p class=\"more-link-p\"><a class=\"more-link\" href=\"https:\/\/acasaladillo.com.ar\/?p=60014\">Read more &rarr;<\/a><\/p>\n","protected":false},"author":3,"featured_media":60291,"comment_status":"closed","ping_status":"closed","sticky":false,"template":"","format":"standard","meta":{"_monsterinsights_skip_tracking":false,"footnotes":""},"categories":[1],"tags":[3295],"class_list":["post-60014","post","type-post","status-publish","format-standard","has-post-thumbnail","hentry","category-noticias","tag-kicillof-inauguro-el-nuevo-edificio-del-centro-de-atencion-primaria-de-la-salud-de-barrio-falucho"],"aioseo_notices":[],"_links":{"self":[{"href":"https:\/\/acasaladillo.com.ar\/index.php?rest_route=\/wp\/v2\/posts\/60014","targetHints":{"allow":["GET"]}}],"collection":[{"href":"https:\/\/acasaladillo.com.ar\/index.php?rest_route=\/wp\/v2\/posts"}],"about":[{"href":"https:\/\/acasaladillo.com.ar\/index.php?rest_route=\/wp\/v2\/types\/post"}],"author":[{"embeddable":true,"href":"https:\/\/acasaladillo.com.ar\/index.php?rest_route=\/wp\/v2\/users\/3"}],"replies":[{"embeddable":true,"href":"https:\/\/acasaladillo.com.ar\/index.php?rest_route=%2Fwp%2Fv2%2Fcomments&post=60014"}],"version-history":[{"count":2,"href":"https:\/\/acasaladillo.com.ar\/index.php?rest_route=\/wp\/v2\/posts\/60014\/revisions"}],"predecessor-version":[{"id":60292,"href":"https:\/\/acasaladillo.com.ar\/index.php?rest_route=\/wp\/v2\/posts\/60014\/revisions\/60292"}],"wp:featuredmedia":[{"embeddable":true,"href":"https:\/\/acasaladillo.com.ar\/index.php?rest_route=\/wp\/v2\/media\/60291"}],"wp:attachment":[{"href":"https:\/\/acasaladillo.com.ar\/index.php?rest_route=%2Fwp%2Fv2%2Fmedia&parent=60014"}],"wp:term":[{"taxonomy":"category","embeddable":true,"href":"https:\/\/acasaladillo.com.ar\/index.php?rest_route=%2Fwp%2Fv2%2Fcategories&post=60014"},{"taxonomy":"post_tag","embeddable":true,"href":"https:\/\/acasaladillo.com.ar\/index.php?rest_route=%2Fwp%2Fv2%2Ftags&post=60014"}],"curies":[{"name":"wp","href":"https:\/\/api.w.org\/{rel}","templated":true}]}}