{"id":59999,"date":"2024-05-29T20:07:08","date_gmt":"2024-05-29T23:07:08","guid":{"rendered":"https:\/\/acasaladillo.com.ar\/?p=59999"},"modified":"2024-08-01T14:33:38","modified_gmt":"2024-08-01T17:33:38","slug":"la-nata","status":"publish","type":"post","link":"https:\/\/acasaladillo.com.ar\/?p=59999","title":{"rendered":"La \u00d1ata"},"content":{"rendered":"\n<figure class=\"wp-block-image size-full\"><img loading=\"lazy\" decoding=\"async\" width=\"225\" height=\"225\" src=\"https:\/\/acasaladillo.com.ar\/wp-content\/uploads\/2024\/08\/nata-vazquez-4.jpg\" alt=\"\" class=\"wp-image-60293\" srcset=\"https:\/\/acasaladillo.com.ar\/wp-content\/uploads\/2024\/08\/nata-vazquez-4.jpg 225w, https:\/\/acasaladillo.com.ar\/wp-content\/uploads\/2024\/08\/nata-vazquez-4-160x160.jpg 160w\" sizes=\"auto, (max-width: 225px) 100vw, 225px\" \/><\/figure>\n\n\n\n<p>1930- 2024<\/p>\n\n\n\n<hr class=\"wp-block-separator\"\/>\n\n\n\n<!--more-->\n\n\n\n<p>ODELSIA&nbsp;NOEMI \u201c\u00d1ATA\u201d VAZQUEZ&nbsp; (30-05-1930- 28-05-2024).<\/p>\n\n\n\n<p>\u201cCon la partida de \u201c\u00d1ata\u201d V\u00e1zquez se va un pedazo grande de la historia del radicalismo &nbsp;de Saladillo, fueron m\u00e1s de 70 a\u00f1os&nbsp; de militancia al servicio de causas nobles.&nbsp; \u00d1ata est\u00e1 en la categor\u00eda&nbsp; de esas personas que son imprescindibles\u201d. Carlos Antonio Gorosito.<\/p>\n\n\n\n<p>\u00a0\u201cLe dijo\u00a0Don\u00a0Felipe V\u00e1zquez hace much\u00edsimos a\u00f1os a su hija Odelsia Noem\u00ed \u201c \u00d1ata\u201d V\u00e1zquez al momento\u00a0que ella se afiliaba \u00a0a la UCR \u201cVos no ten\u00e9s idea de\u00a0 lo que es la pol\u00edtica\u201d. \u00a0\u201c\u00d1ata\u201d le contest\u00f3 entonces a su\u00a0 padre \u201cPero si tengo idea de los sentimientos que tengo\u201d.\u00a0 La \u201c\u00d1ata\u201d naci\u00f3 el 30 de marzo\u00a0 de 1930, ella\u00a0 repet\u00eda siempre \u201cNac\u00ed cuando derrocaron a Yrigoyen y cuando metieron preso a mi padre\u201d. Eran tiempos duros \u00a0donde se persegu\u00edan a los opositores \u00a0pol\u00edticos y don Felipe su padre hab\u00eda sufrido en carne propia la persecuci\u00f3n \u00a0pol\u00edtica, por eso la advertencia a su hija.\u00a0Pero \u201c\u00d1ata\u201d ten\u00eda sentimientos que la\u00a0 identificaban con los ideales de Alem, \u00a0Yrigoyen ,\u00a0 de Larralde, de Sabatini\u2026. Es decir, estar junto al pueblo y sus necesidades.<\/p>\n\n\n\n<figure class=\"wp-block-gallery columns-2 is-cropped wp-block-gallery-1 is-layout-flex wp-block-gallery-is-layout-flex\"><ul class=\"blocks-gallery-grid\"><li class=\"blocks-gallery-item\"><figure><img loading=\"lazy\" decoding=\"async\" width=\"237\" height=\"212\" src=\"https:\/\/acasaladillo.com.ar\/wp-content\/uploads\/2024\/08\/nata-vazquez-7.jpg\" alt=\"\" data-id=\"60296\" data-full-url=\"https:\/\/acasaladillo.com.ar\/wp-content\/uploads\/2024\/08\/nata-vazquez-7.jpg\" data-link=\"https:\/\/acasaladillo.com.ar\/?attachment_id=60296\" class=\"wp-image-60296\" srcset=\"https:\/\/acasaladillo.com.ar\/wp-content\/uploads\/2024\/08\/nata-vazquez-7.jpg 237w, https:\/\/acasaladillo.com.ar\/wp-content\/uploads\/2024\/08\/nata-vazquez-7-160x143.jpg 160w\" sizes=\"auto, (max-width: 237px) 100vw, 237px\" \/><\/figure><\/li><li class=\"blocks-gallery-item\"><figure><img loading=\"lazy\" decoding=\"async\" width=\"276\" height=\"183\" src=\"https:\/\/acasaladillo.com.ar\/wp-content\/uploads\/2024\/08\/nata-vazquez-6.jpg\" alt=\"\" data-id=\"60295\" data-full-url=\"https:\/\/acasaladillo.com.ar\/wp-content\/uploads\/2024\/08\/nata-vazquez-6.jpg\" data-link=\"https:\/\/acasaladillo.com.ar\/?attachment_id=60295\" class=\"wp-image-60295\" srcset=\"https:\/\/acasaladillo.com.ar\/wp-content\/uploads\/2024\/08\/nata-vazquez-6.jpg 276w, https:\/\/acasaladillo.com.ar\/wp-content\/uploads\/2024\/08\/nata-vazquez-6-260x172.jpg 260w, https:\/\/acasaladillo.com.ar\/wp-content\/uploads\/2024\/08\/nata-vazquez-6-160x106.jpg 160w\" sizes=\"auto, (max-width: 276px) 100vw, 276px\" \/><\/figure><\/li><\/ul><\/figure>\n\n\n\n<p> En las elecciones internas apoyaba a los candidatos de su preferencia pero luego independientemente del resultado\u00a0 estaba al servicio de los candidatos ganadores.\u00a0 Durante las\u00a0 seis elecciones en que fui el candidato del partido all\u00ed estuvo ella apoy\u00e1ndome. Lo hac\u00eda desde la militancia y desde el afecto. Recuerdo que los domingos, d\u00eda\u00a0 de\u00a0 elecciones en las que yo era candidato, me preparaba pastas que com\u00edamos en el Comit\u00e9, era como una c\u00e1bala m\u00e1s. Su\u00a0 vivienda personal fue\u00a0 siempre un especie de sub-comit\u00e9 all\u00ed se realizaron importantes reuniones donde muchas veces se definieron\u00a0 candidaturas del partido.\u00a0 Ten\u00eda una personalidad\u00a0 que la convert\u00eda en l\u00edder de los\u00a0 grupos donde actuaba ya sea en el \u00e1mbito de la pol\u00edtica como en el \u00e1mbito laboral.\u00a0 Conoc\u00eda la realidad de Saladillo y tambi\u00e9n ten\u00eda una conocimiento acabado de las necesidades \u00a0de la gente en los horarios m\u00e1s ins\u00f3litos por ejemplo pleno verano\u00a0 a partir de las 14 hs acompa\u00f1aba al Dr. Alejandro \u201cTit\u00e1n\u201d Armend\u00e1riz a recorrer\u00a0 a los afiliados y a los vecinos.\u00a0<\/p>\n\n\n\n<figure class=\"wp-block-gallery columns-2 is-cropped wp-block-gallery-2 is-layout-flex wp-block-gallery-is-layout-flex\"><ul class=\"blocks-gallery-grid\"><li class=\"blocks-gallery-item\"><figure><img loading=\"lazy\" decoding=\"async\" width=\"248\" height=\"203\" src=\"https:\/\/acasaladillo.com.ar\/wp-content\/uploads\/2024\/08\/nata-vazquez-1.jpg\" alt=\"\" data-id=\"60297\" data-full-url=\"https:\/\/acasaladillo.com.ar\/wp-content\/uploads\/2024\/08\/nata-vazquez-1.jpg\" data-link=\"https:\/\/acasaladillo.com.ar\/?attachment_id=60297\" class=\"wp-image-60297\" srcset=\"https:\/\/acasaladillo.com.ar\/wp-content\/uploads\/2024\/08\/nata-vazquez-1.jpg 248w, https:\/\/acasaladillo.com.ar\/wp-content\/uploads\/2024\/08\/nata-vazquez-1-160x131.jpg 160w\" sizes=\"auto, (max-width: 248px) 100vw, 248px\" \/><\/figure><\/li><li class=\"blocks-gallery-item\"><figure><img loading=\"lazy\" decoding=\"async\" width=\"275\" height=\"183\" src=\"https:\/\/acasaladillo.com.ar\/wp-content\/uploads\/2024\/08\/nata-vazquez-5.jpg\" alt=\"\" data-id=\"60298\" data-full-url=\"https:\/\/acasaladillo.com.ar\/wp-content\/uploads\/2024\/08\/nata-vazquez-5.jpg\" data-link=\"https:\/\/acasaladillo.com.ar\/?attachment_id=60298\" class=\"wp-image-60298\" srcset=\"https:\/\/acasaladillo.com.ar\/wp-content\/uploads\/2024\/08\/nata-vazquez-5.jpg 275w, https:\/\/acasaladillo.com.ar\/wp-content\/uploads\/2024\/08\/nata-vazquez-5-260x173.jpg 260w, https:\/\/acasaladillo.com.ar\/wp-content\/uploads\/2024\/08\/nata-vazquez-5-160x106.jpg 160w\" sizes=\"auto, (max-width: 275px) 100vw, 275px\" \/><\/figure><\/li><\/ul><\/figure>\n\n\n\n<p> Durante los 24 a\u00f1os consecutivos en los que fui&nbsp; Intendente Municipal me acerco las inquietudes que recog\u00eda de&nbsp; mis convecinos, era una verdadera &nbsp;militante, una militante sin descanso, un \u201ccable a tierra\u201d con la sociedad.&nbsp; Se relacionaba con todos y de distintas ideolog\u00edas&nbsp; pol\u00edticas.&nbsp;Un d\u00eda me llev\u00f3 a&nbsp; visitar&nbsp; a su amiga&nbsp; Irma \u00c1lvarez, una reconocida militante peronista, tambi\u00e9n trabajadora de la salud en el Hospital Dr. Posadas, donde hicimos un repaso de la vida&nbsp; de los dos partidos pol\u00edticos en nuestra ciudad. Una vez que se jubilaron con&nbsp; Irma&nbsp; \u00c1lvarez, toda vez&nbsp; que cobraban la jubilaci\u00f3n sal\u00edan a tomar&nbsp; y comer algo en alg\u00fan bar de la ciudad.&nbsp; Hizo un culto de la amistad. Aguerrida en la lucha pol\u00edtica estuvo&nbsp; entre quienes hace&nbsp; 79 a\u00f1os atr\u00e1s resistieron en mayo de 1955 la intervenci\u00f3n del Municipio por parte del peronismo&nbsp; gobernaba por entonces el Intendente radical Dr. Hilario Armend\u00e1riz. Pero en&nbsp; 1989 fui junto con ella a la casa peronista que estaba en&nbsp;Roca y Mitre&nbsp; a saludarlos porque el Dr. Carl\u00f3s Menem hab\u00eda sido electo Presidente de la Naci\u00f3n.&nbsp; El 28 de mayo el Supremo Hacedor la llam\u00f3 a su lado, profunda tristeza nos caus\u00f3 a sus correligionarios su partida&nbsp; f\u00edsica de este mundo.&nbsp; <\/p>\n\n\n\n<p>Quienes la hemos conocido debemos transmitir su vocaci\u00f3n militante&nbsp; a las futuras generaciones, su compromiso irrenunciable con el radicalismo. Al irse \u00d1ata se va&nbsp; un pedazo de historia de la UCR, se van m\u00e1s de 70 a\u00f1os de militancia ininterrumpida y&nbsp; comprometida. \u00d1ata era tan radical que el \u00fanico pedido que nos hizo siempre fue este: \u201cEl d\u00eda que yo muera quiero que me pasen 5 minutos por el Comit\u00e9\u201d. Rabindranath Tagore dijo: \u201cDorm\u00eda y so\u00f1aba que la vida era alegr\u00eda, despert\u00e9 y vi que la vida era servicio, serv\u00ed y vi que el servicio era alegr\u00eda\u201d. \u00d1ata siempre vivi\u00f3 con alegr\u00eda porque desde que despert\u00f3 a la vida c\u00edvica siempre&nbsp; se dedic\u00f3 a servir, concibi\u00f3 a la vida y a la pol\u00edtica&nbsp; como una actitud de servicio a sus semejantes.&nbsp; Sus&nbsp; correligionarios estamos&nbsp; agradecidos por su&nbsp;&nbsp;lucha&nbsp; y siempre&nbsp;&nbsp;recordaremos su testimonio militante. Bertolt Brecht dec\u00eda: \u201cHay hombres que luchan un d\u00eda y son buenos. Hay otros que luchan un a\u00f1o y son mejores. Hay quienes luchan muchos a\u00f1os y son muy buenos. Pero hay los que luchan toda la vida: esos son los imprescindibles.\u201d \u00d1ata est\u00e1 sin duda en la categor\u00eda de esas personas que son imprescindibles. Hoy la pasamos&nbsp; por el Comit\u00e9 como ella quer\u00eda y all\u00ed le rendimos homenaje.&nbsp;&nbsp;La vamos a extra\u00f1ar.\u201d<\/p>\n\n\n\n<p>&nbsp;Carlos&nbsp; Antonio Gorosito, Ex &#8211; &nbsp;Intendente Municipal&nbsp; (1991-2015), Saladillo&nbsp;29 de Mayo de&nbsp;2024.&nbsp;<\/p>\n","protected":false},"excerpt":{"rendered":"<p>1930- 2024<\/p>\n<p class=\"more-link-p\"><a class=\"more-link\" href=\"https:\/\/acasaladillo.com.ar\/?p=59999\">Read more &rarr;<\/a><\/p>\n","protected":false},"author":3,"featured_media":60296,"comment_status":"closed","ping_status":"closed","sticky":false,"template":"","format":"standard","meta":{"_monsterinsights_skip_tracking":false,"footnotes":""},"categories":[1],"tags":[2202,3294],"class_list":["post-59999","post","type-post","status-publish","format-standard","has-post-thumbnail","hentry","category-noticias","tag-fallecimiento","tag-murio-nata-vazquez"],"aioseo_notices":[],"_links":{"self":[{"href":"https:\/\/acasaladillo.com.ar\/index.php?rest_route=\/wp\/v2\/posts\/59999","targetHints":{"allow":["GET"]}}],"collection":[{"href":"https:\/\/acasaladillo.com.ar\/index.php?rest_route=\/wp\/v2\/posts"}],"about":[{"href":"https:\/\/acasaladillo.com.ar\/index.php?rest_route=\/wp\/v2\/types\/post"}],"author":[{"embeddable":true,"href":"https:\/\/acasaladillo.com.ar\/index.php?rest_route=\/wp\/v2\/users\/3"}],"replies":[{"embeddable":true,"href":"https:\/\/acasaladillo.com.ar\/index.php?rest_route=%2Fwp%2Fv2%2Fcomments&post=59999"}],"version-history":[{"count":2,"href":"https:\/\/acasaladillo.com.ar\/index.php?rest_route=\/wp\/v2\/posts\/59999\/revisions"}],"predecessor-version":[{"id":60299,"href":"https:\/\/acasaladillo.com.ar\/index.php?rest_route=\/wp\/v2\/posts\/59999\/revisions\/60299"}],"wp:featuredmedia":[{"embeddable":true,"href":"https:\/\/acasaladillo.com.ar\/index.php?rest_route=\/wp\/v2\/media\/60296"}],"wp:attachment":[{"href":"https:\/\/acasaladillo.com.ar\/index.php?rest_route=%2Fwp%2Fv2%2Fmedia&parent=59999"}],"wp:term":[{"taxonomy":"category","embeddable":true,"href":"https:\/\/acasaladillo.com.ar\/index.php?rest_route=%2Fwp%2Fv2%2Fcategories&post=59999"},{"taxonomy":"post_tag","embeddable":true,"href":"https:\/\/acasaladillo.com.ar\/index.php?rest_route=%2Fwp%2Fv2%2Ftags&post=59999"}],"curies":[{"name":"wp","href":"https:\/\/api.w.org\/{rel}","templated":true}]}}