{"id":57878,"date":"2023-07-05T15:10:10","date_gmt":"2023-07-05T18:10:10","guid":{"rendered":"https:\/\/acasaladillo.com.ar\/?p=57878"},"modified":"2024-04-12T17:38:20","modified_gmt":"2024-04-12T20:38:20","slug":"pedido","status":"publish","type":"post","link":"https:\/\/acasaladillo.com.ar\/?p=57878","title":{"rendered":"Pedido"},"content":{"rendered":"\n<figure class=\"wp-block-image size-full is-style-rounded\"><img loading=\"lazy\" decoding=\"async\" width=\"286\" height=\"176\" src=\"https:\/\/acasaladillo.com.ar\/wp-content\/uploads\/2023\/07\/descarga.jpg\" alt=\"\" class=\"wp-image-57880\" srcset=\"https:\/\/acasaladillo.com.ar\/wp-content\/uploads\/2023\/07\/descarga.jpg 286w, https:\/\/acasaladillo.com.ar\/wp-content\/uploads\/2023\/07\/descarga-260x160.jpg 260w, https:\/\/acasaladillo.com.ar\/wp-content\/uploads\/2023\/07\/descarga-160x98.jpg 160w\" sizes=\"auto, (max-width: 286px) 100vw, 286px\" \/><\/figure>\n\n\n\n<p>Ayuda!<\/p>\n\n\n\n<hr class=\"wp-block-separator\"\/>\n\n\n\n<!--more-->\n\n\n\n<p>Necesitamos ayuda a nivel nacional para que se haga lo que corresponde en cuanto a educaci\u00f2n&#8230;soy profesora y mam\u00e0 de un alumno de la escuela t\u00e8cnica de Saladillo, el s\u00e0bado a la madrugada 5 menores inadaptados entraron al colegio, rompiendo ventanas y vaciaron &nbsp;los 16 matafuegos dentro de la instituci\u00f2n, rompieron el quiosco interno y se robaron golosinas y dinero que hab\u00eca dentro&#8230;.el polvo del matafuego es sumamente t\u00f3xico y no se puede limpiar como si fuera tierra&#8230;desde el domingo estamos colaborando padres, madres, defensa civil, docentes, alumnos, ex alumnos y comunidad educativa en general para volver a la normalidad&#8230;.los chicos fueron reconocidos y hay 2 de ellos que son alumnos en la actualidad, el tema que nadie le aplica la sansi\u00f2n que se merecen por ser menores y porque no les podemos quitar el derecho a la educaci\u00f2n, pero ellos les quitaron el derecho a la educaci\u00f2n a sus compa\u00f1eros, porque lunes y martes no tuvieron clases, a partir de ma\u00f1ana mi\u00e8rcoles comienzan a tener virtualidad, y por qu\u00e9???<\/p>\n\n\n\n<p>ese polvo rompi\u00f3 m\u00e1quinas del taller, m\u00e1quinas sumamente caras&#8230;.se pidi\u00f3 a la comunidad toda aportar con dinero, y por qu\u00e9&#8230;.estamos todos con mucha impotencia y bronca&#8230;necesitamos &nbsp;que se sepa as\u00ec podemos hacer valer los derechos de los alumnos que S\u00cc, apuestan por su futuro los profesores&nbsp; y pap\u00e0s hicimos una nota para elevar para que se aplique sansi\u00f2n.<\/p>\n\n\n\n<p><\/p>\n\n\n\n<figure class=\"wp-block-gallery columns-2 is-cropped wp-block-gallery-1 is-layout-flex wp-block-gallery-is-layout-flex\"><ul class=\"blocks-gallery-grid\"><li class=\"blocks-gallery-item\"><figure><img loading=\"lazy\" decoding=\"async\" width=\"585\" height=\"1040\" src=\"https:\/\/acasaladillo.com.ar\/wp-content\/uploads\/2023\/07\/1e747d6a-9163-4cef-9a3b-7f55f768daad.jpg\" alt=\"\" data-id=\"57882\" data-full-url=\"https:\/\/acasaladillo.com.ar\/wp-content\/uploads\/2023\/07\/1e747d6a-9163-4cef-9a3b-7f55f768daad.jpg\" data-link=\"https:\/\/acasaladillo.com.ar\/?attachment_id=57882\" class=\"wp-image-57882\" srcset=\"https:\/\/acasaladillo.com.ar\/wp-content\/uploads\/2023\/07\/1e747d6a-9163-4cef-9a3b-7f55f768daad.jpg 585w, https:\/\/acasaladillo.com.ar\/wp-content\/uploads\/2023\/07\/1e747d6a-9163-4cef-9a3b-7f55f768daad-169x300.jpg 169w, https:\/\/acasaladillo.com.ar\/wp-content\/uploads\/2023\/07\/1e747d6a-9163-4cef-9a3b-7f55f768daad-560x996.jpg 560w, https:\/\/acasaladillo.com.ar\/wp-content\/uploads\/2023\/07\/1e747d6a-9163-4cef-9a3b-7f55f768daad-260x462.jpg 260w, https:\/\/acasaladillo.com.ar\/wp-content\/uploads\/2023\/07\/1e747d6a-9163-4cef-9a3b-7f55f768daad-160x284.jpg 160w\" sizes=\"auto, (max-width: 585px) 100vw, 585px\" \/><\/figure><\/li><li class=\"blocks-gallery-item\"><figure><img loading=\"lazy\" decoding=\"async\" width=\"720\" height=\"960\" src=\"https:\/\/acasaladillo.com.ar\/wp-content\/uploads\/2023\/07\/1ef13440-7046-4a82-b03c-9997c7394968-copia.jpg\" alt=\"\" data-id=\"57883\" data-full-url=\"https:\/\/acasaladillo.com.ar\/wp-content\/uploads\/2023\/07\/1ef13440-7046-4a82-b03c-9997c7394968-copia.jpg\" data-link=\"https:\/\/acasaladillo.com.ar\/?attachment_id=57883\" class=\"wp-image-57883\" srcset=\"https:\/\/acasaladillo.com.ar\/wp-content\/uploads\/2023\/07\/1ef13440-7046-4a82-b03c-9997c7394968-copia.jpg 720w, https:\/\/acasaladillo.com.ar\/wp-content\/uploads\/2023\/07\/1ef13440-7046-4a82-b03c-9997c7394968-copia-225x300.jpg 225w, https:\/\/acasaladillo.com.ar\/wp-content\/uploads\/2023\/07\/1ef13440-7046-4a82-b03c-9997c7394968-copia-560x747.jpg 560w, https:\/\/acasaladillo.com.ar\/wp-content\/uploads\/2023\/07\/1ef13440-7046-4a82-b03c-9997c7394968-copia-260x347.jpg 260w, https:\/\/acasaladillo.com.ar\/wp-content\/uploads\/2023\/07\/1ef13440-7046-4a82-b03c-9997c7394968-copia-160x213.jpg 160w\" sizes=\"auto, (max-width: 720px) 100vw, 720px\" \/><\/figure><\/li><li class=\"blocks-gallery-item\"><figure><img loading=\"lazy\" decoding=\"async\" width=\"585\" height=\"1040\" src=\"https:\/\/acasaladillo.com.ar\/wp-content\/uploads\/2023\/07\/8c5afcf2-b43b-4599-8155-d91faecca0eb-copia.jpg\" alt=\"\" data-id=\"57884\" data-full-url=\"https:\/\/acasaladillo.com.ar\/wp-content\/uploads\/2023\/07\/8c5afcf2-b43b-4599-8155-d91faecca0eb-copia.jpg\" data-link=\"https:\/\/acasaladillo.com.ar\/?attachment_id=57884\" class=\"wp-image-57884\" srcset=\"https:\/\/acasaladillo.com.ar\/wp-content\/uploads\/2023\/07\/8c5afcf2-b43b-4599-8155-d91faecca0eb-copia.jpg 585w, https:\/\/acasaladillo.com.ar\/wp-content\/uploads\/2023\/07\/8c5afcf2-b43b-4599-8155-d91faecca0eb-copia-169x300.jpg 169w, https:\/\/acasaladillo.com.ar\/wp-content\/uploads\/2023\/07\/8c5afcf2-b43b-4599-8155-d91faecca0eb-copia-560x996.jpg 560w, https:\/\/acasaladillo.com.ar\/wp-content\/uploads\/2023\/07\/8c5afcf2-b43b-4599-8155-d91faecca0eb-copia-260x462.jpg 260w, https:\/\/acasaladillo.com.ar\/wp-content\/uploads\/2023\/07\/8c5afcf2-b43b-4599-8155-d91faecca0eb-copia-160x284.jpg 160w\" sizes=\"auto, (max-width: 585px) 100vw, 585px\" \/><\/figure><\/li><li class=\"blocks-gallery-item\"><figure><img loading=\"lazy\" decoding=\"async\" width=\"720\" height=\"960\" src=\"https:\/\/acasaladillo.com.ar\/wp-content\/uploads\/2023\/07\/11d8b197-c5f5-4721-bcb0-f6aa61dcd4af-copia.jpg\" alt=\"\" data-id=\"57885\" data-full-url=\"https:\/\/acasaladillo.com.ar\/wp-content\/uploads\/2023\/07\/11d8b197-c5f5-4721-bcb0-f6aa61dcd4af-copia.jpg\" data-link=\"https:\/\/acasaladillo.com.ar\/?attachment_id=57885\" class=\"wp-image-57885\" srcset=\"https:\/\/acasaladillo.com.ar\/wp-content\/uploads\/2023\/07\/11d8b197-c5f5-4721-bcb0-f6aa61dcd4af-copia.jpg 720w, https:\/\/acasaladillo.com.ar\/wp-content\/uploads\/2023\/07\/11d8b197-c5f5-4721-bcb0-f6aa61dcd4af-copia-225x300.jpg 225w, https:\/\/acasaladillo.com.ar\/wp-content\/uploads\/2023\/07\/11d8b197-c5f5-4721-bcb0-f6aa61dcd4af-copia-560x747.jpg 560w, https:\/\/acasaladillo.com.ar\/wp-content\/uploads\/2023\/07\/11d8b197-c5f5-4721-bcb0-f6aa61dcd4af-copia-260x347.jpg 260w, https:\/\/acasaladillo.com.ar\/wp-content\/uploads\/2023\/07\/11d8b197-c5f5-4721-bcb0-f6aa61dcd4af-copia-160x213.jpg 160w\" sizes=\"auto, (max-width: 720px) 100vw, 720px\" \/><\/figure><\/li><li class=\"blocks-gallery-item\"><figure><img loading=\"lazy\" decoding=\"async\" width=\"720\" height=\"1280\" src=\"https:\/\/acasaladillo.com.ar\/wp-content\/uploads\/2023\/07\/293c2c3d-9269-4cc3-a567-3e6ae44da13a.jpg\" alt=\"\" data-id=\"57886\" data-full-url=\"https:\/\/acasaladillo.com.ar\/wp-content\/uploads\/2023\/07\/293c2c3d-9269-4cc3-a567-3e6ae44da13a.jpg\" data-link=\"https:\/\/acasaladillo.com.ar\/?attachment_id=57886\" class=\"wp-image-57886\" srcset=\"https:\/\/acasaladillo.com.ar\/wp-content\/uploads\/2023\/07\/293c2c3d-9269-4cc3-a567-3e6ae44da13a.jpg 720w, https:\/\/acasaladillo.com.ar\/wp-content\/uploads\/2023\/07\/293c2c3d-9269-4cc3-a567-3e6ae44da13a-169x300.jpg 169w, https:\/\/acasaladillo.com.ar\/wp-content\/uploads\/2023\/07\/293c2c3d-9269-4cc3-a567-3e6ae44da13a-560x996.jpg 560w, https:\/\/acasaladillo.com.ar\/wp-content\/uploads\/2023\/07\/293c2c3d-9269-4cc3-a567-3e6ae44da13a-260x462.jpg 260w, https:\/\/acasaladillo.com.ar\/wp-content\/uploads\/2023\/07\/293c2c3d-9269-4cc3-a567-3e6ae44da13a-160x284.jpg 160w\" sizes=\"auto, (max-width: 720px) 100vw, 720px\" \/><\/figure><\/li><li class=\"blocks-gallery-item\"><figure><img loading=\"lazy\" decoding=\"async\" width=\"585\" height=\"1040\" src=\"https:\/\/acasaladillo.com.ar\/wp-content\/uploads\/2023\/07\/692b9b1d-8a54-4030-abb7-e443fa31d984.jpg\" alt=\"\" data-id=\"57887\" data-full-url=\"https:\/\/acasaladillo.com.ar\/wp-content\/uploads\/2023\/07\/692b9b1d-8a54-4030-abb7-e443fa31d984.jpg\" data-link=\"https:\/\/acasaladillo.com.ar\/?attachment_id=57887\" class=\"wp-image-57887\" srcset=\"https:\/\/acasaladillo.com.ar\/wp-content\/uploads\/2023\/07\/692b9b1d-8a54-4030-abb7-e443fa31d984.jpg 585w, https:\/\/acasaladillo.com.ar\/wp-content\/uploads\/2023\/07\/692b9b1d-8a54-4030-abb7-e443fa31d984-169x300.jpg 169w, https:\/\/acasaladillo.com.ar\/wp-content\/uploads\/2023\/07\/692b9b1d-8a54-4030-abb7-e443fa31d984-560x996.jpg 560w, https:\/\/acasaladillo.com.ar\/wp-content\/uploads\/2023\/07\/692b9b1d-8a54-4030-abb7-e443fa31d984-260x462.jpg 260w, https:\/\/acasaladillo.com.ar\/wp-content\/uploads\/2023\/07\/692b9b1d-8a54-4030-abb7-e443fa31d984-160x284.jpg 160w\" sizes=\"auto, (max-width: 585px) 100vw, 585px\" \/><\/figure><\/li><\/ul><\/figure>\n\n\n\n<hr class=\"wp-block-separator\"\/>\n\n\n\n<p>Informe policial | Declararon los padres de los 5 chicos que realizaron los hechos vand\u00e1licos en la escuela t\u00e9cnica Nro. 1<\/p>\n\n\n\n<p>Informa la Comisar\u00eda de Saladillo que el d\u00eda s\u00e1bado 01 de julio se iniciaron actuaciones sumariales en virtud de que autores ignorados hab\u00edan ingresado escalando pared\u00f3n al establecimiento educativo escuela de educaci\u00f3n t\u00e9cnica nro. 1 Gral. Savio de Saladillo y una vez dentro hab\u00eda ocasionado destrozos varios tales como la utilizaci\u00f3n de matafuegos en las distintas aulas entre otros, como as\u00ed tambi\u00e9n arrancar una reja para la sustracci\u00f3n de golosinas del kiosco interno.<\/p>\n\n\n\n<p>Abocado a la tarea investigativa personal de la Comisar\u00eda de Saladillo, y ante la inmediata colaboraci\u00f3n por parte de los integrantes del establecimiento damnificado a cargo de la Directora Laura Tenca, maestros, padres de j\u00f3venes que concurren al colegio y medios period\u00edsticos locales como tambi\u00e9n la recepci\u00f3n de testimonios esenciales y aportes de video filmaciones donde se observa el procedimiento del hecho, se logr\u00f3 individualizar a todos los imputados siendo cinco menores de edad; dos de los cuales son alumnos concurrentes del establecimiento damnificado.&nbsp;<strong>Asimismo, el d\u00eda domingo 02 en horas de la noche se hicieron presente en la Comisar\u00eda de Saladillo los progenitores de los menores imputados, quienes prestaron declaraci\u00f3n testimonial sobre el hecho ocurrido.<\/strong>&nbsp;La totalidad de las actuaciones producidas fueron giradas a la U.F.I.J. nro. 2 a cargo del Dr. Berlingeri perteneciente al Dpto. Judicial de La Plata.-&nbsp;<\/p>\n\n\n\n<p>Fdo. Comisario Grino Maximiliano German \u2013 Titular Comisar\u00eda de Saladillo.-<\/p>\n\n\n\n<hr class=\"wp-block-separator\"\/>\n\n\n\n<h2 class=\"wp-block-heading\" id=\":r28e:\"><a href=\"https:\/\/www.facebook.com\/defensa.civil.90834?__cft__[0]=AZVS44cF0UFCS8zy4CYt-cQbtcLGkrwbbymyI_rJLNEjDmskJFK1N1d6eB6mCNghVDj3cI-aRz_Nu_V7QeFiyBedojEkbFU8TMvjTZ9DtJo32BBeDOrk1OoLGLsakPsOreYimzFlqGO435JZhQNzDUaUwBw8qMr6pOSGSbpY_Tk_ig&amp;__tn__=-UC%2CP-R\"><strong>Defensa Civil Saladillo<\/strong><\/a><\/h2>\n\n\n\n<p><a href=\"https:\/\/www.facebook.com\/defensa.civil.90834#\"><\/a>&nbsp;&nbsp;\u00b7&nbsp;El d\u00eda s\u00e1bado en horas de la ma\u00f1ana fuimos convocados a la escuela t\u00e9cnica n\u00b01 la cual sufrio un hecho de vandalismo en el cual entre otras cosas realizaron la descarga de 12 extintores de polvo qu\u00edmico seco cubriendo en su totalidad pisos, paredes y mobiliario de ambas plantas. Se estableci\u00f3 comunicaci\u00f3n con la dependencia de polic\u00eda ecol\u00f3gica de la Ciudad de la Plata quienes nos brindaron m\u00e1s informaci\u00f3n para realizar el retiro del polvo de manera segura. Quer\u00edamos <a><\/a>agradecer a todos por la convocatoria, a sido una tarea tit\u00e1nica pero en tres horas se logro lo que al principio parec\u00eda que iba a llevar semanas.El vandalismo que sufri\u00f3 la escuela sin dudas marca un antes y un despu\u00e9s ya que aquellos perpetradores hoy no ven una ciudad compungida si no todo lo contrario, vieron que su maldad logr\u00f3 organizar a much\u00edsima gente con buena predisposici\u00f3n que en cuesti\u00f3n de horas puso la escuela de vuelta en su lugar dejando en claro que las instituciones de saladillo cuentan con el apoyo de toda la comunidad. *Muchas gracias a todos*<\/p>\n\n\n\n<figure class=\"wp-block-gallery columns-2 is-cropped wp-block-gallery-2 is-layout-flex wp-block-gallery-is-layout-flex\"><ul class=\"blocks-gallery-grid\"><li class=\"blocks-gallery-item\"><figure><img loading=\"lazy\" decoding=\"async\" width=\"1152\" height=\"2048\" src=\"https:\/\/acasaladillo.com.ar\/wp-content\/uploads\/2023\/07\/1-1.jpg\" alt=\"\" data-id=\"57891\" data-full-url=\"https:\/\/acasaladillo.com.ar\/wp-content\/uploads\/2023\/07\/1-1.jpg\" data-link=\"https:\/\/acasaladillo.com.ar\/?attachment_id=57891\" class=\"wp-image-57891\" srcset=\"https:\/\/acasaladillo.com.ar\/wp-content\/uploads\/2023\/07\/1-1.jpg 1152w, https:\/\/acasaladillo.com.ar\/wp-content\/uploads\/2023\/07\/1-1-169x300.jpg 169w, https:\/\/acasaladillo.com.ar\/wp-content\/uploads\/2023\/07\/1-1-768x1365.jpg 768w, https:\/\/acasaladillo.com.ar\/wp-content\/uploads\/2023\/07\/1-1-864x1536.jpg 864w, https:\/\/acasaladillo.com.ar\/wp-content\/uploads\/2023\/07\/1-1-560x996.jpg 560w, https:\/\/acasaladillo.com.ar\/wp-content\/uploads\/2023\/07\/1-1-260x462.jpg 260w, https:\/\/acasaladillo.com.ar\/wp-content\/uploads\/2023\/07\/1-1-160x284.jpg 160w\" sizes=\"auto, (max-width: 1152px) 100vw, 1152px\" \/><\/figure><\/li><li class=\"blocks-gallery-item\"><figure><img loading=\"lazy\" decoding=\"async\" width=\"1152\" height=\"2048\" src=\"https:\/\/acasaladillo.com.ar\/wp-content\/uploads\/2023\/07\/2.jpg\" alt=\"\" data-id=\"57892\" data-full-url=\"https:\/\/acasaladillo.com.ar\/wp-content\/uploads\/2023\/07\/2.jpg\" data-link=\"https:\/\/acasaladillo.com.ar\/?attachment_id=57892\" class=\"wp-image-57892\" srcset=\"https:\/\/acasaladillo.com.ar\/wp-content\/uploads\/2023\/07\/2.jpg 1152w, https:\/\/acasaladillo.com.ar\/wp-content\/uploads\/2023\/07\/2-169x300.jpg 169w, https:\/\/acasaladillo.com.ar\/wp-content\/uploads\/2023\/07\/2-768x1365.jpg 768w, https:\/\/acasaladillo.com.ar\/wp-content\/uploads\/2023\/07\/2-864x1536.jpg 864w, https:\/\/acasaladillo.com.ar\/wp-content\/uploads\/2023\/07\/2-560x996.jpg 560w, https:\/\/acasaladillo.com.ar\/wp-content\/uploads\/2023\/07\/2-260x462.jpg 260w, https:\/\/acasaladillo.com.ar\/wp-content\/uploads\/2023\/07\/2-160x284.jpg 160w\" sizes=\"auto, (max-width: 1152px) 100vw, 1152px\" \/><\/figure><\/li><li class=\"blocks-gallery-item\"><figure><img loading=\"lazy\" decoding=\"async\" width=\"720\" height=\"960\" src=\"https:\/\/acasaladillo.com.ar\/wp-content\/uploads\/2023\/07\/3.jpg\" alt=\"\" data-id=\"57893\" data-full-url=\"https:\/\/acasaladillo.com.ar\/wp-content\/uploads\/2023\/07\/3.jpg\" data-link=\"https:\/\/acasaladillo.com.ar\/?attachment_id=57893\" class=\"wp-image-57893\" srcset=\"https:\/\/acasaladillo.com.ar\/wp-content\/uploads\/2023\/07\/3.jpg 720w, https:\/\/acasaladillo.com.ar\/wp-content\/uploads\/2023\/07\/3-225x300.jpg 225w, https:\/\/acasaladillo.com.ar\/wp-content\/uploads\/2023\/07\/3-560x747.jpg 560w, https:\/\/acasaladillo.com.ar\/wp-content\/uploads\/2023\/07\/3-260x347.jpg 260w, https:\/\/acasaladillo.com.ar\/wp-content\/uploads\/2023\/07\/3-160x213.jpg 160w\" sizes=\"auto, (max-width: 720px) 100vw, 720px\" \/><\/figure><\/li><li class=\"blocks-gallery-item\"><figure><img loading=\"lazy\" decoding=\"async\" width=\"1152\" height=\"2048\" src=\"https:\/\/acasaladillo.com.ar\/wp-content\/uploads\/2023\/07\/4-1.jpg\" alt=\"\" data-id=\"57894\" data-full-url=\"https:\/\/acasaladillo.com.ar\/wp-content\/uploads\/2023\/07\/4-1.jpg\" data-link=\"https:\/\/acasaladillo.com.ar\/?attachment_id=57894\" class=\"wp-image-57894\" srcset=\"https:\/\/acasaladillo.com.ar\/wp-content\/uploads\/2023\/07\/4-1.jpg 1152w, https:\/\/acasaladillo.com.ar\/wp-content\/uploads\/2023\/07\/4-1-169x300.jpg 169w, https:\/\/acasaladillo.com.ar\/wp-content\/uploads\/2023\/07\/4-1-768x1365.jpg 768w, https:\/\/acasaladillo.com.ar\/wp-content\/uploads\/2023\/07\/4-1-864x1536.jpg 864w, https:\/\/acasaladillo.com.ar\/wp-content\/uploads\/2023\/07\/4-1-560x996.jpg 560w, https:\/\/acasaladillo.com.ar\/wp-content\/uploads\/2023\/07\/4-1-260x462.jpg 260w, https:\/\/acasaladillo.com.ar\/wp-content\/uploads\/2023\/07\/4-1-160x284.jpg 160w\" sizes=\"auto, (max-width: 1152px) 100vw, 1152px\" \/><\/figure><\/li><li class=\"blocks-gallery-item\"><figure><img loading=\"lazy\" decoding=\"async\" width=\"682\" height=\"869\" src=\"https:\/\/acasaladillo.com.ar\/wp-content\/uploads\/2023\/07\/5.jpg\" alt=\"\" data-id=\"57895\" data-full-url=\"https:\/\/acasaladillo.com.ar\/wp-content\/uploads\/2023\/07\/5.jpg\" data-link=\"https:\/\/acasaladillo.com.ar\/?attachment_id=57895\" class=\"wp-image-57895\" srcset=\"https:\/\/acasaladillo.com.ar\/wp-content\/uploads\/2023\/07\/5.jpg 682w, https:\/\/acasaladillo.com.ar\/wp-content\/uploads\/2023\/07\/5-235x300.jpg 235w, https:\/\/acasaladillo.com.ar\/wp-content\/uploads\/2023\/07\/5-560x714.jpg 560w, https:\/\/acasaladillo.com.ar\/wp-content\/uploads\/2023\/07\/5-260x331.jpg 260w, https:\/\/acasaladillo.com.ar\/wp-content\/uploads\/2023\/07\/5-160x204.jpg 160w\" sizes=\"auto, (max-width: 682px) 100vw, 682px\" \/><\/figure><\/li><\/ul><\/figure>\n\n\n\n<hr class=\"wp-block-separator\"\/>\n\n\n\n<p><strong>Escuela de Educaci\u00f3n Secundaria T\u00e9cnica N 1 \u00abGral. Savio\u00bb Saladillo<\/strong><br><br>Infinitas gracias a todos y cada uno quienes con su trabajo, mensajes de aliento , acompa\u00f1amiento y donacion de materiales de limpieza nos ayudaron a en este tan dif\u00edcil momento. Gracias a DEFENSA CIVIL, ASOCIACION COOPERADORA, FAMILIAS , ESTUDIANTES, DOCENTES, AUXILIARES MUNICIPALIDAD DE SALADILLO, POLIC\u00cdA LOCAL, CONSEJO ESCOLAR, INSPECTORAS DISTRITAL, DE AREA TECNICA Y PSICOLOGIA y COMUNIDAD DE SALADILLO TODA. Juntos somos m\u00e1s\u2026..<\/p>\n\n\n\n<figure class=\"wp-block-image size-full\"><img loading=\"lazy\" decoding=\"async\" width=\"710\" height=\"400\" src=\"https:\/\/acasaladillo.com.ar\/wp-content\/uploads\/2023\/07\/1.jpg\" alt=\"\" class=\"wp-image-57890\" srcset=\"https:\/\/acasaladillo.com.ar\/wp-content\/uploads\/2023\/07\/1.jpg 710w, https:\/\/acasaladillo.com.ar\/wp-content\/uploads\/2023\/07\/1-300x169.jpg 300w, https:\/\/acasaladillo.com.ar\/wp-content\/uploads\/2023\/07\/1-560x315.jpg 560w, https:\/\/acasaladillo.com.ar\/wp-content\/uploads\/2023\/07\/1-260x146.jpg 260w, https:\/\/acasaladillo.com.ar\/wp-content\/uploads\/2023\/07\/1-160x90.jpg 160w\" sizes=\"auto, (max-width: 710px) 100vw, 710px\" \/><\/figure>\n\n\n\n<hr class=\"wp-block-separator\"\/>\n\n\n\n<p>Desde ACASaladillo preguntas que nos hacemos por los hechos vand\u00e1licos en la escuela t\u00e9cnica Nro. 1<\/p>\n\n\n\n<p><br>*Los padres deber\u00edas ser responsable de lo que hicieron al establecimiento?*Si algunos ellos concurre al estableciemto, ser\u00e0 expulsado?<br>*Cuantos fueron 4 o 5?<br>*No podemos saber los nombres de los padres que declaron? porque se oculta, si ellos son mayores?<br>*En la redes circulan nombres que aparetemente no fueron ellos, se trata de confudir?<br>*Cuando se retomaran las clases\u2026, o por ahora no?<br>*Porque las autoridades del colegio, no da explicaci\u00f2n de la actitud a tomar?<br>*Lo \u00f9nico que si sabemos de un \u00abvaliente\u00bb profesor Fernando Fanesi que ni bien lleg\u00f2, hizo la denuncia como corresponde.<br>De ahi en m\u00e0s\u2026, solo preguntas flatando.., y lamento porsupuesto por semejande v\u00e0ndalismo<\/p>\n\n\n\n<figure class=\"wp-block-image size-full\"><img loading=\"lazy\" decoding=\"async\" width=\"720\" height=\"1280\" src=\"https:\/\/acasaladillo.com.ar\/wp-content\/uploads\/2023\/07\/e54fa6c2-f831-4c4a-a52c-3818c0aa432a.jpg\" alt=\"\" class=\"wp-image-57888\" srcset=\"https:\/\/acasaladillo.com.ar\/wp-content\/uploads\/2023\/07\/e54fa6c2-f831-4c4a-a52c-3818c0aa432a.jpg 720w, https:\/\/acasaladillo.com.ar\/wp-content\/uploads\/2023\/07\/e54fa6c2-f831-4c4a-a52c-3818c0aa432a-169x300.jpg 169w, https:\/\/acasaladillo.com.ar\/wp-content\/uploads\/2023\/07\/e54fa6c2-f831-4c4a-a52c-3818c0aa432a-560x996.jpg 560w, https:\/\/acasaladillo.com.ar\/wp-content\/uploads\/2023\/07\/e54fa6c2-f831-4c4a-a52c-3818c0aa432a-260x462.jpg 260w, https:\/\/acasaladillo.com.ar\/wp-content\/uploads\/2023\/07\/e54fa6c2-f831-4c4a-a52c-3818c0aa432a-160x284.jpg 160w\" sizes=\"auto, (max-width: 720px) 100vw, 720px\" \/><\/figure>\n\n\n\n<hr class=\"wp-block-separator\"\/>\n\n\n\n<p>Saladillo, 7 de julio de 2023<\/p>\n\n\n\n<p>En el d\u00eda de la fecha el cuerpo de consejeros escolares genero el recorrido de la instituci\u00f3n junto al Inspector de Infraestructura y proveedores especializados quienes determinan la realizaci\u00f3n de:*Informe t\u00e9cnico de gas.*Informe t\u00e9cnico de electricidad.*Informe de las caracter\u00edsticas del producto derramado.Dichas actividades se realizan a partir del d\u00eda de la fecha, finalizadas las actividades de limpieza y aspirado del polvo emanado por los extintores.Todos los informes ser\u00e1n legalmente avalados por sus correspondientes colegios, luego de dichos informes, el inspector de infraestructura realizar\u00e1 el informe final para determinar si las condiciones son adecuadas para retomar plenamente las actividades, determinando un regreso seguro a la escuela para toda la comunidad educativa.En la tarea mencionada no se puede precisar el tiempo estimado de culminaci\u00f3n.No obstante, se est\u00e1 trabajando agilizadamente para finalizar la misma.Posterior a dicha supervisi\u00f3n de cada una de las instalaciones y equipos del edificio, el Consejo Escolar elaborar\u00e1 un plan de evaluaci\u00f3n de da\u00f1os de manera temporalizado, considerando la corrosi\u00f3n generada con el uso y el paso del tiempo.Hasta tanto no se garantice dichas condiciones de habitabilidad, la totalidad del cuerpo docente, \u00e1reas de teor\u00eda y \u00e1reas de taller, llevar\u00e1n a cabo la continuidad pedag\u00f3gica de manera NO PRESENCIAL.Agradecemos a cada una de las personas y organismos que se pusieron a disposici\u00f3n de la instituci\u00f3n en las actividades de limpieza y acondicionamiento.<\/p>\n\n\n\n<hr class=\"wp-block-separator\"\/>\n\n\n\n<p>Saladillo, 7 de julio de 2023<br>En el d\u00eda de la fecha el cuerpo de consejeros escolares genero el recorrido de la instituci\u00f3n junto al Inspector de Infraestructura y proveedores especializados quienes determinan la realizaci\u00f3n de:<br>*Informe t\u00e9cnico de gas.<br>*Informe t\u00e9cnico de electricidad.<br>*Informe de las caracter\u00edsticas del producto derramado.<br>Dichas actividades se realizan a partir del d\u00eda de la fecha, finalizadas las actividades de limpieza y aspirado del polvo emanado por los extintores.<br>Todos los informes ser\u00e1n legalmente avalados por sus correspondientes colegios, luego de dichos informes, el inspector de infraestructura realizar\u00e1 el informe final para determinar si las condiciones son adecuadas para retomar plenamente las actividades, determinando un regreso seguro a la escuela para toda la comunidad educativa.<br>En la tarea mencionada no se puede precisar el tiempo estimado de culminaci\u00f3n.<br>No obstante, se est\u00e1 trabajando agilizadamente para finalizar la misma.<br>Posterior a dicha supervisi\u00f3n de cada una de las instalaciones y equipos del edificio, el Consejo Escolar elaborar\u00e1 un plan de evaluaci\u00f3n de da\u00f1os de manera temporalizado, considerando la corrosi\u00f3n generada con el uso y el paso del tiempo.<br>Hasta tanto no se garantice dichas condiciones de habitabilidad, la totalidad del cuerpo docente, \u00e1reas de teor\u00eda y \u00e1reas de taller, llevar\u00e1n a cabo la continuidad pedag\u00f3gica de manera NO PRESENCIAL.<br>Agradecemos a cada una de las personas y organismos que se pusieron a disposici\u00f3n de la instituci\u00f3n en las actividades de limpieza y acondicionamiento.<\/p>\n\n\n\n<hr class=\"wp-block-separator\"\/>\n\n\n\n<p>CARTA  DE LOS  PADRES<\/p>\n\n\n\n<p>Julio 10, 2023<\/p>\n\n\n\n<p>Padres de alumnos de la Escuela educaci\u00f3n t\u00e9cnica superior N1 exigen el inicio de las clases presenciales y una sanci\u00f3n ejemplar a los alumnos que hicieron los hechos vand\u00e1licosA los alumnos que realizaron los hechos vand\u00e1licos en la escuela de educaci\u00f3n t\u00e9cnica NO le aplicar\u00edan sanciones disciplinarias ya que se prioriza otros aspectos de la educaci\u00f3n y formaci\u00f3n.Nos dirigimos a Usted (consejo escolar) con el objetivo de solicitar a trav\u00e9s de la presente nota, se instrumenten las medidas necesarias para que comiencen con car\u00e1cter de suma urgencia las clases presenciales en la Escuela de Educaci\u00f3n T\u00e9cnica N\u00ba 1 de Saladillo. Consideramos que una semana despu\u00e9s del suceso ocurrido es tiempo suficiente para el inicio de las mismas. Sabemos del trabajo realizado en la Escuela por padres, docentes, auxiliares y alumnos, quienes dejaron la Escuela en condiciones de ser habitada nuevamente, por lo tanto exigimos la realizaci\u00f3n inmediata de los informes necesarios para habilitarla, y que esta semana nuestros hijos est\u00e9n en la escuela.Nos manifestamos en total disconformidad con la manera de proceder de las autoridades correspondientes frente a la gravedad de lo ocurrido, y solicitamos respuestas urgentes, con respecto a:El inmediato comienzo de las clases presenciales. (La continuidad pedag\u00f3gica que se nos asegur\u00f3 a los padres no se est\u00e1 cumpliendo, porque solo consiste en enviar tareas a los alumnos, los cuales necesitan el contacto cotidiano y el intercambio con los profesores)La sanci\u00f3n institucional que van a recibir los responsables del hecho vand\u00e1lico, quienes s\u00ed asumieron ante los directivos su autor\u00eda, por lo tanto son responsables y deben ser sancionados, para transmitir con la sanci\u00f3n un ejemplo a todos los alumnos, y porque es necesario transmitir que nuestros actos tienen consecuencias, y no consagrar la impunidad que otorga no tener que enfrentar las mismas, y dar lugar as\u00ed a posibles nuevos hechos similares.El modo de intervenci\u00f3n que se ha pensado para abordar con los alumnos la situaci\u00f3n traum\u00e0tica vivida, que ha generado en toda la comunidad educativa una gran conmoci\u00f3n y sentimientos muy profundos de angustia, enojo, impotencia, etc.Quedamos a la espera de una pronta respuesta a estas inquietudes que nos urgen como comunidad educativa de la Escuela T\u00e8cnica<\/p>\n\n\n\n<hr class=\"wp-block-separator\"\/>\n\n\n\n<p>Escuela T\u00e9cnica N\u00b01<br>El d\u00eda martes 9 de abril, a trav\u00e9s de C\u00c9DULA DE NOTIFICACI\u00d3N se nos informa por disposici\u00f3n del Juzgado de Garant\u00edas del Joven N\u00b03, Departamento judicial La Plata, que se resolvi\u00f3 elevar a Juicio la causa por los da\u00f1os ocasionados el 1 de julio de 2023 en la escuela, por el delito de da\u00f1o agravado por ser ejecutado en cosas y o bienes de uso p\u00fablico\u2026\u2026 y que ser\u00e1 tratado por el Juzgado de Responsabilidad Penal Juvenil que resulte asignado.<br>Sin otro particular, saludo a todos muy atentamente.<br>Laura Silvina Tenca<br>Directora<br>EEST N\u00ba1 \u00abGral Savio\u00bb<br>Regi\u00f3n 24- Saladillo<br>Buenos Aires- Argentina<\/p>\n","protected":false},"excerpt":{"rendered":"<p>Ayuda!<\/p>\n<p class=\"more-link-p\"><a class=\"more-link\" href=\"https:\/\/acasaladillo.com.ar\/?p=57878\">Read more &rarr;<\/a><\/p>\n","protected":false},"author":3,"featured_media":57889,"comment_status":"closed","ping_status":"closed","sticky":false,"template":"","format":"standard","meta":{"_monsterinsights_skip_tracking":false,"footnotes":""},"categories":[1],"tags":[1134,858],"class_list":["post-57878","post","type-post","status-publish","format-standard","has-post-thumbnail","hentry","category-noticias","tag-escuela-tecnica-nro-1","tag-vandalismo"],"aioseo_notices":[],"_links":{"self":[{"href":"https:\/\/acasaladillo.com.ar\/index.php?rest_route=\/wp\/v2\/posts\/57878","targetHints":{"allow":["GET"]}}],"collection":[{"href":"https:\/\/acasaladillo.com.ar\/index.php?rest_route=\/wp\/v2\/posts"}],"about":[{"href":"https:\/\/acasaladillo.com.ar\/index.php?rest_route=\/wp\/v2\/types\/post"}],"author":[{"embeddable":true,"href":"https:\/\/acasaladillo.com.ar\/index.php?rest_route=\/wp\/v2\/users\/3"}],"replies":[{"embeddable":true,"href":"https:\/\/acasaladillo.com.ar\/index.php?rest_route=%2Fwp%2Fv2%2Fcomments&post=57878"}],"version-history":[{"count":7,"href":"https:\/\/acasaladillo.com.ar\/index.php?rest_route=\/wp\/v2\/posts\/57878\/revisions"}],"predecessor-version":[{"id":59783,"href":"https:\/\/acasaladillo.com.ar\/index.php?rest_route=\/wp\/v2\/posts\/57878\/revisions\/59783"}],"wp:featuredmedia":[{"embeddable":true,"href":"https:\/\/acasaladillo.com.ar\/index.php?rest_route=\/wp\/v2\/media\/57889"}],"wp:attachment":[{"href":"https:\/\/acasaladillo.com.ar\/index.php?rest_route=%2Fwp%2Fv2%2Fmedia&parent=57878"}],"wp:term":[{"taxonomy":"category","embeddable":true,"href":"https:\/\/acasaladillo.com.ar\/index.php?rest_route=%2Fwp%2Fv2%2Fcategories&post=57878"},{"taxonomy":"post_tag","embeddable":true,"href":"https:\/\/acasaladillo.com.ar\/index.php?rest_route=%2Fwp%2Fv2%2Ftags&post=57878"}],"curies":[{"name":"wp","href":"https:\/\/api.w.org\/{rel}","templated":true}]}}