{"id":57776,"date":"2023-06-14T13:52:27","date_gmt":"2023-06-14T16:52:27","guid":{"rendered":"https:\/\/acasaladillo.com.ar\/?p=57776"},"modified":"2023-06-14T13:52:46","modified_gmt":"2023-06-14T16:52:46","slug":"edad-90","status":"publish","type":"post","link":"https:\/\/acasaladillo.com.ar\/?p=57776","title":{"rendered":"Edad: 90"},"content":{"rendered":"\n<figure class=\"wp-block-image size-full is-style-rounded\"><img loading=\"lazy\" decoding=\"async\" width=\"500\" height=\"410\" src=\"https:\/\/acasaladillo.com.ar\/wp-content\/uploads\/2023\/06\/d7f4abc0-71f0-4d86-8344-a0a64f106bd7-1.jpg\" alt=\"\" class=\"wp-image-57777\" srcset=\"https:\/\/acasaladillo.com.ar\/wp-content\/uploads\/2023\/06\/d7f4abc0-71f0-4d86-8344-a0a64f106bd7-1.jpg 500w, https:\/\/acasaladillo.com.ar\/wp-content\/uploads\/2023\/06\/d7f4abc0-71f0-4d86-8344-a0a64f106bd7-1-300x246.jpg 300w, https:\/\/acasaladillo.com.ar\/wp-content\/uploads\/2023\/06\/d7f4abc0-71f0-4d86-8344-a0a64f106bd7-1-260x213.jpg 260w, https:\/\/acasaladillo.com.ar\/wp-content\/uploads\/2023\/06\/d7f4abc0-71f0-4d86-8344-a0a64f106bd7-1-160x131.jpg 160w\" sizes=\"auto, (max-width: 500px) 100vw, 500px\" \/><\/figure>\n\n\n\n<p>  Trayectoria: 75 <\/p>\n\n\n\n<hr class=\"wp-block-separator\"\/>\n\n\n\n<!--more-->\n\n\n\n<p><strong>FELICITACIONES N\u00c9STOR C\u00c9SAR MANCINI<\/strong><\/p>\n\n\n\n<p>Con m\u00e1s de 75 a\u00f1os de trayectoria teatral, fue reconocido como Ciudadano Distinguido por el Honorable Concejo Deliberante.<\/p>\n\n\n\n<p>La Municipalidad de Saladillo felicita al se\u00f1or N\u00c9STOR C\u00c9SAR MANCINI, qui\u00e9n en el d\u00eda de ayer, fue reconocido como Ciudadano Distinguido de Saladillo, por el Honorable Concejo Deliberante en una Sesi\u00f3n Especial.<\/p>\n\n\n\n<figure class=\"wp-block-gallery columns-2 is-cropped wp-block-gallery-1 is-layout-flex wp-block-gallery-is-layout-flex\"><ul class=\"blocks-gallery-grid\"><li class=\"blocks-gallery-item\"><figure><img loading=\"lazy\" decoding=\"async\" width=\"500\" height=\"449\" src=\"https:\/\/acasaladillo.com.ar\/wp-content\/uploads\/2023\/06\/0-3.jpg\" alt=\"\" data-id=\"57778\" data-full-url=\"https:\/\/acasaladillo.com.ar\/wp-content\/uploads\/2023\/06\/0-3.jpg\" data-link=\"https:\/\/acasaladillo.com.ar\/?attachment_id=57778\" class=\"wp-image-57778\" srcset=\"https:\/\/acasaladillo.com.ar\/wp-content\/uploads\/2023\/06\/0-3.jpg 500w, https:\/\/acasaladillo.com.ar\/wp-content\/uploads\/2023\/06\/0-3-300x269.jpg 300w, https:\/\/acasaladillo.com.ar\/wp-content\/uploads\/2023\/06\/0-3-260x233.jpg 260w, https:\/\/acasaladillo.com.ar\/wp-content\/uploads\/2023\/06\/0-3-160x144.jpg 160w\" sizes=\"auto, (max-width: 500px) 100vw, 500px\" \/><\/figure><\/li><li class=\"blocks-gallery-item\"><figure><img loading=\"lazy\" decoding=\"async\" width=\"488\" height=\"500\" src=\"https:\/\/acasaladillo.com.ar\/wp-content\/uploads\/2023\/06\/5d5927fa-6192-4881-9ba6-b01a0c4a1626.jpg\" alt=\"\" data-id=\"57779\" data-full-url=\"https:\/\/acasaladillo.com.ar\/wp-content\/uploads\/2023\/06\/5d5927fa-6192-4881-9ba6-b01a0c4a1626.jpg\" data-link=\"https:\/\/acasaladillo.com.ar\/?attachment_id=57779\" class=\"wp-image-57779\" srcset=\"https:\/\/acasaladillo.com.ar\/wp-content\/uploads\/2023\/06\/5d5927fa-6192-4881-9ba6-b01a0c4a1626.jpg 488w, https:\/\/acasaladillo.com.ar\/wp-content\/uploads\/2023\/06\/5d5927fa-6192-4881-9ba6-b01a0c4a1626-293x300.jpg 293w, https:\/\/acasaladillo.com.ar\/wp-content\/uploads\/2023\/06\/5d5927fa-6192-4881-9ba6-b01a0c4a1626-260x266.jpg 260w, https:\/\/acasaladillo.com.ar\/wp-content\/uploads\/2023\/06\/5d5927fa-6192-4881-9ba6-b01a0c4a1626-160x164.jpg 160w\" sizes=\"auto, (max-width: 488px) 100vw, 488px\" \/><\/figure><\/li><li class=\"blocks-gallery-item\"><figure><img loading=\"lazy\" decoding=\"async\" width=\"500\" height=\"406\" src=\"https:\/\/acasaladillo.com.ar\/wp-content\/uploads\/2023\/06\/39f0e29b-cc1b-4ac4-b53e-4057765fe1dd.jpg\" alt=\"\" data-id=\"57780\" data-full-url=\"https:\/\/acasaladillo.com.ar\/wp-content\/uploads\/2023\/06\/39f0e29b-cc1b-4ac4-b53e-4057765fe1dd.jpg\" data-link=\"https:\/\/acasaladillo.com.ar\/?attachment_id=57780\" class=\"wp-image-57780\" srcset=\"https:\/\/acasaladillo.com.ar\/wp-content\/uploads\/2023\/06\/39f0e29b-cc1b-4ac4-b53e-4057765fe1dd.jpg 500w, https:\/\/acasaladillo.com.ar\/wp-content\/uploads\/2023\/06\/39f0e29b-cc1b-4ac4-b53e-4057765fe1dd-300x244.jpg 300w, https:\/\/acasaladillo.com.ar\/wp-content\/uploads\/2023\/06\/39f0e29b-cc1b-4ac4-b53e-4057765fe1dd-260x211.jpg 260w, https:\/\/acasaladillo.com.ar\/wp-content\/uploads\/2023\/06\/39f0e29b-cc1b-4ac4-b53e-4057765fe1dd-160x130.jpg 160w\" sizes=\"auto, (max-width: 500px) 100vw, 500px\" \/><\/figure><\/li><li class=\"blocks-gallery-item\"><figure><img loading=\"lazy\" decoding=\"async\" width=\"490\" height=\"500\" src=\"https:\/\/acasaladillo.com.ar\/wp-content\/uploads\/2023\/06\/351840b9-b9cd-4b00-b990-129fb9e33e35.jpg\" alt=\"\" data-id=\"57781\" data-full-url=\"https:\/\/acasaladillo.com.ar\/wp-content\/uploads\/2023\/06\/351840b9-b9cd-4b00-b990-129fb9e33e35.jpg\" data-link=\"https:\/\/acasaladillo.com.ar\/?attachment_id=57781\" class=\"wp-image-57781\" srcset=\"https:\/\/acasaladillo.com.ar\/wp-content\/uploads\/2023\/06\/351840b9-b9cd-4b00-b990-129fb9e33e35.jpg 490w, https:\/\/acasaladillo.com.ar\/wp-content\/uploads\/2023\/06\/351840b9-b9cd-4b00-b990-129fb9e33e35-294x300.jpg 294w, https:\/\/acasaladillo.com.ar\/wp-content\/uploads\/2023\/06\/351840b9-b9cd-4b00-b990-129fb9e33e35-260x265.jpg 260w, https:\/\/acasaladillo.com.ar\/wp-content\/uploads\/2023\/06\/351840b9-b9cd-4b00-b990-129fb9e33e35-160x163.jpg 160w\" sizes=\"auto, (max-width: 490px) 100vw, 490px\" \/><\/figure><\/li><\/ul><\/figure>\n\n\n\n<p>N\u00e9stor ha sido un formador de muchas personas que desarrollaron o desarrollan alg\u00fan tipo de actividad teatral, ya que desde sus 15 a\u00f1os conform\u00f3 tres grupos de teatro en nuestro medio: \u201cEl\u00edas Alippi\u201d, el \u201cTaller de Teatro Contempor\u00e1neo\u201d y \u201cLa Escalera\u201d.<br>Mancini trabaj\u00f3 adem\u00e1s en Canal 9, realizando variedad de tareas, hasta lograr participaciones junto a grandes actores y actrices del espect\u00e1culo argentino, siendo algunas de sus participaciones en el ciclo de Alta Comedia como: \u201cLo mejor de nuestras vidas, nuestros hijos\u201d; \u201cEl Retorno\u201d; \u201cLa casa junto al r\u00edo\u201d; \u201cTrampa para un so\u00f1ador\u201d, etc.<\/p>\n\n\n\n<figure class=\"wp-block-gallery columns-2 is-cropped wp-block-gallery-2 is-layout-flex wp-block-gallery-is-layout-flex\"><ul class=\"blocks-gallery-grid\"><li class=\"blocks-gallery-item\"><figure><img loading=\"lazy\" decoding=\"async\" width=\"500\" height=\"325\" src=\"https:\/\/acasaladillo.com.ar\/wp-content\/uploads\/2023\/06\/53b8075a-6ffc-41d0-8ad2-72ff611f511c.jpg\" alt=\"\" data-id=\"57782\" data-full-url=\"https:\/\/acasaladillo.com.ar\/wp-content\/uploads\/2023\/06\/53b8075a-6ffc-41d0-8ad2-72ff611f511c.jpg\" data-link=\"https:\/\/acasaladillo.com.ar\/?attachment_id=57782\" class=\"wp-image-57782\" srcset=\"https:\/\/acasaladillo.com.ar\/wp-content\/uploads\/2023\/06\/53b8075a-6ffc-41d0-8ad2-72ff611f511c.jpg 500w, https:\/\/acasaladillo.com.ar\/wp-content\/uploads\/2023\/06\/53b8075a-6ffc-41d0-8ad2-72ff611f511c-300x195.jpg 300w, https:\/\/acasaladillo.com.ar\/wp-content\/uploads\/2023\/06\/53b8075a-6ffc-41d0-8ad2-72ff611f511c-260x169.jpg 260w, https:\/\/acasaladillo.com.ar\/wp-content\/uploads\/2023\/06\/53b8075a-6ffc-41d0-8ad2-72ff611f511c-160x104.jpg 160w\" sizes=\"auto, (max-width: 500px) 100vw, 500px\" \/><\/figure><\/li><li class=\"blocks-gallery-item\"><figure><img loading=\"lazy\" decoding=\"async\" width=\"500\" height=\"285\" src=\"https:\/\/acasaladillo.com.ar\/wp-content\/uploads\/2023\/06\/83c64589-5fbe-487b-b5af-235581b54ac8.jpg\" alt=\"\" data-id=\"57783\" data-full-url=\"https:\/\/acasaladillo.com.ar\/wp-content\/uploads\/2023\/06\/83c64589-5fbe-487b-b5af-235581b54ac8.jpg\" data-link=\"https:\/\/acasaladillo.com.ar\/?attachment_id=57783\" class=\"wp-image-57783\" srcset=\"https:\/\/acasaladillo.com.ar\/wp-content\/uploads\/2023\/06\/83c64589-5fbe-487b-b5af-235581b54ac8.jpg 500w, https:\/\/acasaladillo.com.ar\/wp-content\/uploads\/2023\/06\/83c64589-5fbe-487b-b5af-235581b54ac8-300x171.jpg 300w, https:\/\/acasaladillo.com.ar\/wp-content\/uploads\/2023\/06\/83c64589-5fbe-487b-b5af-235581b54ac8-260x148.jpg 260w, https:\/\/acasaladillo.com.ar\/wp-content\/uploads\/2023\/06\/83c64589-5fbe-487b-b5af-235581b54ac8-160x91.jpg 160w\" sizes=\"auto, (max-width: 500px) 100vw, 500px\" \/><\/figure><\/li><li class=\"blocks-gallery-item\"><figure><img loading=\"lazy\" decoding=\"async\" width=\"500\" height=\"302\" src=\"https:\/\/acasaladillo.com.ar\/wp-content\/uploads\/2023\/06\/169bc1f3-c645-4bc5-89af-afe616d87834.jpg\" alt=\"\" data-id=\"57784\" data-full-url=\"https:\/\/acasaladillo.com.ar\/wp-content\/uploads\/2023\/06\/169bc1f3-c645-4bc5-89af-afe616d87834.jpg\" data-link=\"https:\/\/acasaladillo.com.ar\/?attachment_id=57784\" class=\"wp-image-57784\" srcset=\"https:\/\/acasaladillo.com.ar\/wp-content\/uploads\/2023\/06\/169bc1f3-c645-4bc5-89af-afe616d87834.jpg 500w, https:\/\/acasaladillo.com.ar\/wp-content\/uploads\/2023\/06\/169bc1f3-c645-4bc5-89af-afe616d87834-300x181.jpg 300w, https:\/\/acasaladillo.com.ar\/wp-content\/uploads\/2023\/06\/169bc1f3-c645-4bc5-89af-afe616d87834-260x157.jpg 260w, https:\/\/acasaladillo.com.ar\/wp-content\/uploads\/2023\/06\/169bc1f3-c645-4bc5-89af-afe616d87834-160x97.jpg 160w\" sizes=\"auto, (max-width: 500px) 100vw, 500px\" \/><\/figure><\/li><li class=\"blocks-gallery-item\"><figure><img loading=\"lazy\" decoding=\"async\" width=\"500\" height=\"343\" src=\"https:\/\/acasaladillo.com.ar\/wp-content\/uploads\/2023\/06\/978c9bc7-3b17-4e56-81c8-ce017f37bf6e-1.jpg\" alt=\"\" data-id=\"57785\" data-full-url=\"https:\/\/acasaladillo.com.ar\/wp-content\/uploads\/2023\/06\/978c9bc7-3b17-4e56-81c8-ce017f37bf6e-1.jpg\" data-link=\"https:\/\/acasaladillo.com.ar\/?attachment_id=57785\" class=\"wp-image-57785\" srcset=\"https:\/\/acasaladillo.com.ar\/wp-content\/uploads\/2023\/06\/978c9bc7-3b17-4e56-81c8-ce017f37bf6e-1.jpg 500w, https:\/\/acasaladillo.com.ar\/wp-content\/uploads\/2023\/06\/978c9bc7-3b17-4e56-81c8-ce017f37bf6e-1-300x206.jpg 300w, https:\/\/acasaladillo.com.ar\/wp-content\/uploads\/2023\/06\/978c9bc7-3b17-4e56-81c8-ce017f37bf6e-1-260x178.jpg 260w, https:\/\/acasaladillo.com.ar\/wp-content\/uploads\/2023\/06\/978c9bc7-3b17-4e56-81c8-ce017f37bf6e-1-160x110.jpg 160w\" sizes=\"auto, (max-width: 500px) 100vw, 500px\" \/><\/figure><\/li><\/ul><\/figure>\n\n\n\n<p>En 1.980 aproximadamente, fue convocado por un grupo de actores y actrices locales y conformaron el Taller de Teatro Contempor\u00e1neo, con el cual particip\u00f3 de numerosas muestras Regionales, Provinciales y Nacionales, recibiendo premiaciones.<br>Finalmente, form\u00f3 el grupo \u201cLa Escalera\u201d, cuya primera presentaci\u00f3n fue en diciembre de 2010; y el 29 de abril de este a\u00f1o, este grupo homenaje\u00f3 y despidi\u00f3 a su director con dos obras en \u00abCasa Soba\u00bb.<\/p>\n\n\n\n<figure class=\"wp-block-gallery columns-2 is-cropped wp-block-gallery-3 is-layout-flex wp-block-gallery-is-layout-flex\"><ul class=\"blocks-gallery-grid\"><li class=\"blocks-gallery-item\"><figure><img loading=\"lazy\" decoding=\"async\" width=\"500\" height=\"378\" src=\"https:\/\/acasaladillo.com.ar\/wp-content\/uploads\/2023\/06\/1-1-1.jpg\" alt=\"\" data-id=\"57786\" data-full-url=\"https:\/\/acasaladillo.com.ar\/wp-content\/uploads\/2023\/06\/1-1-1.jpg\" data-link=\"https:\/\/acasaladillo.com.ar\/?attachment_id=57786\" class=\"wp-image-57786\" srcset=\"https:\/\/acasaladillo.com.ar\/wp-content\/uploads\/2023\/06\/1-1-1.jpg 500w, https:\/\/acasaladillo.com.ar\/wp-content\/uploads\/2023\/06\/1-1-1-300x227.jpg 300w, https:\/\/acasaladillo.com.ar\/wp-content\/uploads\/2023\/06\/1-1-1-260x197.jpg 260w, https:\/\/acasaladillo.com.ar\/wp-content\/uploads\/2023\/06\/1-1-1-160x121.jpg 160w\" sizes=\"auto, (max-width: 500px) 100vw, 500px\" \/><\/figure><\/li><li class=\"blocks-gallery-item\"><figure><img loading=\"lazy\" decoding=\"async\" width=\"1523\" height=\"971\" src=\"https:\/\/acasaladillo.com.ar\/wp-content\/uploads\/2023\/06\/1-2.jpg\" alt=\"\" data-id=\"57787\" data-full-url=\"https:\/\/acasaladillo.com.ar\/wp-content\/uploads\/2023\/06\/1-2.jpg\" data-link=\"https:\/\/acasaladillo.com.ar\/?attachment_id=57787\" class=\"wp-image-57787\" srcset=\"https:\/\/acasaladillo.com.ar\/wp-content\/uploads\/2023\/06\/1-2.jpg 1523w, https:\/\/acasaladillo.com.ar\/wp-content\/uploads\/2023\/06\/1-2-300x191.jpg 300w, https:\/\/acasaladillo.com.ar\/wp-content\/uploads\/2023\/06\/1-2-768x490.jpg 768w, https:\/\/acasaladillo.com.ar\/wp-content\/uploads\/2023\/06\/1-2-560x357.jpg 560w, https:\/\/acasaladillo.com.ar\/wp-content\/uploads\/2023\/06\/1-2-260x166.jpg 260w, https:\/\/acasaladillo.com.ar\/wp-content\/uploads\/2023\/06\/1-2-160x102.jpg 160w\" sizes=\"auto, (max-width: 1523px) 100vw, 1523px\" \/><\/figure><\/li><li class=\"blocks-gallery-item\"><figure><img loading=\"lazy\" decoding=\"async\" width=\"500\" height=\"410\" src=\"https:\/\/acasaladillo.com.ar\/wp-content\/uploads\/2023\/06\/1-3.jpg\" alt=\"\" data-id=\"57788\" data-full-url=\"https:\/\/acasaladillo.com.ar\/wp-content\/uploads\/2023\/06\/1-3.jpg\" data-link=\"https:\/\/acasaladillo.com.ar\/?attachment_id=57788\" class=\"wp-image-57788\" srcset=\"https:\/\/acasaladillo.com.ar\/wp-content\/uploads\/2023\/06\/1-3.jpg 500w, https:\/\/acasaladillo.com.ar\/wp-content\/uploads\/2023\/06\/1-3-300x246.jpg 300w, https:\/\/acasaladillo.com.ar\/wp-content\/uploads\/2023\/06\/1-3-260x213.jpg 260w, https:\/\/acasaladillo.com.ar\/wp-content\/uploads\/2023\/06\/1-3-160x131.jpg 160w\" sizes=\"auto, (max-width: 500px) 100vw, 500px\" \/><\/figure><\/li><\/ul><\/figure>\n\n\n\n<p>De este modo, con una trayectoria de 75 a\u00f1os y 90 a\u00f1os de edad, N\u00e9stor decide dejar la actividad teatral. El acto de reconocimiento como Ciudadano Distinguido de Saladillo es una manera m\u00e1s de agradecer el aporte cultural que Mancini dej\u00f3 en nuestra ciudad.<br>Fue un encuentro m\u00e1s que emotivo, en el que N\u00e9stor recibi\u00f3 elogios a su carrera y agradecimientos por el gran aporte a la Cultura de nuestro Pa\u00eds.<br>Tambi\u00e9n fueron admirables las expresiones del nuevo Ciudadano Distinguido, en las que qued\u00f3 plasmado su amor por el Teatro y el Arte<\/p>\n","protected":false},"excerpt":{"rendered":"<p>Trayectoria: 75<\/p>\n<p class=\"more-link-p\"><a class=\"more-link\" href=\"https:\/\/acasaladillo.com.ar\/?p=57776\">Read more &rarr;<\/a><\/p>\n","protected":false},"author":3,"featured_media":57781,"comment_status":"closed","ping_status":"closed","sticky":false,"template":"","format":"standard","meta":{"_monsterinsights_skip_tracking":false,"footnotes":""},"categories":[1],"tags":[3266,2736,3267,45],"class_list":["post-57776","post","type-post","status-publish","format-standard","has-post-thumbnail","hentry","category-noticias","tag-75-anos-de-trayectoria-teatral","tag-maria-mancini","tag-nestor-cesar-mancini","tag-teatro"],"aioseo_notices":[],"_links":{"self":[{"href":"https:\/\/acasaladillo.com.ar\/index.php?rest_route=\/wp\/v2\/posts\/57776","targetHints":{"allow":["GET"]}}],"collection":[{"href":"https:\/\/acasaladillo.com.ar\/index.php?rest_route=\/wp\/v2\/posts"}],"about":[{"href":"https:\/\/acasaladillo.com.ar\/index.php?rest_route=\/wp\/v2\/types\/post"}],"author":[{"embeddable":true,"href":"https:\/\/acasaladillo.com.ar\/index.php?rest_route=\/wp\/v2\/users\/3"}],"replies":[{"embeddable":true,"href":"https:\/\/acasaladillo.com.ar\/index.php?rest_route=%2Fwp%2Fv2%2Fcomments&post=57776"}],"version-history":[{"count":1,"href":"https:\/\/acasaladillo.com.ar\/index.php?rest_route=\/wp\/v2\/posts\/57776\/revisions"}],"predecessor-version":[{"id":57789,"href":"https:\/\/acasaladillo.com.ar\/index.php?rest_route=\/wp\/v2\/posts\/57776\/revisions\/57789"}],"wp:featuredmedia":[{"embeddable":true,"href":"https:\/\/acasaladillo.com.ar\/index.php?rest_route=\/wp\/v2\/media\/57781"}],"wp:attachment":[{"href":"https:\/\/acasaladillo.com.ar\/index.php?rest_route=%2Fwp%2Fv2%2Fmedia&parent=57776"}],"wp:term":[{"taxonomy":"category","embeddable":true,"href":"https:\/\/acasaladillo.com.ar\/index.php?rest_route=%2Fwp%2Fv2%2Fcategories&post=57776"},{"taxonomy":"post_tag","embeddable":true,"href":"https:\/\/acasaladillo.com.ar\/index.php?rest_route=%2Fwp%2Fv2%2Ftags&post=57776"}],"curies":[{"name":"wp","href":"https:\/\/api.w.org\/{rel}","templated":true}]}}