{"id":56268,"date":"2023-03-03T21:12:28","date_gmt":"2023-03-04T00:12:28","guid":{"rendered":"https:\/\/acasaladillo.com.ar\/?p=56268"},"modified":"2023-03-03T21:21:40","modified_gmt":"2023-03-04T00:21:40","slug":"gas","status":"publish","type":"post","link":"https:\/\/acasaladillo.com.ar\/?p=56268","title":{"rendered":"Gas!"},"content":{"rendered":"\n<figure class=\"wp-block-image size-full is-style-rounded\"><img loading=\"lazy\" decoding=\"async\" width=\"1599\" height=\"899\" src=\"https:\/\/acasaladillo.com.ar\/wp-content\/uploads\/2023\/03\/0.jpg\" alt=\"\" class=\"wp-image-56269\" srcset=\"https:\/\/acasaladillo.com.ar\/wp-content\/uploads\/2023\/03\/0.jpg 1599w, https:\/\/acasaladillo.com.ar\/wp-content\/uploads\/2023\/03\/0-300x169.jpg 300w, https:\/\/acasaladillo.com.ar\/wp-content\/uploads\/2023\/03\/0-768x432.jpg 768w, https:\/\/acasaladillo.com.ar\/wp-content\/uploads\/2023\/03\/0-1536x864.jpg 1536w, https:\/\/acasaladillo.com.ar\/wp-content\/uploads\/2023\/03\/0-560x315.jpg 560w, https:\/\/acasaladillo.com.ar\/wp-content\/uploads\/2023\/03\/0-260x146.jpg 260w, https:\/\/acasaladillo.com.ar\/wp-content\/uploads\/2023\/03\/0-160x90.jpg 160w\" sizes=\"auto, (max-width: 1599px) 100vw, 1599px\" \/><\/figure>\n\n\n\n<p>Para 2 pueblos<\/p>\n\n\n\n<hr class=\"wp-block-separator\"\/>\n\n\n\n<!--more-->\n\n\n\n<p>BAGSA EN DEL CARRIL y POLVAREDAS. PLANTA DE GAS NATURAL.<br>TOMA DE POSESION PARA SERVIDUMBRE DE USO.<\/p>\n\n\n\n<p>En el d\u00eda de hoy en horas de la ma\u00f1ana, se hicieron presentes en Saladillo, en el campo de la\u00a0 firma Agropecuaria Aguaribay S.C.A , una oficial de Justicia, un escribano, dos abogadas de BAGSA y el presidente de BAGSA Lic. Pablo P\u00e9rez. El motivo fue cumplir una decisi\u00f3n judicial de cercar el sector del campo donde actualmente existe una planta de mantenimiento de TGS y donde a futuro quedar\u00e1 construida una planta de medici\u00f3n y rebaje de presi\u00f3n de gas natural. Esta construcci\u00f3n lleva 7 a\u00f1os demorada porque la firma propietaria no llegaba a un acuerdo con la empresa estatal provincial subdistribuidora de gas natural BAGSA. Hoy se procedi\u00f3 a cercar un lote de 90 m x 60 m bajo orden judicial para hacer\u00a0 servidumbre de uso.<\/p>\n\n\n\n<figure class=\"wp-block-image size-full\"><img loading=\"lazy\" decoding=\"async\" width=\"1280\" height=\"960\" src=\"https:\/\/acasaladillo.com.ar\/wp-content\/uploads\/2023\/03\/1.jpg\" alt=\"\" class=\"wp-image-56270\" srcset=\"https:\/\/acasaladillo.com.ar\/wp-content\/uploads\/2023\/03\/1.jpg 1280w, https:\/\/acasaladillo.com.ar\/wp-content\/uploads\/2023\/03\/1-300x225.jpg 300w, https:\/\/acasaladillo.com.ar\/wp-content\/uploads\/2023\/03\/1-768x576.jpg 768w, https:\/\/acasaladillo.com.ar\/wp-content\/uploads\/2023\/03\/1-560x420.jpg 560w, https:\/\/acasaladillo.com.ar\/wp-content\/uploads\/2023\/03\/1-260x195.jpg 260w, https:\/\/acasaladillo.com.ar\/wp-content\/uploads\/2023\/03\/1-160x120.jpg 160w\" sizes=\"auto, (max-width: 1280px) 100vw, 1280px\" \/><\/figure>\n\n\n\n<p>La municipalidad fue un actor asistente en el d\u00eda de hoy aportando colaboraci\u00f3n para el estaqueado que delimita la zona de la futura planta. El frente del predio da al camino real que une Polvaredas con Del Carril por lo que una tranquera dar\u00e1 directamente a la salida del predio sin invadir el resto del campo, propiedad de la firma agropecuaria.<br>Se dejo colocado un cartel de la empresa Bagsa que informa sobre la pr\u00f3xima construcci\u00f3n de la planta reductora. Seg\u00fan comentarios de la empresa Bagas, en aproximadamente 2 meses se llamar\u00eda a licitaci\u00f3n para la construcci\u00f3n de la planta de reducci\u00f3n de presi\u00f3n y revisi\u00f3n de las ca\u00f1er\u00edas existentes en Del Carril y Polvaredas. Se estima que t\u00e9cnicamente la obra puede llevar aprox. 16 meses.<\/p>\n\n\n\n<figure class=\"wp-block-image size-full\"><img loading=\"lazy\" decoding=\"async\" width=\"1280\" height=\"720\" src=\"https:\/\/acasaladillo.com.ar\/wp-content\/uploads\/2023\/03\/6-1.jpg\" alt=\"\" class=\"wp-image-56271\" srcset=\"https:\/\/acasaladillo.com.ar\/wp-content\/uploads\/2023\/03\/6-1.jpg 1280w, https:\/\/acasaladillo.com.ar\/wp-content\/uploads\/2023\/03\/6-1-300x169.jpg 300w, https:\/\/acasaladillo.com.ar\/wp-content\/uploads\/2023\/03\/6-1-768x432.jpg 768w, https:\/\/acasaladillo.com.ar\/wp-content\/uploads\/2023\/03\/6-1-560x315.jpg 560w, https:\/\/acasaladillo.com.ar\/wp-content\/uploads\/2023\/03\/6-1-260x146.jpg 260w, https:\/\/acasaladillo.com.ar\/wp-content\/uploads\/2023\/03\/6-1-160x90.jpg 160w\" sizes=\"auto, (max-width: 1280px) 100vw, 1280px\" \/><\/figure>\n\n\n\n<p>En el lugar del predio estuvieron presentes tambi\u00e9n el Delegado de Del Carril Davel Oyhanart, el Director Vial de la Municipalidad de Saladillo sr. Sergio Daloia, el Sec. de obras y servicios p\u00fablicos\u00a0 ing. Guillermo Candia y el presidente de AUBASA, Dr. Ricardo Lissalde, adem\u00e1s de equipo t\u00e9cnico de Bagsa.<\/p>\n\n\n\n<figure class=\"wp-block-image size-full\"><img loading=\"lazy\" decoding=\"async\" width=\"1600\" height=\"1200\" src=\"https:\/\/acasaladillo.com.ar\/wp-content\/uploads\/2023\/03\/2-1.jpg\" alt=\"\" class=\"wp-image-56272\" srcset=\"https:\/\/acasaladillo.com.ar\/wp-content\/uploads\/2023\/03\/2-1.jpg 1600w, https:\/\/acasaladillo.com.ar\/wp-content\/uploads\/2023\/03\/2-1-300x225.jpg 300w, https:\/\/acasaladillo.com.ar\/wp-content\/uploads\/2023\/03\/2-1-768x576.jpg 768w, https:\/\/acasaladillo.com.ar\/wp-content\/uploads\/2023\/03\/2-1-1536x1152.jpg 1536w, https:\/\/acasaladillo.com.ar\/wp-content\/uploads\/2023\/03\/2-1-560x420.jpg 560w, https:\/\/acasaladillo.com.ar\/wp-content\/uploads\/2023\/03\/2-1-260x195.jpg 260w, https:\/\/acasaladillo.com.ar\/wp-content\/uploads\/2023\/03\/2-1-160x120.jpg 160w\" sizes=\"auto, (max-width: 1600px) 100vw, 1600px\" \/><\/figure>\n\n\n\n<p>Desde el a\u00f1o 2015 que el intendente ing. Jos\u00e9 Luis Salom\u00f3n y el Srio. Obras y Servicios Publicos Ing. Guillermo Candia vienen insistiendo incansablemente en buscar alternativas para destrabar esta situaci\u00f3n.<br>Gracias a la buena voluntad del Subsec de Energ\u00eda, Gast\u00f3n Ghioni, al Diputado Walter Abarca, al Presidente de Bagsa, Lic. Pablo P\u00e9rez y al Escribano Ricardo Lissalde hoy se puede pensar en poder concluir una obra que naci\u00f3 en 2014 y dar\u00e1 gas a 2 poblaciones del interior de Saladillo.<\/p>\n\n\n\n<figure class=\"wp-block-image size-full\"><img loading=\"lazy\" decoding=\"async\" width=\"720\" height=\"1280\" src=\"https:\/\/acasaladillo.com.ar\/wp-content\/uploads\/2023\/03\/3-1.jpg\" alt=\"\" class=\"wp-image-56273\" srcset=\"https:\/\/acasaladillo.com.ar\/wp-content\/uploads\/2023\/03\/3-1.jpg 720w, https:\/\/acasaladillo.com.ar\/wp-content\/uploads\/2023\/03\/3-1-169x300.jpg 169w, https:\/\/acasaladillo.com.ar\/wp-content\/uploads\/2023\/03\/3-1-560x996.jpg 560w, https:\/\/acasaladillo.com.ar\/wp-content\/uploads\/2023\/03\/3-1-260x462.jpg 260w, https:\/\/acasaladillo.com.ar\/wp-content\/uploads\/2023\/03\/3-1-160x284.jpg 160w\" sizes=\"auto, (max-width: 720px) 100vw, 720px\" \/><\/figure>\n\n\n\n<p>ALGUNOS DATOS.<br>La obra contempla dos localidades (Del Carril y Polvaredas) del interior de Saladillo que se abastecer\u00e1n con gas natural desde una \u00fanica planta de medici\u00f3n y regulaci\u00f3n de presi\u00f3n, de la cual derivan las redes de polietileno en media presi\u00f3n a ambas poblaciones.<br>Entre ambas localidades, se alcanzar\u00eda un potencial m\u00e1ximo de 600 usuarios.<br>La Obra es financiada originalmente mediante PROFIDE.<br>Desde el municipio se intent\u00f3 en reiteradas oportunidades reiniciar las negociaciones con el propietario, pero no se obtuvieron respuestas concretas que pudieran permitir avanzar en la instalaci\u00f3n. Se mantuvieron conversaciones al respecto tanto con los responsables de Bagsa como con el Diputado Abarca, buscando estrategias para alcanzar una soluci\u00f3n.<br>REDES DE DISTRIBUCI\u00d3N DE MEDIA PRESI\u00d3N (red urbana)<\/p>\n\n\n\n<figure class=\"wp-block-image size-full\"><img loading=\"lazy\" decoding=\"async\" width=\"1599\" height=\"899\" src=\"https:\/\/acasaladillo.com.ar\/wp-content\/uploads\/2023\/03\/0-1.jpg\" alt=\"\" class=\"wp-image-56274\" srcset=\"https:\/\/acasaladillo.com.ar\/wp-content\/uploads\/2023\/03\/0-1.jpg 1599w, https:\/\/acasaladillo.com.ar\/wp-content\/uploads\/2023\/03\/0-1-300x169.jpg 300w, https:\/\/acasaladillo.com.ar\/wp-content\/uploads\/2023\/03\/0-1-768x432.jpg 768w, https:\/\/acasaladillo.com.ar\/wp-content\/uploads\/2023\/03\/0-1-1536x864.jpg 1536w, https:\/\/acasaladillo.com.ar\/wp-content\/uploads\/2023\/03\/0-1-560x315.jpg 560w, https:\/\/acasaladillo.com.ar\/wp-content\/uploads\/2023\/03\/0-1-260x146.jpg 260w, https:\/\/acasaladillo.com.ar\/wp-content\/uploads\/2023\/03\/0-1-160x90.jpg 160w\" sizes=\"auto, (max-width: 1599px) 100vw, 1599px\" \/><\/figure>\n\n\n\n<p>DEL CARRIL<br>Red finalizada. Hay que hacer detecci\u00f3n de roturas y repruebas de la red (20.000 m), producto del tiempo de transcurrido.<\/p>\n\n\n\n<p>POLVAREDAS<br>Resta realizar un cruce de v\u00edas y el cruce de ruta secundaria en el punto de salida de la futura planta de regulaci\u00f3n y algunos metros de red de la ca\u00f1er\u00eda troncal. Hay que hacer detecci\u00f3n de roturas y repruebas de la red (15.000 m)<\/p>\n","protected":false},"excerpt":{"rendered":"<p>Para 2 pueblos<\/p>\n<p class=\"more-link-p\"><a class=\"more-link\" href=\"https:\/\/acasaladillo.com.ar\/?p=56268\">Read more &rarr;<\/a><\/p>\n","protected":false},"author":3,"featured_media":56275,"comment_status":"closed","ping_status":"closed","sticky":false,"template":"","format":"standard","meta":{"_monsterinsights_skip_tracking":false,"footnotes":""},"categories":[1],"tags":[3249,713],"class_list":["post-56268","post","type-post","status-publish","format-standard","has-post-thumbnail","hentry","category-noticias","tag-del-carril-y-polvaredas","tag-gas"],"aioseo_notices":[],"_links":{"self":[{"href":"https:\/\/acasaladillo.com.ar\/index.php?rest_route=\/wp\/v2\/posts\/56268","targetHints":{"allow":["GET"]}}],"collection":[{"href":"https:\/\/acasaladillo.com.ar\/index.php?rest_route=\/wp\/v2\/posts"}],"about":[{"href":"https:\/\/acasaladillo.com.ar\/index.php?rest_route=\/wp\/v2\/types\/post"}],"author":[{"embeddable":true,"href":"https:\/\/acasaladillo.com.ar\/index.php?rest_route=\/wp\/v2\/users\/3"}],"replies":[{"embeddable":true,"href":"https:\/\/acasaladillo.com.ar\/index.php?rest_route=%2Fwp%2Fv2%2Fcomments&post=56268"}],"version-history":[{"count":1,"href":"https:\/\/acasaladillo.com.ar\/index.php?rest_route=\/wp\/v2\/posts\/56268\/revisions"}],"predecessor-version":[{"id":56276,"href":"https:\/\/acasaladillo.com.ar\/index.php?rest_route=\/wp\/v2\/posts\/56268\/revisions\/56276"}],"wp:featuredmedia":[{"embeddable":true,"href":"https:\/\/acasaladillo.com.ar\/index.php?rest_route=\/wp\/v2\/media\/56275"}],"wp:attachment":[{"href":"https:\/\/acasaladillo.com.ar\/index.php?rest_route=%2Fwp%2Fv2%2Fmedia&parent=56268"}],"wp:term":[{"taxonomy":"category","embeddable":true,"href":"https:\/\/acasaladillo.com.ar\/index.php?rest_route=%2Fwp%2Fv2%2Fcategories&post=56268"},{"taxonomy":"post_tag","embeddable":true,"href":"https:\/\/acasaladillo.com.ar\/index.php?rest_route=%2Fwp%2Fv2%2Ftags&post=56268"}],"curies":[{"name":"wp","href":"https:\/\/api.w.org\/{rel}","templated":true}]}}