{"id":54509,"date":"2022-10-25T19:26:17","date_gmt":"2022-10-25T22:26:17","guid":{"rendered":"https:\/\/acasaladillo.com.ar\/?p=54509"},"modified":"2022-10-25T19:28:06","modified_gmt":"2022-10-25T22:28:06","slug":"550-paneles","status":"publish","type":"post","link":"https:\/\/acasaladillo.com.ar\/?p=54509","title":{"rendered":"550 paneles"},"content":{"rendered":"\n<figure class=\"wp-block-image size-full is-style-rounded\"><img loading=\"lazy\" decoding=\"async\" width=\"1280\" height=\"852\" src=\"https:\/\/acasaladillo.com.ar\/wp-content\/uploads\/2022\/10\/3-8.jpg\" alt=\"\" class=\"wp-image-54510\" srcset=\"https:\/\/acasaladillo.com.ar\/wp-content\/uploads\/2022\/10\/3-8.jpg 1280w, https:\/\/acasaladillo.com.ar\/wp-content\/uploads\/2022\/10\/3-8-300x200.jpg 300w, https:\/\/acasaladillo.com.ar\/wp-content\/uploads\/2022\/10\/3-8-768x511.jpg 768w, https:\/\/acasaladillo.com.ar\/wp-content\/uploads\/2022\/10\/3-8-560x373.jpg 560w, https:\/\/acasaladillo.com.ar\/wp-content\/uploads\/2022\/10\/3-8-260x173.jpg 260w, https:\/\/acasaladillo.com.ar\/wp-content\/uploads\/2022\/10\/3-8-160x107.jpg 160w\" sizes=\"auto, (max-width: 1280px) 100vw, 1280px\" \/><\/figure>\n\n\n\n<p> Parque Solar <\/p>\n\n\n\n<hr class=\"wp-block-separator\"\/>\n\n\n\n<!--more-->\n\n\n\n<p>Inauguraci\u00f3n del Parque Solar en Caz\u00f3n<\/p>\n\n\n\n<p><br>El presidente del bloque del Frente de Todos, Amaro Sarlo fue invitado a la Inauguraci\u00f3n del<br>Parque Solar de Caz\u00f3n en el aniversario n\u00famero 78 de la Cooperativa El\u00e9ctrica de Saladillo,<br>quien asisti\u00f3 acompa\u00f1ado por sus pares Mar\u00eda Mancini, Silvina Cotignola, Carlos P\u00e9rez Cavalli<br>y F\u00e9lix Crognale.<\/p>\n\n\n\n<figure class=\"wp-block-gallery columns-2 is-cropped wp-block-gallery-1 is-layout-flex wp-block-gallery-is-layout-flex\"><ul class=\"blocks-gallery-grid\"><li class=\"blocks-gallery-item\"><figure><img loading=\"lazy\" decoding=\"async\" width=\"1280\" height=\"852\" src=\"https:\/\/acasaladillo.com.ar\/wp-content\/uploads\/2022\/10\/1-8.jpg\" alt=\"\" data-id=\"54511\" data-full-url=\"https:\/\/acasaladillo.com.ar\/wp-content\/uploads\/2022\/10\/1-8.jpg\" data-link=\"https:\/\/acasaladillo.com.ar\/?attachment_id=54511\" class=\"wp-image-54511\" srcset=\"https:\/\/acasaladillo.com.ar\/wp-content\/uploads\/2022\/10\/1-8.jpg 1280w, https:\/\/acasaladillo.com.ar\/wp-content\/uploads\/2022\/10\/1-8-300x200.jpg 300w, https:\/\/acasaladillo.com.ar\/wp-content\/uploads\/2022\/10\/1-8-768x511.jpg 768w, https:\/\/acasaladillo.com.ar\/wp-content\/uploads\/2022\/10\/1-8-560x373.jpg 560w, https:\/\/acasaladillo.com.ar\/wp-content\/uploads\/2022\/10\/1-8-260x173.jpg 260w, https:\/\/acasaladillo.com.ar\/wp-content\/uploads\/2022\/10\/1-8-160x107.jpg 160w\" sizes=\"auto, (max-width: 1280px) 100vw, 1280px\" \/><\/figure><\/li><li class=\"blocks-gallery-item\"><figure><img loading=\"lazy\" decoding=\"async\" width=\"1280\" height=\"852\" src=\"https:\/\/acasaladillo.com.ar\/wp-content\/uploads\/2022\/10\/3-9.jpg\" alt=\"\" data-id=\"54512\" data-full-url=\"https:\/\/acasaladillo.com.ar\/wp-content\/uploads\/2022\/10\/3-9.jpg\" data-link=\"https:\/\/acasaladillo.com.ar\/?attachment_id=54512\" class=\"wp-image-54512\" srcset=\"https:\/\/acasaladillo.com.ar\/wp-content\/uploads\/2022\/10\/3-9.jpg 1280w, https:\/\/acasaladillo.com.ar\/wp-content\/uploads\/2022\/10\/3-9-300x200.jpg 300w, https:\/\/acasaladillo.com.ar\/wp-content\/uploads\/2022\/10\/3-9-768x511.jpg 768w, https:\/\/acasaladillo.com.ar\/wp-content\/uploads\/2022\/10\/3-9-560x373.jpg 560w, https:\/\/acasaladillo.com.ar\/wp-content\/uploads\/2022\/10\/3-9-260x173.jpg 260w, https:\/\/acasaladillo.com.ar\/wp-content\/uploads\/2022\/10\/3-9-160x107.jpg 160w\" sizes=\"auto, (max-width: 1280px) 100vw, 1280px\" \/><\/figure><\/li><\/ul><\/figure>\n\n\n\n<p>El acto fue encabezado por el subsecretario de energ\u00eda de la provincia de Buenos Aires, el<br>Intendente Municipal, Jos\u00e9 Luis Salom\u00f3n, el presidente de la Cooperativa El\u00e9ctrica, Pablo Lara,<br>y adem\u00e1s cont\u00f3 con la presencia del diputado provincial Walter Abarca y el director local de<br>PAMI, Diego Yanson, entre otros.<br>El Parque se impuls\u00f3 a trav\u00e9s del Programa Provincial de Incentivos a la Generaci\u00f3n<br>Distribuida (PROINGED), de manera conjunta con el Foro Regional El\u00e9ctrico de Buenos Aires<br>(FREBA), e implic\u00f3 un trabajo conjunto con el Municipio local que don\u00f3 el predio para su<br>instalaci\u00f3n.<\/p>\n\n\n\n<figure class=\"wp-block-gallery columns-2 is-cropped wp-block-gallery-2 is-layout-flex wp-block-gallery-is-layout-flex\"><ul class=\"blocks-gallery-grid\"><li class=\"blocks-gallery-item\"><figure><img loading=\"lazy\" decoding=\"async\" width=\"1280\" height=\"960\" src=\"https:\/\/acasaladillo.com.ar\/wp-content\/uploads\/2022\/10\/2-10.jpg\" alt=\"\" data-id=\"54513\" data-full-url=\"https:\/\/acasaladillo.com.ar\/wp-content\/uploads\/2022\/10\/2-10.jpg\" data-link=\"https:\/\/acasaladillo.com.ar\/?attachment_id=54513\" class=\"wp-image-54513\" srcset=\"https:\/\/acasaladillo.com.ar\/wp-content\/uploads\/2022\/10\/2-10.jpg 1280w, https:\/\/acasaladillo.com.ar\/wp-content\/uploads\/2022\/10\/2-10-300x225.jpg 300w, https:\/\/acasaladillo.com.ar\/wp-content\/uploads\/2022\/10\/2-10-768x576.jpg 768w, https:\/\/acasaladillo.com.ar\/wp-content\/uploads\/2022\/10\/2-10-560x420.jpg 560w, https:\/\/acasaladillo.com.ar\/wp-content\/uploads\/2022\/10\/2-10-260x195.jpg 260w, https:\/\/acasaladillo.com.ar\/wp-content\/uploads\/2022\/10\/2-10-160x120.jpg 160w\" sizes=\"auto, (max-width: 1280px) 100vw, 1280px\" \/><\/figure><\/li><li class=\"blocks-gallery-item\"><figure><img loading=\"lazy\" decoding=\"async\" width=\"1280\" height=\"987\" src=\"https:\/\/acasaladillo.com.ar\/wp-content\/uploads\/2022\/10\/4-8.jpg\" alt=\"\" data-id=\"54514\" data-full-url=\"https:\/\/acasaladillo.com.ar\/wp-content\/uploads\/2022\/10\/4-8.jpg\" data-link=\"https:\/\/acasaladillo.com.ar\/?attachment_id=54514\" class=\"wp-image-54514\" srcset=\"https:\/\/acasaladillo.com.ar\/wp-content\/uploads\/2022\/10\/4-8.jpg 1280w, https:\/\/acasaladillo.com.ar\/wp-content\/uploads\/2022\/10\/4-8-300x231.jpg 300w, https:\/\/acasaladillo.com.ar\/wp-content\/uploads\/2022\/10\/4-8-768x592.jpg 768w, https:\/\/acasaladillo.com.ar\/wp-content\/uploads\/2022\/10\/4-8-560x432.jpg 560w, https:\/\/acasaladillo.com.ar\/wp-content\/uploads\/2022\/10\/4-8-260x200.jpg 260w, https:\/\/acasaladillo.com.ar\/wp-content\/uploads\/2022\/10\/4-8-160x123.jpg 160w\" sizes=\"auto, (max-width: 1280px) 100vw, 1280px\" \/><\/figure><\/li><\/ul><\/figure>\n\n\n\n<p>La planta posee un total de 550 paneles solares de 600 watts que, mediante un sistema de<br>inversor y transformador, inyecta la energ\u00eda generada a la red de distribuci\u00f3n local.<br>\u00abLa inauguraci\u00f3n de esta planta de generaci\u00f3n de energ\u00eda sustentable significa, adem\u00e1s de un<br>cambio de paradigma, una soluci\u00f3n concreta para los vecinos y vecinas de la localidad de<br>Caz\u00f3n\u00bb, manifest\u00f3 Amaro Sarlo.<\/p>\n\n\n\n<p>El Parque Solar Caz\u00f3n fue bautizado con el nombre \u00abMario Cabito\u00bb en homenaje a quien fuera<br>uno de sus impulsores. La Cooperativa ser\u00e1 la encargada de llevar adelante la operaci\u00f3n y el<br>mantenimiento, adem\u00e1s de prestar colaboraci\u00f3n t\u00e9cnica<\/p>\n","protected":false},"excerpt":{"rendered":"<p>Parque Solar<\/p>\n<p class=\"more-link-p\"><a class=\"more-link\" href=\"https:\/\/acasaladillo.com.ar\/?p=54509\">Read more &rarr;<\/a><\/p>\n","protected":false},"author":3,"featured_media":54516,"comment_status":"closed","ping_status":"closed","sticky":false,"template":"","format":"standard","meta":{"_monsterinsights_skip_tracking":false,"footnotes":""},"categories":[1],"tags":[81,2658,3221],"class_list":["post-54509","post","type-post","status-publish","format-standard","has-post-thumbnail","hentry","category-noticias","tag-cazon","tag-frente-para-todos","tag-parque-solar"],"aioseo_notices":[],"_links":{"self":[{"href":"https:\/\/acasaladillo.com.ar\/index.php?rest_route=\/wp\/v2\/posts\/54509","targetHints":{"allow":["GET"]}}],"collection":[{"href":"https:\/\/acasaladillo.com.ar\/index.php?rest_route=\/wp\/v2\/posts"}],"about":[{"href":"https:\/\/acasaladillo.com.ar\/index.php?rest_route=\/wp\/v2\/types\/post"}],"author":[{"embeddable":true,"href":"https:\/\/acasaladillo.com.ar\/index.php?rest_route=\/wp\/v2\/users\/3"}],"replies":[{"embeddable":true,"href":"https:\/\/acasaladillo.com.ar\/index.php?rest_route=%2Fwp%2Fv2%2Fcomments&post=54509"}],"version-history":[{"count":1,"href":"https:\/\/acasaladillo.com.ar\/index.php?rest_route=\/wp\/v2\/posts\/54509\/revisions"}],"predecessor-version":[{"id":54517,"href":"https:\/\/acasaladillo.com.ar\/index.php?rest_route=\/wp\/v2\/posts\/54509\/revisions\/54517"}],"wp:featuredmedia":[{"embeddable":true,"href":"https:\/\/acasaladillo.com.ar\/index.php?rest_route=\/wp\/v2\/media\/54516"}],"wp:attachment":[{"href":"https:\/\/acasaladillo.com.ar\/index.php?rest_route=%2Fwp%2Fv2%2Fmedia&parent=54509"}],"wp:term":[{"taxonomy":"category","embeddable":true,"href":"https:\/\/acasaladillo.com.ar\/index.php?rest_route=%2Fwp%2Fv2%2Fcategories&post=54509"},{"taxonomy":"post_tag","embeddable":true,"href":"https:\/\/acasaladillo.com.ar\/index.php?rest_route=%2Fwp%2Fv2%2Ftags&post=54509"}],"curies":[{"name":"wp","href":"https:\/\/api.w.org\/{rel}","templated":true}]}}