{"id":53413,"date":"2022-08-19T11:58:20","date_gmt":"2022-08-19T14:58:20","guid":{"rendered":"https:\/\/acasaladillo.com.ar\/?p=53413"},"modified":"2024-07-31T22:41:32","modified_gmt":"2024-08-01T01:41:32","slug":"es-nuestro-2","status":"publish","type":"post","link":"https:\/\/acasaladillo.com.ar\/?p=53413","title":{"rendered":"Es nuestro"},"content":{"rendered":"\n<figure class=\"wp-block-image size-full is-style-rounded\"><img loading=\"lazy\" decoding=\"async\" width=\"275\" height=\"183\" src=\"https:\/\/acasaladillo.com.ar\/wp-content\/uploads\/2024\/07\/adolfo-de-castro.jpg\" alt=\"\" class=\"wp-image-60286\" srcset=\"https:\/\/acasaladillo.com.ar\/wp-content\/uploads\/2024\/07\/adolfo-de-castro.jpg 275w, https:\/\/acasaladillo.com.ar\/wp-content\/uploads\/2024\/07\/adolfo-de-castro-260x173.jpg 260w, https:\/\/acasaladillo.com.ar\/wp-content\/uploads\/2024\/07\/adolfo-de-castro-160x106.jpg 160w\" sizes=\"auto, (max-width: 275px) 100vw, 275px\" \/><\/figure>\n\n\n\n<p>Adolfo De Castro<\/p>\n\n\n\n<hr class=\"wp-block-separator\"\/>\n\n\n\n<!--more-->\n\n\n\n<p><a href=\"https:\/\/www.facebook.com\/decastroguitarworks.decastro?__cft__[0]=AZUaHJtBTghX3WDmbQ9rNKRMrwk5NMaMZ5UdX2RS93lGboneuKc_8BaZ4RdaCG-kB50BN21qRzi60cuiX6dF95KaTBnDPuu_s_0xSIvjPzabZDXyLln83VGOpiqDbjnCEgnk23QIW4I5nBbJJAAzPAt5&amp;__tn__=-]K-R\"><br>Adolfo de Castro<\/a>: UN HOMBRE DE LA M\u00daSICA Y PARA LA M\u00daSICA.\u201cEL <a href=\"https:\/\/www.facebook.com\/hashtag\/saladillense?__eep__=6&amp;__cft__[0]=AZUaHJtBTghX3WDmbQ9rNKRMrwk5NMaMZ5UdX2RS93lGboneuKc_8BaZ4RdaCG-kB50BN21qRzi60cuiX6dF95KaTBnDPuu_s_0xSIvjPzabZDXyLln83VGOpiqDbjnCEgnk23QIW4I5nBbJJAAzPAt5&amp;__tn__=*NK-R\">#saladillense<\/a> DE CASTRO CRE\u00d3 Y <a href=\"https:\/\/www.facebook.com\/hashtag\/fabrica?__eep__=6&amp;__cft__[0]=AZUaHJtBTghX3WDmbQ9rNKRMrwk5NMaMZ5UdX2RS93lGboneuKc_8BaZ4RdaCG-kB50BN21qRzi60cuiX6dF95KaTBnDPuu_s_0xSIvjPzabZDXyLln83VGOpiqDbjnCEgnk23QIW4I5nBbJJAAzPAt5&amp;__tn__=*NK-R\">#fabrica<\/a> UNA DE LAS <a href=\"https:\/\/www.facebook.com\/hashtag\/guitarras?__eep__=6&amp;__cft__[0]=AZUaHJtBTghX3WDmbQ9rNKRMrwk5NMaMZ5UdX2RS93lGboneuKc_8BaZ4RdaCG-kB50BN21qRzi60cuiX6dF95KaTBnDPuu_s_0xSIvjPzabZDXyLln83VGOpiqDbjnCEgnk23QIW4I5nBbJJAAzPAt5&amp;__tn__=*NK-R\">#guitarras<\/a><a href=\"https:\/\/www.facebook.com\/hashtag\/electroac%C3%BAsticas?__eep__=6&amp;__cft__[0]=AZUaHJtBTghX3WDmbQ9rNKRMrwk5NMaMZ5UdX2RS93lGboneuKc_8BaZ4RdaCG-kB50BN21qRzi60cuiX6dF95KaTBnDPuu_s_0xSIvjPzabZDXyLln83VGOpiqDbjnCEgnk23QIW4I5nBbJJAAzPAt5&amp;__tn__=*NK-R\">#Electroac\u00fasticas<\/a> M\u00c1S IMPORTANTES DE <a href=\"https:\/\/www.facebook.com\/hashtag\/argentina?__eep__=6&amp;__cft__[0]=AZUaHJtBTghX3WDmbQ9rNKRMrwk5NMaMZ5UdX2RS93lGboneuKc_8BaZ4RdaCG-kB50BN21qRzi60cuiX6dF95KaTBnDPuu_s_0xSIvjPzabZDXyLln83VGOpiqDbjnCEgnk23QIW4I5nBbJJAAzPAt5&amp;__tn__=*NK-R\">#argentina<\/a>: \u201c<a href=\"https:\/\/www.facebook.com\/hashtag\/avalon?__eep__=6&amp;__cft__[0]=AZUaHJtBTghX3WDmbQ9rNKRMrwk5NMaMZ5UdX2RS93lGboneuKc_8BaZ4RdaCG-kB50BN21qRzi60cuiX6dF95KaTBnDPuu_s_0xSIvjPzabZDXyLln83VGOpiqDbjnCEgnk23QIW4I5nBbJJAAzPAt5&amp;__tn__=*NK-R\">#Avalon<\/a>\u201d LA QUE HA SIDO UTILIZADA POR ARTISTAS DE GRAN NIVEL COMO <a href=\"https:\/\/www.facebook.com\/hashtag\/serrat?__eep__=6&amp;__cft__[0]=AZUaHJtBTghX3WDmbQ9rNKRMrwk5NMaMZ5UdX2RS93lGboneuKc_8BaZ4RdaCG-kB50BN21qRzi60cuiX6dF95KaTBnDPuu_s_0xSIvjPzabZDXyLln83VGOpiqDbjnCEgnk23QIW4I5nBbJJAAzPAt5&amp;__tn__=*NK-R\">#serrat<\/a>, SILVIO RODRIGUEZ,<a href=\"https:\/\/www.facebook.com\/hashtag\/baglietto?__eep__=6&amp;__cft__[0]=AZUaHJtBTghX3WDmbQ9rNKRMrwk5NMaMZ5UdX2RS93lGboneuKc_8BaZ4RdaCG-kB50BN21qRzi60cuiX6dF95KaTBnDPuu_s_0xSIvjPzabZDXyLln83VGOpiqDbjnCEgnk23QIW4I5nBbJJAAzPAt5&amp;__tn__=*NK-R\">#baglietto<\/a>,L. <a href=\"https:\/\/www.facebook.com\/hashtag\/nebbia?__eep__=6&amp;__cft__[0]=AZUaHJtBTghX3WDmbQ9rNKRMrwk5NMaMZ5UdX2RS93lGboneuKc_8BaZ4RdaCG-kB50BN21qRzi60cuiX6dF95KaTBnDPuu_s_0xSIvjPzabZDXyLln83VGOpiqDbjnCEgnk23QIW4I5nBbJJAAzPAt5&amp;__tn__=*NK-R\">#nebbia<\/a>,FACUNDO CABRAL,ALBERTO CORT\u00c9S,L.<a href=\"https:\/\/www.facebook.com\/hashtag\/gieco?__eep__=6&amp;__cft__[0]=AZUaHJtBTghX3WDmbQ9rNKRMrwk5NMaMZ5UdX2RS93lGboneuKc_8BaZ4RdaCG-kB50BN21qRzi60cuiX6dF95KaTBnDPuu_s_0xSIvjPzabZDXyLln83VGOpiqDbjnCEgnk23QIW4I5nBbJJAAzPAt5&amp;__tn__=*NK-R\">#Gieco<\/a> ENTRE OTROS. ACTUALMENTE TRABAJA EN EL DISE\u00d1O DE UNA GUITARRA A PEDIDO DE Gustavo Santaolalla. ADOLFO QUIERE INSTALAR SU <a href=\"https:\/\/www.facebook.com\/hashtag\/f%C3%A1brica?__eep__=6&amp;__cft__[0]=AZUaHJtBTghX3WDmbQ9rNKRMrwk5NMaMZ5UdX2RS93lGboneuKc_8BaZ4RdaCG-kB50BN21qRzi60cuiX6dF95KaTBnDPuu_s_0xSIvjPzabZDXyLln83VGOpiqDbjnCEgnk23QIW4I5nBbJJAAzPAt5&amp;__tn__=*NK-R\">#F\u00e1brica<\/a> EN <a href=\"https:\/\/www.facebook.com\/hashtag\/saladillo?__eep__=6&amp;__cft__[0]=AZUaHJtBTghX3WDmbQ9rNKRMrwk5NMaMZ5UdX2RS93lGboneuKc_8BaZ4RdaCG-kB50BN21qRzi60cuiX6dF95KaTBnDPuu_s_0xSIvjPzabZDXyLln83VGOpiqDbjnCEgnk23QIW4I5nBbJJAAzPAt5&amp;__tn__=*NK-R\">#saladillo<\/a> DEBEMOS  AYUDARLO A QUE LO LOGRE\u201dCARLOS ANTONIO GOROSITO. \u201cAdolfo De Castro es <a href=\"https:\/\/www.facebook.com\/hashtag\/oriundo?__eep__=6&amp;__cft__[0]=AZUaHJtBTghX3WDmbQ9rNKRMrwk5NMaMZ5UdX2RS93lGboneuKc_8BaZ4RdaCG-kB50BN21qRzi60cuiX6dF95KaTBnDPuu_s_0xSIvjPzabZDXyLln83VGOpiqDbjnCEgnk23QIW4I5nBbJJAAzPAt5&amp;__tn__=*NK-R\">#oriundo<\/a> de Saladillo y est\u00e1 radicado desde hace a\u00f1os en la <a href=\"https:\/\/www.facebook.com\/hashtag\/ciudadautonomadebuenosaires?__eep__=6&amp;__cft__[0]=AZUaHJtBTghX3WDmbQ9rNKRMrwk5NMaMZ5UdX2RS93lGboneuKc_8BaZ4RdaCG-kB50BN21qRzi60cuiX6dF95KaTBnDPuu_s_0xSIvjPzabZDXyLln83VGOpiqDbjnCEgnk23QIW4I5nBbJJAAzPAt5&amp;__tn__=*NK-R\">#ciudadautonomadebuenosaires<\/a> (CABA), es un <a href=\"https:\/\/www.facebook.com\/hashtag\/luthier?__eep__=6&amp;__cft__[0]=AZUaHJtBTghX3WDmbQ9rNKRMrwk5NMaMZ5UdX2RS93lGboneuKc_8BaZ4RdaCG-kB50BN21qRzi60cuiX6dF95KaTBnDPuu_s_0xSIvjPzabZDXyLln83VGOpiqDbjnCEgnk23QIW4I5nBbJJAAzPAt5&amp;__tn__=*NK-R\">#luthier<\/a> que se siente orgulloso de su ciudad natal y siempre piensa en ella.<\/p>\n\n\n\n<figure class=\"wp-block-gallery columns-2 is-cropped wp-block-gallery-1 is-layout-flex wp-block-gallery-is-layout-flex\"><ul class=\"blocks-gallery-grid\"><li class=\"blocks-gallery-item\"><figure><img loading=\"lazy\" decoding=\"async\" width=\"1377\" height=\"1031\" src=\"https:\/\/acasaladillo.com.ar\/wp-content\/uploads\/2022\/08\/298195892_609237050769987_5719287451733605356_n.jpg\" alt=\"\" data-id=\"53415\" data-full-url=\"https:\/\/acasaladillo.com.ar\/wp-content\/uploads\/2022\/08\/298195892_609237050769987_5719287451733605356_n.jpg\" data-link=\"https:\/\/acasaladillo.com.ar\/?attachment_id=53415\" class=\"wp-image-53415\" srcset=\"https:\/\/acasaladillo.com.ar\/wp-content\/uploads\/2022\/08\/298195892_609237050769987_5719287451733605356_n.jpg 1377w, https:\/\/acasaladillo.com.ar\/wp-content\/uploads\/2022\/08\/298195892_609237050769987_5719287451733605356_n-300x225.jpg 300w, https:\/\/acasaladillo.com.ar\/wp-content\/uploads\/2022\/08\/298195892_609237050769987_5719287451733605356_n-768x575.jpg 768w, https:\/\/acasaladillo.com.ar\/wp-content\/uploads\/2022\/08\/298195892_609237050769987_5719287451733605356_n-560x419.jpg 560w, https:\/\/acasaladillo.com.ar\/wp-content\/uploads\/2022\/08\/298195892_609237050769987_5719287451733605356_n-260x195.jpg 260w, https:\/\/acasaladillo.com.ar\/wp-content\/uploads\/2022\/08\/298195892_609237050769987_5719287451733605356_n-160x120.jpg 160w\" sizes=\"auto, (max-width: 1377px) 100vw, 1377px\" \/><\/figure><\/li><li class=\"blocks-gallery-item\"><figure><img loading=\"lazy\" decoding=\"async\" width=\"1657\" height=\"1199\" src=\"https:\/\/acasaladillo.com.ar\/wp-content\/uploads\/2022\/08\/298288014_609236954103330_6826671528769343760_n.jpg\" alt=\"\" data-id=\"53416\" data-full-url=\"https:\/\/acasaladillo.com.ar\/wp-content\/uploads\/2022\/08\/298288014_609236954103330_6826671528769343760_n.jpg\" data-link=\"https:\/\/acasaladillo.com.ar\/?attachment_id=53416\" class=\"wp-image-53416\" srcset=\"https:\/\/acasaladillo.com.ar\/wp-content\/uploads\/2022\/08\/298288014_609236954103330_6826671528769343760_n.jpg 1657w, https:\/\/acasaladillo.com.ar\/wp-content\/uploads\/2022\/08\/298288014_609236954103330_6826671528769343760_n-300x217.jpg 300w, https:\/\/acasaladillo.com.ar\/wp-content\/uploads\/2022\/08\/298288014_609236954103330_6826671528769343760_n-768x556.jpg 768w, https:\/\/acasaladillo.com.ar\/wp-content\/uploads\/2022\/08\/298288014_609236954103330_6826671528769343760_n-1536x1111.jpg 1536w, https:\/\/acasaladillo.com.ar\/wp-content\/uploads\/2022\/08\/298288014_609236954103330_6826671528769343760_n-560x405.jpg 560w, https:\/\/acasaladillo.com.ar\/wp-content\/uploads\/2022\/08\/298288014_609236954103330_6826671528769343760_n-260x188.jpg 260w, https:\/\/acasaladillo.com.ar\/wp-content\/uploads\/2022\/08\/298288014_609236954103330_6826671528769343760_n-160x116.jpg 160w\" sizes=\"auto, (max-width: 1657px) 100vw, 1657px\" \/><\/figure><\/li><li class=\"blocks-gallery-item\"><figure><img loading=\"lazy\" decoding=\"async\" width=\"1581\" height=\"1332\" src=\"https:\/\/acasaladillo.com.ar\/wp-content\/uploads\/2022\/08\/298549116_609236594103366_8597016219342348509_n.jpg\" alt=\"\" data-id=\"53417\" data-full-url=\"https:\/\/acasaladillo.com.ar\/wp-content\/uploads\/2022\/08\/298549116_609236594103366_8597016219342348509_n.jpg\" data-link=\"https:\/\/acasaladillo.com.ar\/?attachment_id=53417\" class=\"wp-image-53417\" srcset=\"https:\/\/acasaladillo.com.ar\/wp-content\/uploads\/2022\/08\/298549116_609236594103366_8597016219342348509_n.jpg 1581w, https:\/\/acasaladillo.com.ar\/wp-content\/uploads\/2022\/08\/298549116_609236594103366_8597016219342348509_n-300x253.jpg 300w, https:\/\/acasaladillo.com.ar\/wp-content\/uploads\/2022\/08\/298549116_609236594103366_8597016219342348509_n-768x647.jpg 768w, https:\/\/acasaladillo.com.ar\/wp-content\/uploads\/2022\/08\/298549116_609236594103366_8597016219342348509_n-1536x1294.jpg 1536w, https:\/\/acasaladillo.com.ar\/wp-content\/uploads\/2022\/08\/298549116_609236594103366_8597016219342348509_n-560x472.jpg 560w, https:\/\/acasaladillo.com.ar\/wp-content\/uploads\/2022\/08\/298549116_609236594103366_8597016219342348509_n-260x219.jpg 260w, https:\/\/acasaladillo.com.ar\/wp-content\/uploads\/2022\/08\/298549116_609236594103366_8597016219342348509_n-160x135.jpg 160w\" sizes=\"auto, (max-width: 1581px) 100vw, 1581px\" \/><\/figure><\/li><\/ul><\/figure>\n\n\n\n<p>\u00bfQu\u00e9 es un Luthiers? Un lutier, luthier, laudero, lutero o violero es una persona que construye, ajusta o repara instrumentos de cuerda frotada y pulsada. Esto incluye violines, <a href=\"https:\/\/www.facebook.com\/hashtag\/violas?__eep__=6&amp;__cft__[0]=AZUaHJtBTghX3WDmbQ9rNKRMrwk5NMaMZ5UdX2RS93lGboneuKc_8BaZ4RdaCG-kB50BN21qRzi60cuiX6dF95KaTBnDPuu_s_0xSIvjPzabZDXyLln83VGOpiqDbjnCEgnk23QIW4I5nBbJJAAzPAt5&amp;__tn__=*NK-R\">#violas<\/a>, violonchelos, contrabajos y violas da gamba y todo tipo de <a href=\"https:\/\/www.facebook.com\/hashtag\/guitarras?__eep__=6&amp;__cft__[0]=AZUaHJtBTghX3WDmbQ9rNKRMrwk5NMaMZ5UdX2RS93lGboneuKc_8BaZ4RdaCG-kB50BN21qRzi60cuiX6dF95KaTBnDPuu_s_0xSIvjPzabZDXyLln83VGOpiqDbjnCEgnk23QIW4I5nBbJJAAzPAt5&amp;__tn__=*NK-R\">#guitarras<\/a>, cuatros, la\u00fades, archila\u00fades, tiorbas, arpas, mandolinas, clavecines, timples, etc. Adolfo De Castro siempre ha estado relacionado con la m\u00fasica. Desde ni\u00f1o curs\u00f3 estudios de m\u00fasica en el Conservatorio Thibaud-Piazzini, e integr\u00f3 el Coro Polif\u00f3nico de su ciudad y form\u00f3 parte de numerosos grupos de <a href=\"https:\/\/www.facebook.com\/hashtag\/rock?__eep__=6&amp;__cft__[0]=AZUaHJtBTghX3WDmbQ9rNKRMrwk5NMaMZ5UdX2RS93lGboneuKc_8BaZ4RdaCG-kB50BN21qRzi60cuiX6dF95KaTBnDPuu_s_0xSIvjPzabZDXyLln83VGOpiqDbjnCEgnk23QIW4I5nBbJJAAzPAt5&amp;__tn__=*NK-R\">#rock<\/a> durante la d\u00e9cada del `70 como SUB-JOVE; IMAGEN, FRANKENSTEIN.<\/p>\n\n\n\n<figure class=\"wp-block-gallery columns-2 is-cropped wp-block-gallery-2 is-layout-flex wp-block-gallery-is-layout-flex\"><ul class=\"blocks-gallery-grid\"><li class=\"blocks-gallery-item\"><figure><img loading=\"lazy\" decoding=\"async\" width=\"1476\" height=\"1275\" src=\"https:\/\/acasaladillo.com.ar\/wp-content\/uploads\/2022\/08\/298527387_609237997436559_7189357432618101589_n.jpg\" alt=\"\" data-id=\"53418\" data-full-url=\"https:\/\/acasaladillo.com.ar\/wp-content\/uploads\/2022\/08\/298527387_609237997436559_7189357432618101589_n.jpg\" data-link=\"https:\/\/acasaladillo.com.ar\/?attachment_id=53418\" class=\"wp-image-53418\" srcset=\"https:\/\/acasaladillo.com.ar\/wp-content\/uploads\/2022\/08\/298527387_609237997436559_7189357432618101589_n.jpg 1476w, https:\/\/acasaladillo.com.ar\/wp-content\/uploads\/2022\/08\/298527387_609237997436559_7189357432618101589_n-300x259.jpg 300w, https:\/\/acasaladillo.com.ar\/wp-content\/uploads\/2022\/08\/298527387_609237997436559_7189357432618101589_n-768x663.jpg 768w, https:\/\/acasaladillo.com.ar\/wp-content\/uploads\/2022\/08\/298527387_609237997436559_7189357432618101589_n-560x484.jpg 560w, https:\/\/acasaladillo.com.ar\/wp-content\/uploads\/2022\/08\/298527387_609237997436559_7189357432618101589_n-260x225.jpg 260w, https:\/\/acasaladillo.com.ar\/wp-content\/uploads\/2022\/08\/298527387_609237997436559_7189357432618101589_n-160x138.jpg 160w\" sizes=\"auto, (max-width: 1476px) 100vw, 1476px\" \/><\/figure><\/li><li class=\"blocks-gallery-item\"><figure><img loading=\"lazy\" decoding=\"async\" width=\"1361\" height=\"1314\" src=\"https:\/\/acasaladillo.com.ar\/wp-content\/uploads\/2022\/08\/298781629_609237417436617_2813291742293817582_n.jpg\" alt=\"\" data-id=\"53419\" data-full-url=\"https:\/\/acasaladillo.com.ar\/wp-content\/uploads\/2022\/08\/298781629_609237417436617_2813291742293817582_n.jpg\" data-link=\"https:\/\/acasaladillo.com.ar\/?attachment_id=53419\" class=\"wp-image-53419\" srcset=\"https:\/\/acasaladillo.com.ar\/wp-content\/uploads\/2022\/08\/298781629_609237417436617_2813291742293817582_n.jpg 1361w, https:\/\/acasaladillo.com.ar\/wp-content\/uploads\/2022\/08\/298781629_609237417436617_2813291742293817582_n-300x290.jpg 300w, https:\/\/acasaladillo.com.ar\/wp-content\/uploads\/2022\/08\/298781629_609237417436617_2813291742293817582_n-768x741.jpg 768w, https:\/\/acasaladillo.com.ar\/wp-content\/uploads\/2022\/08\/298781629_609237417436617_2813291742293817582_n-560x541.jpg 560w, https:\/\/acasaladillo.com.ar\/wp-content\/uploads\/2022\/08\/298781629_609237417436617_2813291742293817582_n-260x251.jpg 260w, https:\/\/acasaladillo.com.ar\/wp-content\/uploads\/2022\/08\/298781629_609237417436617_2813291742293817582_n-160x154.jpg 160w\" sizes=\"auto, (max-width: 1361px) 100vw, 1361px\" \/><\/figure><\/li><li class=\"blocks-gallery-item\"><figure><img loading=\"lazy\" decoding=\"async\" width=\"1371\" height=\"1244\" src=\"https:\/\/acasaladillo.com.ar\/wp-content\/uploads\/2022\/08\/298837141_609237434103282_5552280101486692127_n.jpg\" alt=\"\" data-id=\"53420\" data-full-url=\"https:\/\/acasaladillo.com.ar\/wp-content\/uploads\/2022\/08\/298837141_609237434103282_5552280101486692127_n.jpg\" data-link=\"https:\/\/acasaladillo.com.ar\/?attachment_id=53420\" class=\"wp-image-53420\" srcset=\"https:\/\/acasaladillo.com.ar\/wp-content\/uploads\/2022\/08\/298837141_609237434103282_5552280101486692127_n.jpg 1371w, https:\/\/acasaladillo.com.ar\/wp-content\/uploads\/2022\/08\/298837141_609237434103282_5552280101486692127_n-300x272.jpg 300w, https:\/\/acasaladillo.com.ar\/wp-content\/uploads\/2022\/08\/298837141_609237434103282_5552280101486692127_n-768x697.jpg 768w, https:\/\/acasaladillo.com.ar\/wp-content\/uploads\/2022\/08\/298837141_609237434103282_5552280101486692127_n-560x508.jpg 560w, https:\/\/acasaladillo.com.ar\/wp-content\/uploads\/2022\/08\/298837141_609237434103282_5552280101486692127_n-260x236.jpg 260w, https:\/\/acasaladillo.com.ar\/wp-content\/uploads\/2022\/08\/298837141_609237434103282_5552280101486692127_n-160x145.jpg 160w\" sizes=\"auto, (max-width: 1371px) 100vw, 1371px\" \/><\/figure><\/li><\/ul><\/figure>\n\n\n\n<p>All\u00e1 por 1970, Adolfo De Castro, integr\u00f3 el primer grupo de Rock en la historia Saladillo, su nombre SUB-JOVE, integrado por Venturo, L\u00f3pez; Dominguez, Garc\u00eda. En el a\u00f1o 76, IMAGEN, est\u00e1 imponiendo una nueva revoluci\u00f3n en la m\u00fasica de nuestra ciudad, su tem\u00e1tica era el Rock sinf\u00f3nico y la canci\u00f3n elaborada, algo extra\u00f1o e innovador. Sus integrantes: L\u00f3pez, Rub\u00e9n (La Pocha); Gonz\u00e1lez, Luis; Ju\u00e1rez, Oscar. <\/p>\n\n\n\n<figure class=\"wp-block-gallery columns-2 is-cropped wp-block-gallery-3 is-layout-flex wp-block-gallery-is-layout-flex\"><ul class=\"blocks-gallery-grid\"><li class=\"blocks-gallery-item\"><figure><img loading=\"lazy\" decoding=\"async\" width=\"1554\" height=\"1110\" src=\"https:\/\/acasaladillo.com.ar\/wp-content\/uploads\/2022\/08\/299165138_609236434103382_8366693590391614715_n.jpg\" alt=\"\" data-id=\"53421\" data-full-url=\"https:\/\/acasaladillo.com.ar\/wp-content\/uploads\/2022\/08\/299165138_609236434103382_8366693590391614715_n.jpg\" data-link=\"https:\/\/acasaladillo.com.ar\/?attachment_id=53421\" class=\"wp-image-53421\" srcset=\"https:\/\/acasaladillo.com.ar\/wp-content\/uploads\/2022\/08\/299165138_609236434103382_8366693590391614715_n.jpg 1554w, https:\/\/acasaladillo.com.ar\/wp-content\/uploads\/2022\/08\/299165138_609236434103382_8366693590391614715_n-300x214.jpg 300w, https:\/\/acasaladillo.com.ar\/wp-content\/uploads\/2022\/08\/299165138_609236434103382_8366693590391614715_n-768x549.jpg 768w, https:\/\/acasaladillo.com.ar\/wp-content\/uploads\/2022\/08\/299165138_609236434103382_8366693590391614715_n-1536x1097.jpg 1536w, https:\/\/acasaladillo.com.ar\/wp-content\/uploads\/2022\/08\/299165138_609236434103382_8366693590391614715_n-560x400.jpg 560w, https:\/\/acasaladillo.com.ar\/wp-content\/uploads\/2022\/08\/299165138_609236434103382_8366693590391614715_n-260x186.jpg 260w, https:\/\/acasaladillo.com.ar\/wp-content\/uploads\/2022\/08\/299165138_609236434103382_8366693590391614715_n-160x114.jpg 160w\" sizes=\"auto, (max-width: 1554px) 100vw, 1554px\" \/><\/figure><\/li><li class=\"blocks-gallery-item\"><figure><img loading=\"lazy\" decoding=\"async\" width=\"1691\" height=\"1018\" src=\"https:\/\/acasaladillo.com.ar\/wp-content\/uploads\/2022\/08\/299360660_609237687436590_8417721962526995709_n.jpg\" alt=\"\" data-id=\"53422\" data-full-url=\"https:\/\/acasaladillo.com.ar\/wp-content\/uploads\/2022\/08\/299360660_609237687436590_8417721962526995709_n.jpg\" data-link=\"https:\/\/acasaladillo.com.ar\/?attachment_id=53422\" class=\"wp-image-53422\" srcset=\"https:\/\/acasaladillo.com.ar\/wp-content\/uploads\/2022\/08\/299360660_609237687436590_8417721962526995709_n.jpg 1691w, https:\/\/acasaladillo.com.ar\/wp-content\/uploads\/2022\/08\/299360660_609237687436590_8417721962526995709_n-300x181.jpg 300w, https:\/\/acasaladillo.com.ar\/wp-content\/uploads\/2022\/08\/299360660_609237687436590_8417721962526995709_n-768x462.jpg 768w, https:\/\/acasaladillo.com.ar\/wp-content\/uploads\/2022\/08\/299360660_609237687436590_8417721962526995709_n-1536x925.jpg 1536w, https:\/\/acasaladillo.com.ar\/wp-content\/uploads\/2022\/08\/299360660_609237687436590_8417721962526995709_n-560x337.jpg 560w, https:\/\/acasaladillo.com.ar\/wp-content\/uploads\/2022\/08\/299360660_609237687436590_8417721962526995709_n-260x157.jpg 260w, https:\/\/acasaladillo.com.ar\/wp-content\/uploads\/2022\/08\/299360660_609237687436590_8417721962526995709_n-160x96.jpg 160w\" sizes=\"auto, (max-width: 1691px) 100vw, 1691px\" \/><\/figure><\/li><li class=\"blocks-gallery-item\"><figure><img loading=\"lazy\" decoding=\"async\" width=\"1598\" height=\"1340\" src=\"https:\/\/acasaladillo.com.ar\/wp-content\/uploads\/2022\/08\/299654701_609237864103239_7267437367521630891_n.jpg\" alt=\"\" data-id=\"53423\" data-full-url=\"https:\/\/acasaladillo.com.ar\/wp-content\/uploads\/2022\/08\/299654701_609237864103239_7267437367521630891_n.jpg\" data-link=\"https:\/\/acasaladillo.com.ar\/?attachment_id=53423\" class=\"wp-image-53423\" srcset=\"https:\/\/acasaladillo.com.ar\/wp-content\/uploads\/2022\/08\/299654701_609237864103239_7267437367521630891_n.jpg 1598w, https:\/\/acasaladillo.com.ar\/wp-content\/uploads\/2022\/08\/299654701_609237864103239_7267437367521630891_n-300x252.jpg 300w, https:\/\/acasaladillo.com.ar\/wp-content\/uploads\/2022\/08\/299654701_609237864103239_7267437367521630891_n-768x644.jpg 768w, https:\/\/acasaladillo.com.ar\/wp-content\/uploads\/2022\/08\/299654701_609237864103239_7267437367521630891_n-1536x1288.jpg 1536w, https:\/\/acasaladillo.com.ar\/wp-content\/uploads\/2022\/08\/299654701_609237864103239_7267437367521630891_n-560x470.jpg 560w, https:\/\/acasaladillo.com.ar\/wp-content\/uploads\/2022\/08\/299654701_609237864103239_7267437367521630891_n-260x218.jpg 260w, https:\/\/acasaladillo.com.ar\/wp-content\/uploads\/2022\/08\/299654701_609237864103239_7267437367521630891_n-160x134.jpg 160w\" sizes=\"auto, (max-width: 1598px) 100vw, 1598px\" \/><\/figure><\/li><\/ul><\/figure>\n\n\n\n<p>En los albores del 79 viaja a Brasil y forma la banda ADOLFO Y GRUPO SILENCIOS, al mismo tiempo que incursiona como sonidista y trabaja con importantes artistas. Luego de dos a\u00f1os regresa a la Argentina para continuar su trabajo con destacados artistas de nivel internacional. En el a\u00f1o 2014, Adolfo De Castro, presenta en el hist\u00f3rico Teatro Marconi su trabajo discogr\u00e1fico \u201cDesde el Comienzo\u201d; trabajo realizado con la colaboraci\u00f3n de artistas de renombre y gran trayectoria. Pero su relaci\u00f3n con la m\u00fasica, no solo estuvo focalizada en el canto y la labor de sonidista, su necesidad de explorar y avanzar dentro de este hermoso arte, lo llev\u00f3 a crear, construir y fabricar una de las guitarras electroac\u00fasticas m\u00e1s importante de la Argentina AVALON, que marc\u00f3 un antes y un despu\u00e9s en el concepto de la guitarra electroac\u00fastica de fabricaci\u00f3n artesanal, m\u00e1s peque\u00f1a que las tradicionales y con un exclusivo sistema de amplificaci\u00f3n. AVALON se expuso en la Convenci\u00f3n Internacional de NAMM, realizada en la ciudad de Nueva Orleans, Lousiana, USA, despertando un serio inter\u00e9s en Europa, \u00c1frica, Australia y Am\u00e9rica, junto con inmejorables comentarios. AVALON, fue utilizada por artistas internacionales como: Joan Manuel Serrat, Silvio Rodr\u00edguez; Juan Carlos Baglietto, Litto Nebbia, Le\u00f3n Gieco, Cacho Tirao, Alberto Cort\u00e9s, Luis Borda, Los Trovadores, Facundo Cabral, Fontova, Yabor, entre otros. Tambi\u00e9n desde hace 35 a\u00f1os, es el luthier oficial de Gibson, Godin, Yamaha y Takamine y mediante la firma Import Music Argentina es luthier de Ovation, Fernandes, Epiphone, Parker, etc. Por pedido especial de artistas como el Indio Solari, Skay y Ricardo Mollo, construy\u00f3 guitarras s\u00f3lidas y semi-s\u00f3lidas, aplic\u00e1ndoles conceptos nuevos y caracter\u00edsticas peculiares, que no s\u00f3lo apuntan a la calidad del instrumento, sino tambi\u00e9n a realzar el esp\u00edritu de cada uno de estos. Actualmente se encuentra abocado a un nuevo proyecto de dise\u00f1o de guitarra a pedido de un artista con un talento inagotable como es Gustavo Santaolalla. <\/p>\n\n\n\n<figure class=\"wp-block-image size-full\"><img loading=\"lazy\" decoding=\"async\" width=\"1440\" height=\"1395\" src=\"https:\/\/acasaladillo.com.ar\/wp-content\/uploads\/2022\/08\/74589970_10215779471707064_7668538328890736640_n-1.jpg\" alt=\"\" class=\"wp-image-53424\" srcset=\"https:\/\/acasaladillo.com.ar\/wp-content\/uploads\/2022\/08\/74589970_10215779471707064_7668538328890736640_n-1.jpg 1440w, https:\/\/acasaladillo.com.ar\/wp-content\/uploads\/2022\/08\/74589970_10215779471707064_7668538328890736640_n-1-300x291.jpg 300w, https:\/\/acasaladillo.com.ar\/wp-content\/uploads\/2022\/08\/74589970_10215779471707064_7668538328890736640_n-1-768x744.jpg 768w, https:\/\/acasaladillo.com.ar\/wp-content\/uploads\/2022\/08\/74589970_10215779471707064_7668538328890736640_n-1-560x543.jpg 560w, https:\/\/acasaladillo.com.ar\/wp-content\/uploads\/2022\/08\/74589970_10215779471707064_7668538328890736640_n-1-260x252.jpg 260w, https:\/\/acasaladillo.com.ar\/wp-content\/uploads\/2022\/08\/74589970_10215779471707064_7668538328890736640_n-1-160x155.jpg 160w\" sizes=\"auto, (max-width: 1440px) 100vw, 1440px\" \/><\/figure>\n\n\n\n<p>Al mismo tiempo contin\u00faa con su necesidad de expandir su sello De Castro Guitar Works y mediante una nueva producci\u00f3n en serie, incorporar nuevamente al mercado, su primera y exitosa creaci\u00f3n, la guitarra AVALON por ser instrumentos argentinos de exportaci\u00f3n, con un amplio margen de competitividad en el mercado internacional. Por su trayectoria y conocimientos musicales, se asocia con cada m\u00fasico para poder comprender las necesidades y exigencias, es de esta manera que puede aprovechar al m\u00e1ximo el instrumento para que este sirva como elemento de inspiraci\u00f3n, expresi\u00f3n y creaci\u00f3n. El afecto de Adolfo De Castro por Saladillo su ciudad natal, nuestra ciudad, le ha llevado a proyectar instalar su reconocida f\u00e1brica de instrumentos musicales en Saladillo. Para que el proyecto se concrete es importante lograr la colaboraci\u00f3n de los distintos niveles del Estado. Estuve charlando con \u00e9l, su hija Mar\u00eda \u00c1ngeles y Adalberto Bruno sobre el mencionado proyecto por el t\u00e9rmino de algunas horas, el d\u00eda 17 de junio pasado. Me pareci\u00f3 de suma importancia para nuestra ciudad su proyecto. Quiz\u00e1s el esfuerzo compartido de muchos pueda hacer que el proyecto se concrete. Ser\u00eda importante vuelvo a reiterar para Saladillo, figuras art\u00edsticas de renombre nacional e internacional conocen la calidad del trabajo de Adolfo De Castro y le han requerido la fabricaci\u00f3n de algunos instrumentos musicales. Sugiero a quienes tengan responsabilidad institucional de nuestro medio en los distintos niveles del Estado eval\u00faen la posibilidad de que el Luthier Adolfo De castro pueda instalar su f\u00e1brica en nuestra ciudad, estimo que nos traer\u00eda m\u00faltiples beneficios.\u201d <a href=\"https:\/\/www.facebook.com\/GoroIntendente2015?__cft__[0]=AZUaHJtBTghX3WDmbQ9rNKRMrwk5NMaMZ5UdX2RS93lGboneuKc_8BaZ4RdaCG-kB50BN21qRzi60cuiX6dF95KaTBnDPuu_s_0xSIvjPzabZDXyLln83VGOpiqDbjnCEgnk23QIW4I5nBbJJAAzPAt5&amp;__tn__=-]K-R\">Carlos Antonio Gorosito<\/a> Ex &#8211; Intendente Municipal (1991-2015), Saladillo 18 de Agosto de 2022.<\/p>\n","protected":false},"excerpt":{"rendered":"<p>Adolfo De Castro<\/p>\n<p class=\"more-link-p\"><a class=\"more-link\" href=\"https:\/\/acasaladillo.com.ar\/?p=53413\">Read more &rarr;<\/a><\/p>\n","protected":false},"author":3,"featured_media":20784,"comment_status":"closed","ping_status":"closed","sticky":false,"template":"","format":"standard","meta":{"_monsterinsights_skip_tracking":false,"footnotes":""},"categories":[1],"tags":[3020,2801],"class_list":["post-53413","post","type-post","status-publish","format-standard","has-post-thumbnail","hentry","category-noticias","tag-adolfo-de-castro","tag-carlos-gorosito"],"aioseo_notices":[],"_links":{"self":[{"href":"https:\/\/acasaladillo.com.ar\/index.php?rest_route=\/wp\/v2\/posts\/53413","targetHints":{"allow":["GET"]}}],"collection":[{"href":"https:\/\/acasaladillo.com.ar\/index.php?rest_route=\/wp\/v2\/posts"}],"about":[{"href":"https:\/\/acasaladillo.com.ar\/index.php?rest_route=\/wp\/v2\/types\/post"}],"author":[{"embeddable":true,"href":"https:\/\/acasaladillo.com.ar\/index.php?rest_route=\/wp\/v2\/users\/3"}],"replies":[{"embeddable":true,"href":"https:\/\/acasaladillo.com.ar\/index.php?rest_route=%2Fwp%2Fv2%2Fcomments&post=53413"}],"version-history":[{"count":2,"href":"https:\/\/acasaladillo.com.ar\/index.php?rest_route=\/wp\/v2\/posts\/53413\/revisions"}],"predecessor-version":[{"id":60287,"href":"https:\/\/acasaladillo.com.ar\/index.php?rest_route=\/wp\/v2\/posts\/53413\/revisions\/60287"}],"wp:featuredmedia":[{"embeddable":true,"href":"https:\/\/acasaladillo.com.ar\/index.php?rest_route=\/wp\/v2\/media\/20784"}],"wp:attachment":[{"href":"https:\/\/acasaladillo.com.ar\/index.php?rest_route=%2Fwp%2Fv2%2Fmedia&parent=53413"}],"wp:term":[{"taxonomy":"category","embeddable":true,"href":"https:\/\/acasaladillo.com.ar\/index.php?rest_route=%2Fwp%2Fv2%2Fcategories&post=53413"},{"taxonomy":"post_tag","embeddable":true,"href":"https:\/\/acasaladillo.com.ar\/index.php?rest_route=%2Fwp%2Fv2%2Ftags&post=53413"}],"curies":[{"name":"wp","href":"https:\/\/api.w.org\/{rel}","templated":true}]}}