{"id":51956,"date":"2022-05-07T20:54:27","date_gmt":"2022-05-07T23:54:27","guid":{"rendered":"https:\/\/acasaladillo.com.ar\/?p=51956"},"modified":"2024-07-31T22:35:09","modified_gmt":"2024-08-01T01:35:09","slug":"murio-javier","status":"publish","type":"post","link":"https:\/\/acasaladillo.com.ar\/?p=51956","title":{"rendered":"Muri\u00f2 Javier"},"content":{"rendered":"\n<figure class=\"wp-block-image size-full is-style-rounded\"><img loading=\"lazy\" decoding=\"async\" width=\"225\" height=\"225\" src=\"https:\/\/acasaladillo.com.ar\/wp-content\/uploads\/2022\/05\/descarga-1-1.jpg\" alt=\"\" class=\"wp-image-51971\" srcset=\"https:\/\/acasaladillo.com.ar\/wp-content\/uploads\/2022\/05\/descarga-1-1.jpg 225w, https:\/\/acasaladillo.com.ar\/wp-content\/uploads\/2022\/05\/descarga-1-1-160x160.jpg 160w\" sizes=\"auto, (max-width: 225px) 100vw, 225px\" \/><\/figure>\n\n\n\n<p>A los 64 a\u00f1os<\/p>\n\n\n\n<hr class=\"wp-block-separator\"\/>\n\n\n\n<!--more-->\n\n\n\n<p><a><strong>EN LA PLATA<\/strong><\/a><\/p>\n\n\n\n<h1 class=\"wp-block-heading\">A los 64 a\u00f1os muri\u00f3 el hist\u00f3rico dirigente radical Javier Quinterno<\/h1>\n\n\n\n<h2 class=\"wp-block-heading\">Hab\u00eda nacido en Saladillo y se vino a estudiar a nuestra ciudad desde muy joven. Fue concejal, funcionario y candidato a intendente.<\/h2>\n\n\n\n<p>07 de mayo de 2022<\/p>\n\n\n\n<p><strong>Este s\u00e1bado se conoci\u00f3 la triste noticia del fallecimiento del hist\u00f3rico dirigente de la Uni\u00f3n C\u00edvica Radical (UCR) en nuestra ciudad, Javier Quinterno. El&nbsp;ex candidato a intendente de La Plata muri\u00f3 a los 64 a\u00f1os. As\u00ed lo confirmaron sus allegados.<\/strong><\/p>\n\n\n\n<p>Quinterno hab\u00eda nacido en Saladillo y desde muy joven se vino a estudiar a La Plata. Se recibi\u00f3 de contador p\u00fablico en la Universidad Nacional de La Plata (UNLP) y en su larga&nbsp;trayectoria militante lleg\u00f3 a ser concejal por la UCR en dos per\u00edodos:&nbsp;en 1989 y en 1997.&nbsp;Fue presidente del bloque de concejales de ese partido.<\/p>\n\n\n\n<p>Adem\u00e1s funcionario del Gobierno bonaerense de Alejandro Armend\u00e1riz en 1983 y ejerci\u00f3 como secretario de Gobierno del intendente radical Pablo Pinto desde 1987 hasta 1989.<\/p>\n\n\n\n<p>En dos elecciones se present\u00f3 primero como&nbsp;candidato a intendente de La Plata (1999) y luego como candidato a diputado bonaerense (2001). Ya ten\u00eda en su haber un libro escrito titulado&nbsp;\u201cLa triste realidad de Argentina y Am\u00e9rica Latina\u201d.<\/p>\n\n\n\n<figure class=\"wp-block-image size-full\"><img loading=\"lazy\" decoding=\"async\" width=\"960\" height=\"1280\" src=\"https:\/\/acasaladillo.com.ar\/wp-content\/uploads\/2022\/05\/1651946630752.jpg\" alt=\"\" class=\"wp-image-51967\" srcset=\"https:\/\/acasaladillo.com.ar\/wp-content\/uploads\/2022\/05\/1651946630752.jpg 960w, https:\/\/acasaladillo.com.ar\/wp-content\/uploads\/2022\/05\/1651946630752-225x300.jpg 225w, https:\/\/acasaladillo.com.ar\/wp-content\/uploads\/2022\/05\/1651946630752-768x1024.jpg 768w, https:\/\/acasaladillo.com.ar\/wp-content\/uploads\/2022\/05\/1651946630752-560x747.jpg 560w, https:\/\/acasaladillo.com.ar\/wp-content\/uploads\/2022\/05\/1651946630752-260x347.jpg 260w, https:\/\/acasaladillo.com.ar\/wp-content\/uploads\/2022\/05\/1651946630752-160x213.jpg 160w\" sizes=\"auto, (max-width: 960px) 100vw, 960px\" \/><\/figure>\n\n\n\n<p>En 1977, cuando era estudiante en la UNLP, fue secuestrado y permaneci\u00f3 desaparecido en el campo clandestino denominado \u201cLa Cacha\u201d. Eso lo llev\u00f3 a escribir m\u00e1s tarde \u00abLa Cacha, memorias de una \u00e9poca\u00bb.<\/p>\n\n\n\n<hr class=\"wp-block-separator\"\/>\n\n\n\n<hr class=\"wp-block-separator\"\/>\n\n\n\n<h2 class=\"wp-block-heading\" id=\":pj\">A LAS 64 A\u00d1OS FALLECI\u00d3 H\u00c9CTOR JAVIER QUINTERNO<\/h2>\n\n\n\n<p>A LAS 64 A\u00d1OS FALLECI\u00d3 H\u00c9CTOR JAVIER QUINTERNO<br>\u201cJAVIER TE RECORDAR\u00c9 COMO AQUEL JOVEN&nbsp; CON QUIEN COMPART\u00cd MUCHAS LUCHAS, TE RECORDAR\u00c9 COMO&nbsp; AQUEL&nbsp; JOVEN QUE QUER\u00cdA CAMBIAR EL MUNDO PARA QUE FUERA MEJOR\u201d GORO<\/p>\n\n\n\n<p>\u201cEn estos d\u00edas he pensado reiteradamente que tal vez la \u00fanica certidumbre, la \u00fanica certeza que tengamos los seres humanos y quiz\u00e1s sea la m\u00e1s cruel de todas: es que un d\u00eda moriremos. Va de suyo&nbsp; esa certeza porque&nbsp; la vida de los seres humanos es finita.&nbsp; Todos&nbsp; pensamos y aspiramos vivir el tiempo que marcan las&nbsp; expectativas&nbsp; de vida actuales. Pero a veces ocurren eventos ajenos a nuestra voluntad que anticipan&nbsp; nuestra&nbsp; partida de este mundo en forma temprana.&nbsp; Hoy por la ma\u00f1ana&nbsp; Lilian Quinterno me transmiti\u00f3 una noticia muy triste. \u201cCarlos: Javier falleci\u00f3. Se fue en paz, durmiendo y en su casa\u201d.&nbsp; <\/p>\n\n\n\n<figure class=\"wp-block-image size-full\"><img loading=\"lazy\" decoding=\"async\" width=\"720\" height=\"405\" src=\"https:\/\/acasaladillo.com.ar\/wp-content\/uploads\/2022\/05\/FB_IMG_1651959371623-1.jpg\" alt=\"\" class=\"wp-image-51959\" srcset=\"https:\/\/acasaladillo.com.ar\/wp-content\/uploads\/2022\/05\/FB_IMG_1651959371623-1.jpg 720w, https:\/\/acasaladillo.com.ar\/wp-content\/uploads\/2022\/05\/FB_IMG_1651959371623-1-300x169.jpg 300w, https:\/\/acasaladillo.com.ar\/wp-content\/uploads\/2022\/05\/FB_IMG_1651959371623-1-560x315.jpg 560w, https:\/\/acasaladillo.com.ar\/wp-content\/uploads\/2022\/05\/FB_IMG_1651959371623-1-260x146.jpg 260w, https:\/\/acasaladillo.com.ar\/wp-content\/uploads\/2022\/05\/FB_IMG_1651959371623-1-160x90.jpg 160w\" sizes=\"auto, (max-width: 720px) 100vw, 720px\" \/><\/figure>\n\n\n\n<p>Se&nbsp; refer\u00eda a su hermano H\u00e9ctor Javier&nbsp; Quinterno. Si bien yo sab\u00eda que \u00e9l estaba luchando denodadamente contra un problema de salud, y lo hac\u00eda con la fortaleza que siempre lo caracteriz\u00f3. Debo manifestar que la noticia me conmovi\u00f3 profundamente. Me qued\u00e9 en&nbsp; silencio, sin reacci\u00f3n como alguien que no puede creer lo que le han informado. Solo unos minutos&nbsp; despu\u00e9s pude hablar con hermana. Lo cierto es&nbsp; que Javier como todos los llam\u00e1bamos o&nbsp; \u201cJavito\u201d como le&nbsp; sol\u00eda decir Elba su madre, hoy&nbsp; dejo este mundo con sue\u00f1os y esperanzas&nbsp; inconclusas .&nbsp; Dejar este mundo a los 64 a\u00f1os es partir muy tempranamente, pero desde mi concepci\u00f3n&nbsp; de creyente solo el Supremo sabr\u00e1 el porqu\u00e9 de sus decisiones.&nbsp; Javier naci\u00f3 el 27 de octubre de 1957 en nuestra ciudad, yo le empec\u00e9 s&nbsp; tratar en el ex Colegio Nacional&nbsp; Anexo Comercial \u201cManuel Pardal\u201d, era el a\u00f1o&nbsp; 1974 yo estaba&nbsp; cursando el \u00faltimo a\u00f1o de Perito Mercantil y \u00e9l&nbsp; cuarto a\u00f1o .&nbsp; Javier ten\u00eda por entonces 16 a\u00f1os.&nbsp; \u00c9l viv\u00eda en la calle Emparanza casi 12 de&nbsp; Octubre y&nbsp; yo por entonces&nbsp; Alisal y Mart\u00edn Fierro (Barrio La Falucho), de manera que diariamente (de lunes a viernes camin\u00e1bamos unas cuantas cuadras juntos) y habl\u00e1bamos de pol\u00edtica durante todo el trayecto.&nbsp; Como notaba sus inquietudes pol\u00edticas lo invite a una reuni\u00f3n a la casa del Ing. Julio Fernando Volant\u00e9 que a la saz\u00f3n&nbsp; era Diputado Provincial.&nbsp; Se incorpor\u00f3 entonces a la militancia activa en el radicalismo.&nbsp; Javier era&nbsp; extraordinariamente&nbsp; inteligente, quienes lo han conocido y tratado pueden dar testimonio de lo que estoy diciendo.&nbsp; Adem\u00e1s&nbsp; ten\u00eda gran capacidad para escribir, en las p\u00e1ginas del&nbsp; Semanario&nbsp; El Argentino tuvo oportunidad de fijar sus posiciones pol\u00edticas antes e inmediatamente despu\u00e9s del Golpe C\u00edvico-Militar de 1976.&nbsp; A los 17 a\u00f1os p\u00fablicos un libro al que t\u00edtulo: \u201cLa Triste Realidad de Argentina y Am\u00e9rica Latina\u201d. La presentaci\u00f3n se hizo en la Biblioteca.&nbsp; En 1976 Javier fue a estudiar a&nbsp; La Plata y el&nbsp; 2 de junio de 1977 fue secuestrado&nbsp; y detenido en el centro clandestino\u201d La Cacha\u201d, all\u00ed fue torturado durante 36 d\u00edas. El 9 de Julio de 1977 junto a otros correligionarios y amigos lo fuimos a&nbsp; espera a la Terminal de \u00d3mnibus&nbsp; de nuestra ciudad. Desde ese momento nuestro contacto y se hizo m\u00e1s fluido. Yo conoc\u00eda sus intimidades y el&nbsp; las m\u00edas. Ingreso a la&nbsp; Caja de Cr\u00e9dito de nuestra ciudad luego Banco Local y actual Banco Crediccop.&nbsp;<\/p>\n\n\n\n<figure class=\"wp-block-image size-full\"><img loading=\"lazy\" decoding=\"async\" width=\"572\" height=\"649\" src=\"https:\/\/acasaladillo.com.ar\/wp-content\/uploads\/2022\/05\/FB_IMG_1651959369281-1.jpg\" alt=\"\" class=\"wp-image-51960\" srcset=\"https:\/\/acasaladillo.com.ar\/wp-content\/uploads\/2022\/05\/FB_IMG_1651959369281-1.jpg 572w, https:\/\/acasaladillo.com.ar\/wp-content\/uploads\/2022\/05\/FB_IMG_1651959369281-1-264x300.jpg 264w, https:\/\/acasaladillo.com.ar\/wp-content\/uploads\/2022\/05\/FB_IMG_1651959369281-1-560x635.jpg 560w, https:\/\/acasaladillo.com.ar\/wp-content\/uploads\/2022\/05\/FB_IMG_1651959369281-1-260x295.jpg 260w, https:\/\/acasaladillo.com.ar\/wp-content\/uploads\/2022\/05\/FB_IMG_1651959369281-1-160x182.jpg 160w\" sizes=\"auto, (max-width: 572px) 100vw, 572px\" \/><\/figure>\n\n\n\n<p> &nbsp;Luego se instal\u00f3 en la Capital Federal&nbsp; &nbsp;y peri\u00f3dicamente nos reun\u00edamos en un departamento que \u00e9l ten\u00eda sobre la Avda. San Juan&nbsp; casi Av.&nbsp; Boedo lugar en el que yo me sol\u00eda quedar. All\u00ed charlabamos&nbsp; b\u00e1sicamente de pol\u00edtica y de las cosas de nuestro querido Saladillo.&nbsp; Con el&nbsp; advenimiento de la Democracia en el 1984 fue convocado por el Ing. Julio Volont\u00e9 que era Secretario Gral. de la Gobernaci\u00f3n durante el Gobierno del Dr. Alejandro Armend\u00e1riz para ocupar el cargo de&nbsp; Sub. Secretario T\u00e9cnico.&nbsp; Posteriormente&nbsp; fue Secretario de Gobierno&nbsp; de la Municipal de la Plata&nbsp; durante la gesti\u00f3n del Intendente Pablo Pinto.&nbsp; En 1989&nbsp; fue Concejal, tambi\u00e9n lo fue en 1997 y Candidato a Intendente de La Plata en 1999.&nbsp; La Plata fue su ciudad adoptiva.&nbsp; Hac\u00eda&nbsp; tiempo que no charl\u00e1bamos detenidamente con Javier. Nos deb\u00edamos una charla. Yo quer\u00eda discutir y recordar algunas cosas con \u00e9l. Ahora ya no podr\u00e1 ser. Dejar\u00e9 para otro momento otros aspectos de nuestra relaci\u00f3n personal y pol\u00edtica. Tambi\u00e9n el&nbsp; relato de muchas de mis acciones vinculadas con su secuestro.&nbsp;<\/p>\n\n\n\n<figure class=\"wp-block-image size-full\"><img loading=\"lazy\" decoding=\"async\" width=\"720\" height=\"602\" src=\"https:\/\/acasaladillo.com.ar\/wp-content\/uploads\/2022\/05\/FB_IMG_1651959373899-1-2.jpg\" alt=\"\" class=\"wp-image-51961\" srcset=\"https:\/\/acasaladillo.com.ar\/wp-content\/uploads\/2022\/05\/FB_IMG_1651959373899-1-2.jpg 720w, https:\/\/acasaladillo.com.ar\/wp-content\/uploads\/2022\/05\/FB_IMG_1651959373899-1-2-300x251.jpg 300w, https:\/\/acasaladillo.com.ar\/wp-content\/uploads\/2022\/05\/FB_IMG_1651959373899-1-2-560x468.jpg 560w, https:\/\/acasaladillo.com.ar\/wp-content\/uploads\/2022\/05\/FB_IMG_1651959373899-1-2-260x217.jpg 260w, https:\/\/acasaladillo.com.ar\/wp-content\/uploads\/2022\/05\/FB_IMG_1651959373899-1-2-160x134.jpg 160w\" sizes=\"auto, (max-width: 720px) 100vw, 720px\" \/><\/figure>\n\n\n\n<p> Hoy debo expresar que me conmueve profundamente la partida hacia el descanso de eterno de&nbsp; Javier. Hoy lo recuerdo en nombre de nuestras viejas luchas.&nbsp; En nuestra juventud hab\u00edamos so\u00f1ado cambiar el mundo para que fuera m\u00e1s justo y equitativo.&nbsp; So\u00f1\u00e1bamos con una argentina en crecimiento y con justicia.&nbsp; Javier hizo sobradamente su aporte en&nbsp; su paso por este mundo.&nbsp; &nbsp; En el mensaje final de su libro&nbsp; \u201cLa Cacha\u201d: Memorias de una&nbsp; \u00e9poca Javier escribe: \u201c\u2026 Todos vamos a morir alg\u00fan&nbsp; d\u00eda.&nbsp; &nbsp;Algunos ser\u00e1n recordados por sus grandes logros y otros, tal vez no sean recordados por nada trascendente .Pero vale la pena preguntarse: \u00bfC\u00f3mo nos gustar\u00eda que nos recuerden? Soy de los que creen que deber\u00edamos tratar de ser recordados por entregar cada momento&nbsp; de nuestras vidas para construir un mundo mejor a quienes tal vez, alg\u00fan, se enteren de que existimos\u201d.&nbsp; Javier debo decirte que yo te recordar\u00e9 como aquel joven con quien compart\u00ed&nbsp; muchas luchas, te recordar\u00e9 como&nbsp; aquel&nbsp; joven que quer\u00eda cambiar el mundo para fuera mejor\u201d. Carlos Antonio&nbsp; Gorosito-&nbsp; \u201cGoro\u201d, Saladillo&nbsp; 7 de Mayo de 2022.<\/p>\n\n\n\n<figure class=\"wp-block-image size-full\"><img loading=\"lazy\" decoding=\"async\" width=\"720\" height=\"515\" src=\"https:\/\/acasaladillo.com.ar\/wp-content\/uploads\/2022\/05\/FB_IMG_1651959378656.jpg\" alt=\"\" class=\"wp-image-51962\" srcset=\"https:\/\/acasaladillo.com.ar\/wp-content\/uploads\/2022\/05\/FB_IMG_1651959378656.jpg 720w, https:\/\/acasaladillo.com.ar\/wp-content\/uploads\/2022\/05\/FB_IMG_1651959378656-300x215.jpg 300w, https:\/\/acasaladillo.com.ar\/wp-content\/uploads\/2022\/05\/FB_IMG_1651959378656-560x401.jpg 560w, https:\/\/acasaladillo.com.ar\/wp-content\/uploads\/2022\/05\/FB_IMG_1651959378656-260x186.jpg 260w, https:\/\/acasaladillo.com.ar\/wp-content\/uploads\/2022\/05\/FB_IMG_1651959378656-160x114.jpg 160w\" sizes=\"auto, (max-width: 720px) 100vw, 720px\" \/><\/figure>\n\n\n\n<hr class=\"wp-block-separator\"\/>\n\n\n\n<hr class=\"wp-block-separator\"\/>\n\n\n\n<p>Falleci\u00f3 el dirigente radical de La Plata Javier Quinterno<br>|Ten\u00eda 64 a\u00f1os<\/p>\n\n\n\n<figure class=\"wp-block-image size-full\"><img loading=\"lazy\" decoding=\"async\" width=\"880\" height=\"512\" src=\"https:\/\/acasaladillo.com.ar\/wp-content\/uploads\/2022\/05\/20220507132736_quinterno.jpg\" alt=\"\" class=\"wp-image-51963\" srcset=\"https:\/\/acasaladillo.com.ar\/wp-content\/uploads\/2022\/05\/20220507132736_quinterno.jpg 880w, https:\/\/acasaladillo.com.ar\/wp-content\/uploads\/2022\/05\/20220507132736_quinterno-300x175.jpg 300w, https:\/\/acasaladillo.com.ar\/wp-content\/uploads\/2022\/05\/20220507132736_quinterno-768x447.jpg 768w, https:\/\/acasaladillo.com.ar\/wp-content\/uploads\/2022\/05\/20220507132736_quinterno-560x326.jpg 560w, https:\/\/acasaladillo.com.ar\/wp-content\/uploads\/2022\/05\/20220507132736_quinterno-260x151.jpg 260w, https:\/\/acasaladillo.com.ar\/wp-content\/uploads\/2022\/05\/20220507132736_quinterno-160x93.jpg 160w\" sizes=\"auto, (max-width: 880px) 100vw, 880px\" \/><\/figure>\n\n\n\n<p>Este s\u00e1bado se conoci\u00f3 la triste noticia del fallecimiento del dirigente de la Uni\u00f3n C\u00edvica Radical (UCR) y ex candidato a intendente de La Plata Javier Quinterno a los&nbsp;64 a\u00f1os. As\u00ed lo confirmaron allegados suyos.<\/p>\n\n\n\n<p>Quinterno hab\u00eda nacido en Saladillo y a los 18 a\u00f1os vino a estudiar a La Plata. En la Universidad Nacional de La Plata (UNLP)&nbsp;se recibi\u00f3 de contador p\u00fablico. En su trayectoria militante lleg\u00f3 a concejal por la UCR en dos per\u00edodos, en 1989 y en 1997, y&nbsp;fue presidente del bloque de concejales de dicho partido.<\/p>\n\n\n\n<p>Tambi\u00e9n&nbsp; fue funcionario del gobierno de Alejandro Armend\u00e1riz en la provincia en 1983&nbsp;y ejerci\u00f3 como secretario de Gobierno del intendente radical Pablo Pinto desde 1987 hasta 1989.<\/p>\n\n\n\n<p>Adem\u00e1s, fue candidato a intendente de La Plata&nbsp;en 1999 y&nbsp;en 2001 se candidate\u00f3 a diputado bonaerense. A los 17 a\u00f1os present\u00f3 su primer libro \u201cLa triste realidad de Argentina y Am\u00e9rica Latina\u201d.<\/p>\n\n\n\n<p>En 1977, cuando era estudiante en la UNLP, fue secuestrado y permaneci\u00f3 desaparecido por la dictadura militar en el campo clandestino denominado \u201cLa Cacha\u201d. Tales hechos lo llevaron a publica otro libro, \u00abLa Cacha, memorias de una \u00e9poca\u00bb.&nbsp;<\/p>\n\n\n\n<hr class=\"wp-block-separator\"\/>\n\n\n\n<hr class=\"wp-block-separator\"\/>\n\n\n\n<p>HASTA SIEMPRE JAVIER QUINTERNO<\/p>\n\n\n\n<p>Tu Pueblo de Saladillo te valora el compromiso por la vigencia de nuestra Democracia, y por la incansable lucha por los Derechos Humanos, la Memoria, la Verdad y la Justicia.Has sido un valioso referente para la actual Gesti\u00f3n Municipal y hoy te despedimos con mucho afecto y un eterno reconocimiento.Saludamos especialmente a sus familiares y seres queridos.Javier, que descanses en Paz.Te recordamos en este video:JAVIER QUINTERNO, RELATO EN PRIMERA PERSONA( <a href=\"https:\/\/youtu.be\/PHfpKZy-q4Q?fbclid=IwAR20ddPjWfXKdW9_gLSt14G3ieUKtqnnuYlx9Mo4LQx_QhsfxBDZT0sqRjE\" rel=\"noreferrer noopener\" target=\"_blank\">https:\/\/youtu.be\/PHfpKZy-q4Q<\/a><\/p>\n\n\n\n<figure class=\"wp-block-image size-full\"><img loading=\"lazy\" decoding=\"async\" width=\"640\" height=\"530\" src=\"https:\/\/acasaladillo.com.ar\/wp-content\/uploads\/2022\/05\/278548294_369926485177288_7549692334121875220_n.jpg\" alt=\"\" class=\"wp-image-51966\" srcset=\"https:\/\/acasaladillo.com.ar\/wp-content\/uploads\/2022\/05\/278548294_369926485177288_7549692334121875220_n.jpg 640w, https:\/\/acasaladillo.com.ar\/wp-content\/uploads\/2022\/05\/278548294_369926485177288_7549692334121875220_n-300x248.jpg 300w, https:\/\/acasaladillo.com.ar\/wp-content\/uploads\/2022\/05\/278548294_369926485177288_7549692334121875220_n-560x464.jpg 560w, https:\/\/acasaladillo.com.ar\/wp-content\/uploads\/2022\/05\/278548294_369926485177288_7549692334121875220_n-260x215.jpg 260w, https:\/\/acasaladillo.com.ar\/wp-content\/uploads\/2022\/05\/278548294_369926485177288_7549692334121875220_n-160x133.jpg 160w\" sizes=\"auto, (max-width: 640px) 100vw, 640px\" \/><\/figure>\n\n\n\n<hr class=\"wp-block-separator\"\/>\n\n\n\n<hr class=\"wp-block-separator\"\/>\n\n\n\n<p><\/p>\n","protected":false},"excerpt":{"rendered":"<p>A los 64 a\u00f1os<\/p>\n<p class=\"more-link-p\"><a class=\"more-link\" href=\"https:\/\/acasaladillo.com.ar\/?p=51956\">Read more &rarr;<\/a><\/p>\n","protected":false},"author":3,"featured_media":51971,"comment_status":"closed","ping_status":"closed","sticky":false,"template":"","format":"standard","meta":{"_monsterinsights_skip_tracking":false,"footnotes":""},"categories":[1],"tags":[3177],"class_list":["post-51956","post","type-post","status-publish","format-standard","has-post-thumbnail","hentry","category-noticias","tag-a-los-64-anos-murio-el-historico-dirigente-radical-javier-quinterno"],"aioseo_notices":[],"_links":{"self":[{"href":"https:\/\/acasaladillo.com.ar\/index.php?rest_route=\/wp\/v2\/posts\/51956","targetHints":{"allow":["GET"]}}],"collection":[{"href":"https:\/\/acasaladillo.com.ar\/index.php?rest_route=\/wp\/v2\/posts"}],"about":[{"href":"https:\/\/acasaladillo.com.ar\/index.php?rest_route=\/wp\/v2\/types\/post"}],"author":[{"embeddable":true,"href":"https:\/\/acasaladillo.com.ar\/index.php?rest_route=\/wp\/v2\/users\/3"}],"replies":[{"embeddable":true,"href":"https:\/\/acasaladillo.com.ar\/index.php?rest_route=%2Fwp%2Fv2%2Fcomments&post=51956"}],"version-history":[{"count":3,"href":"https:\/\/acasaladillo.com.ar\/index.php?rest_route=\/wp\/v2\/posts\/51956\/revisions"}],"predecessor-version":[{"id":60284,"href":"https:\/\/acasaladillo.com.ar\/index.php?rest_route=\/wp\/v2\/posts\/51956\/revisions\/60284"}],"wp:featuredmedia":[{"embeddable":true,"href":"https:\/\/acasaladillo.com.ar\/index.php?rest_route=\/wp\/v2\/media\/51971"}],"wp:attachment":[{"href":"https:\/\/acasaladillo.com.ar\/index.php?rest_route=%2Fwp%2Fv2%2Fmedia&parent=51956"}],"wp:term":[{"taxonomy":"category","embeddable":true,"href":"https:\/\/acasaladillo.com.ar\/index.php?rest_route=%2Fwp%2Fv2%2Fcategories&post=51956"},{"taxonomy":"post_tag","embeddable":true,"href":"https:\/\/acasaladillo.com.ar\/index.php?rest_route=%2Fwp%2Fv2%2Ftags&post=51956"}],"curies":[{"name":"wp","href":"https:\/\/api.w.org\/{rel}","templated":true}]}}