{"id":51009,"date":"2022-02-11T21:42:44","date_gmt":"2022-02-12T00:42:44","guid":{"rendered":"https:\/\/acasaladillo.com.ar\/?p=51009"},"modified":"2022-02-11T21:43:16","modified_gmt":"2022-02-12T00:43:16","slug":"apertura-2","status":"publish","type":"post","link":"https:\/\/acasaladillo.com.ar\/?p=51009","title":{"rendered":"Apertura"},"content":{"rendered":"\n<figure class=\"wp-block-image size-full is-style-rounded\"><img loading=\"lazy\" decoding=\"async\" width=\"1280\" height=\"720\" src=\"https:\/\/acasaladillo.com.ar\/wp-content\/uploads\/2022\/02\/1-7.jpg\" alt=\"\" class=\"wp-image-51010\" srcset=\"https:\/\/acasaladillo.com.ar\/wp-content\/uploads\/2022\/02\/1-7.jpg 1280w, https:\/\/acasaladillo.com.ar\/wp-content\/uploads\/2022\/02\/1-7-300x169.jpg 300w, https:\/\/acasaladillo.com.ar\/wp-content\/uploads\/2022\/02\/1-7-768x432.jpg 768w, https:\/\/acasaladillo.com.ar\/wp-content\/uploads\/2022\/02\/1-7-560x315.jpg 560w, https:\/\/acasaladillo.com.ar\/wp-content\/uploads\/2022\/02\/1-7-260x146.jpg 260w, https:\/\/acasaladillo.com.ar\/wp-content\/uploads\/2022\/02\/1-7-160x90.jpg 160w\" sizes=\"auto, (max-width: 1280px) 100vw, 1280px\" \/><\/figure>\n\n\n\n<p> Medida cautelar  <\/p>\n\n\n\n<hr class=\"wp-block-separator\"\/>\n\n\n\n<!--more-->\n\n\n\n<p>APERTURA DE LA AVENIDA MORENO <\/p>\n\n\n\n<hr class=\"wp-block-separator\"\/>\n\n\n\n<p>LA ACTUAL GESTI\u00d3N MUNICIPAL HAR\u00c1 TODO LO NECESARIO, Y M\u00c1S A\u00daN, PARA CONCRETAR LA APERTURA DE LA AVENIDA MORENO QUE NOS PERMITIR\u00c1 VINCULAR DEFINITIVAMENTE AL BARRIO 31 DE JULIO, Y BARRIOS CIRCUNDANTES DE LA AVENIDA MARIANO ACOSTA, CON NUESTRA PLAZA PRINCIPAL, CORAZON DE TODOS LOS SALADILLENSES<\/p>\n\n\n\n<hr class=\"wp-block-separator\"\/>\n\n\n\n<figure class=\"wp-block-gallery columns-2 is-cropped wp-block-gallery-1 is-layout-flex wp-block-gallery-is-layout-flex\"><ul class=\"blocks-gallery-grid\"><li class=\"blocks-gallery-item\"><figure><img loading=\"lazy\" decoding=\"async\" width=\"1280\" height=\"720\" src=\"https:\/\/acasaladillo.com.ar\/wp-content\/uploads\/2022\/02\/7-1.jpg\" alt=\"\" data-id=\"51011\" data-full-url=\"https:\/\/acasaladillo.com.ar\/wp-content\/uploads\/2022\/02\/7-1.jpg\" data-link=\"https:\/\/acasaladillo.com.ar\/?attachment_id=51011\" class=\"wp-image-51011\" srcset=\"https:\/\/acasaladillo.com.ar\/wp-content\/uploads\/2022\/02\/7-1.jpg 1280w, https:\/\/acasaladillo.com.ar\/wp-content\/uploads\/2022\/02\/7-1-300x169.jpg 300w, https:\/\/acasaladillo.com.ar\/wp-content\/uploads\/2022\/02\/7-1-768x432.jpg 768w, https:\/\/acasaladillo.com.ar\/wp-content\/uploads\/2022\/02\/7-1-560x315.jpg 560w, https:\/\/acasaladillo.com.ar\/wp-content\/uploads\/2022\/02\/7-1-260x146.jpg 260w, https:\/\/acasaladillo.com.ar\/wp-content\/uploads\/2022\/02\/7-1-160x90.jpg 160w\" sizes=\"auto, (max-width: 1280px) 100vw, 1280px\" \/><\/figure><\/li><li class=\"blocks-gallery-item\"><figure><img loading=\"lazy\" decoding=\"async\" width=\"1280\" height=\"720\" src=\"https:\/\/acasaladillo.com.ar\/wp-content\/uploads\/2022\/02\/8-1.jpg\" alt=\"\" data-id=\"51012\" data-full-url=\"https:\/\/acasaladillo.com.ar\/wp-content\/uploads\/2022\/02\/8-1.jpg\" data-link=\"https:\/\/acasaladillo.com.ar\/?attachment_id=51012\" class=\"wp-image-51012\" srcset=\"https:\/\/acasaladillo.com.ar\/wp-content\/uploads\/2022\/02\/8-1.jpg 1280w, https:\/\/acasaladillo.com.ar\/wp-content\/uploads\/2022\/02\/8-1-300x169.jpg 300w, https:\/\/acasaladillo.com.ar\/wp-content\/uploads\/2022\/02\/8-1-768x432.jpg 768w, https:\/\/acasaladillo.com.ar\/wp-content\/uploads\/2022\/02\/8-1-560x315.jpg 560w, https:\/\/acasaladillo.com.ar\/wp-content\/uploads\/2022\/02\/8-1-260x146.jpg 260w, https:\/\/acasaladillo.com.ar\/wp-content\/uploads\/2022\/02\/8-1-160x90.jpg 160w\" sizes=\"auto, (max-width: 1280px) 100vw, 1280px\" \/><\/figure><\/li><\/ul><\/figure>\n\n\n\n<hr class=\"wp-block-separator\"\/>\n\n\n\n<p>Ante la reciente medida cautelar dictada en el marco de un juicio de amparo contra el Municipio de Saladillo, originado por un vecino de nuestra ciudad, la cual trascendi\u00f3 por los medios en el d\u00eda de ayer, aunque reci\u00e9n hoy nos fuera notificada oficialmente; el Municipio quiere informar a toda la comunidad, y m\u00e1s a\u00fan poni\u00e9ndose en el lugar de los vecinos a quienes m\u00e1s afecta esta medida, que procederemos a defender hasta las \u00faltimas consecuencias este proyecto de apertura de la Av. Moreno que permitir\u00e1 mejorar la comunicaci\u00f3n, circulaci\u00f3n e integraci\u00f3n de toda la poblaci\u00f3n del \u00e1rea urbana de la ciudad cabecera.<\/p>\n\n\n\n<hr class=\"wp-block-separator\"\/>\n\n\n\n<figure class=\"wp-block-gallery columns-2 is-cropped wp-block-gallery-2 is-layout-flex wp-block-gallery-is-layout-flex\"><ul class=\"blocks-gallery-grid\"><li class=\"blocks-gallery-item\"><figure><img loading=\"lazy\" decoding=\"async\" width=\"1280\" height=\"720\" src=\"https:\/\/acasaladillo.com.ar\/wp-content\/uploads\/2022\/02\/5-1.jpg\" alt=\"\" data-id=\"51013\" data-full-url=\"https:\/\/acasaladillo.com.ar\/wp-content\/uploads\/2022\/02\/5-1.jpg\" data-link=\"https:\/\/acasaladillo.com.ar\/?attachment_id=51013\" class=\"wp-image-51013\" srcset=\"https:\/\/acasaladillo.com.ar\/wp-content\/uploads\/2022\/02\/5-1.jpg 1280w, https:\/\/acasaladillo.com.ar\/wp-content\/uploads\/2022\/02\/5-1-300x169.jpg 300w, https:\/\/acasaladillo.com.ar\/wp-content\/uploads\/2022\/02\/5-1-768x432.jpg 768w, https:\/\/acasaladillo.com.ar\/wp-content\/uploads\/2022\/02\/5-1-560x315.jpg 560w, https:\/\/acasaladillo.com.ar\/wp-content\/uploads\/2022\/02\/5-1-260x146.jpg 260w, https:\/\/acasaladillo.com.ar\/wp-content\/uploads\/2022\/02\/5-1-160x90.jpg 160w\" sizes=\"auto, (max-width: 1280px) 100vw, 1280px\" \/><\/figure><\/li><li class=\"blocks-gallery-item\"><figure><img loading=\"lazy\" decoding=\"async\" width=\"1280\" height=\"720\" src=\"https:\/\/acasaladillo.com.ar\/wp-content\/uploads\/2022\/02\/6-1.jpg\" alt=\"\" data-id=\"51014\" data-full-url=\"https:\/\/acasaladillo.com.ar\/wp-content\/uploads\/2022\/02\/6-1.jpg\" data-link=\"https:\/\/acasaladillo.com.ar\/?attachment_id=51014\" class=\"wp-image-51014\" srcset=\"https:\/\/acasaladillo.com.ar\/wp-content\/uploads\/2022\/02\/6-1.jpg 1280w, https:\/\/acasaladillo.com.ar\/wp-content\/uploads\/2022\/02\/6-1-300x169.jpg 300w, https:\/\/acasaladillo.com.ar\/wp-content\/uploads\/2022\/02\/6-1-768x432.jpg 768w, https:\/\/acasaladillo.com.ar\/wp-content\/uploads\/2022\/02\/6-1-560x315.jpg 560w, https:\/\/acasaladillo.com.ar\/wp-content\/uploads\/2022\/02\/6-1-260x146.jpg 260w, https:\/\/acasaladillo.com.ar\/wp-content\/uploads\/2022\/02\/6-1-160x90.jpg 160w\" sizes=\"auto, (max-width: 1280px) 100vw, 1280px\" \/><\/figure><\/li><\/ul><\/figure>\n\n\n\n<hr class=\"wp-block-separator\"\/>\n\n\n\n<p>Esta obra no afectar\u00e1 en absoluto el patrimonio hist\u00f3rico de nuestra Comunidad, permitiendo por el contrario revalorizarlo, disfrutarlo, recorrerlo y resignificarlo para mejorar trascendentalmente la calidad de vida de los habitantes de Barrios hist\u00f3ricos de nuestra ciudad, comunicados por la principal arteria que los atraviesa.<\/p>\n\n\n\n<hr class=\"wp-block-separator\"\/>\n\n\n\n<figure class=\"wp-block-gallery columns-2 is-cropped wp-block-gallery-3 is-layout-flex wp-block-gallery-is-layout-flex\"><ul class=\"blocks-gallery-grid\"><li class=\"blocks-gallery-item\"><figure><img loading=\"lazy\" decoding=\"async\" width=\"1280\" height=\"720\" src=\"https:\/\/acasaladillo.com.ar\/wp-content\/uploads\/2022\/02\/3-5.jpg\" alt=\"\" data-id=\"51015\" data-full-url=\"https:\/\/acasaladillo.com.ar\/wp-content\/uploads\/2022\/02\/3-5.jpg\" data-link=\"https:\/\/acasaladillo.com.ar\/?attachment_id=51015\" class=\"wp-image-51015\" srcset=\"https:\/\/acasaladillo.com.ar\/wp-content\/uploads\/2022\/02\/3-5.jpg 1280w, https:\/\/acasaladillo.com.ar\/wp-content\/uploads\/2022\/02\/3-5-300x169.jpg 300w, https:\/\/acasaladillo.com.ar\/wp-content\/uploads\/2022\/02\/3-5-768x432.jpg 768w, https:\/\/acasaladillo.com.ar\/wp-content\/uploads\/2022\/02\/3-5-560x315.jpg 560w, https:\/\/acasaladillo.com.ar\/wp-content\/uploads\/2022\/02\/3-5-260x146.jpg 260w, https:\/\/acasaladillo.com.ar\/wp-content\/uploads\/2022\/02\/3-5-160x90.jpg 160w\" sizes=\"auto, (max-width: 1280px) 100vw, 1280px\" \/><\/figure><\/li><li class=\"blocks-gallery-item\"><figure><img loading=\"lazy\" decoding=\"async\" width=\"1280\" height=\"720\" src=\"https:\/\/acasaladillo.com.ar\/wp-content\/uploads\/2022\/02\/4-1.jpg\" alt=\"\" data-id=\"51016\" data-full-url=\"https:\/\/acasaladillo.com.ar\/wp-content\/uploads\/2022\/02\/4-1.jpg\" data-link=\"https:\/\/acasaladillo.com.ar\/?attachment_id=51016\" class=\"wp-image-51016\" srcset=\"https:\/\/acasaladillo.com.ar\/wp-content\/uploads\/2022\/02\/4-1.jpg 1280w, https:\/\/acasaladillo.com.ar\/wp-content\/uploads\/2022\/02\/4-1-300x169.jpg 300w, https:\/\/acasaladillo.com.ar\/wp-content\/uploads\/2022\/02\/4-1-768x432.jpg 768w, https:\/\/acasaladillo.com.ar\/wp-content\/uploads\/2022\/02\/4-1-560x315.jpg 560w, https:\/\/acasaladillo.com.ar\/wp-content\/uploads\/2022\/02\/4-1-260x146.jpg 260w, https:\/\/acasaladillo.com.ar\/wp-content\/uploads\/2022\/02\/4-1-160x90.jpg 160w\" sizes=\"auto, (max-width: 1280px) 100vw, 1280px\" \/><\/figure><\/li><\/ul><\/figure>\n\n\n\n<hr class=\"wp-block-separator\"\/>\n\n\n\n<p>En este sentido vamos a poner a disposici\u00f3n todas las herramientas necesarias para resolver esta situaci\u00f3n, no por caprichos personales sino por una clara e imperiosa necesidad comunitaria. As\u00ed como respetamos y preservamos el pasado, seguiremos trabajando para construir el Saladillo del futuro.<\/p>\n\n\n\n<hr class=\"wp-block-separator\"\/>\n\n\n\n<figure class=\"wp-block-gallery columns-2 is-cropped wp-block-gallery-4 is-layout-flex wp-block-gallery-is-layout-flex\"><ul class=\"blocks-gallery-grid\"><li class=\"blocks-gallery-item\"><figure><img loading=\"lazy\" decoding=\"async\" width=\"1280\" height=\"720\" src=\"https:\/\/acasaladillo.com.ar\/wp-content\/uploads\/2022\/02\/1-8.jpg\" alt=\"\" data-id=\"51017\" data-full-url=\"https:\/\/acasaladillo.com.ar\/wp-content\/uploads\/2022\/02\/1-8.jpg\" data-link=\"https:\/\/acasaladillo.com.ar\/?attachment_id=51017\" class=\"wp-image-51017\" srcset=\"https:\/\/acasaladillo.com.ar\/wp-content\/uploads\/2022\/02\/1-8.jpg 1280w, https:\/\/acasaladillo.com.ar\/wp-content\/uploads\/2022\/02\/1-8-300x169.jpg 300w, https:\/\/acasaladillo.com.ar\/wp-content\/uploads\/2022\/02\/1-8-768x432.jpg 768w, https:\/\/acasaladillo.com.ar\/wp-content\/uploads\/2022\/02\/1-8-560x315.jpg 560w, https:\/\/acasaladillo.com.ar\/wp-content\/uploads\/2022\/02\/1-8-260x146.jpg 260w, https:\/\/acasaladillo.com.ar\/wp-content\/uploads\/2022\/02\/1-8-160x90.jpg 160w\" sizes=\"auto, (max-width: 1280px) 100vw, 1280px\" \/><\/figure><\/li><li class=\"blocks-gallery-item\"><figure><img loading=\"lazy\" decoding=\"async\" width=\"1280\" height=\"720\" src=\"https:\/\/acasaladillo.com.ar\/wp-content\/uploads\/2022\/02\/2-7.jpg\" alt=\"\" data-id=\"51018\" data-full-url=\"https:\/\/acasaladillo.com.ar\/wp-content\/uploads\/2022\/02\/2-7.jpg\" data-link=\"https:\/\/acasaladillo.com.ar\/?attachment_id=51018\" class=\"wp-image-51018\" srcset=\"https:\/\/acasaladillo.com.ar\/wp-content\/uploads\/2022\/02\/2-7.jpg 1280w, https:\/\/acasaladillo.com.ar\/wp-content\/uploads\/2022\/02\/2-7-300x169.jpg 300w, https:\/\/acasaladillo.com.ar\/wp-content\/uploads\/2022\/02\/2-7-768x432.jpg 768w, https:\/\/acasaladillo.com.ar\/wp-content\/uploads\/2022\/02\/2-7-560x315.jpg 560w, https:\/\/acasaladillo.com.ar\/wp-content\/uploads\/2022\/02\/2-7-260x146.jpg 260w, https:\/\/acasaladillo.com.ar\/wp-content\/uploads\/2022\/02\/2-7-160x90.jpg 160w\" sizes=\"auto, (max-width: 1280px) 100vw, 1280px\" \/><\/figure><\/li><\/ul><\/figure>\n","protected":false},"excerpt":{"rendered":"<p>Medida cautelar<\/p>\n<p class=\"more-link-p\"><a class=\"more-link\" href=\"https:\/\/acasaladillo.com.ar\/?p=51009\">Read more &rarr;<\/a><\/p>\n","protected":false},"author":3,"featured_media":51019,"comment_status":"closed","ping_status":"closed","sticky":false,"template":"","format":"standard","meta":{"_monsterinsights_skip_tracking":false,"footnotes":""},"categories":[1],"tags":[3140,3139,3124],"class_list":["post-51009","post","type-post","status-publish","format-standard","has-post-thumbnail","hentry","category-noticias","tag-apertura-av-moreno","tag-av-moreno","tag-municipalidad-2022"],"aioseo_notices":[],"_links":{"self":[{"href":"https:\/\/acasaladillo.com.ar\/index.php?rest_route=\/wp\/v2\/posts\/51009","targetHints":{"allow":["GET"]}}],"collection":[{"href":"https:\/\/acasaladillo.com.ar\/index.php?rest_route=\/wp\/v2\/posts"}],"about":[{"href":"https:\/\/acasaladillo.com.ar\/index.php?rest_route=\/wp\/v2\/types\/post"}],"author":[{"embeddable":true,"href":"https:\/\/acasaladillo.com.ar\/index.php?rest_route=\/wp\/v2\/users\/3"}],"replies":[{"embeddable":true,"href":"https:\/\/acasaladillo.com.ar\/index.php?rest_route=%2Fwp%2Fv2%2Fcomments&post=51009"}],"version-history":[{"count":1,"href":"https:\/\/acasaladillo.com.ar\/index.php?rest_route=\/wp\/v2\/posts\/51009\/revisions"}],"predecessor-version":[{"id":51020,"href":"https:\/\/acasaladillo.com.ar\/index.php?rest_route=\/wp\/v2\/posts\/51009\/revisions\/51020"}],"wp:featuredmedia":[{"embeddable":true,"href":"https:\/\/acasaladillo.com.ar\/index.php?rest_route=\/wp\/v2\/media\/51019"}],"wp:attachment":[{"href":"https:\/\/acasaladillo.com.ar\/index.php?rest_route=%2Fwp%2Fv2%2Fmedia&parent=51009"}],"wp:term":[{"taxonomy":"category","embeddable":true,"href":"https:\/\/acasaladillo.com.ar\/index.php?rest_route=%2Fwp%2Fv2%2Fcategories&post=51009"},{"taxonomy":"post_tag","embeddable":true,"href":"https:\/\/acasaladillo.com.ar\/index.php?rest_route=%2Fwp%2Fv2%2Ftags&post=51009"}],"curies":[{"name":"wp","href":"https:\/\/api.w.org\/{rel}","templated":true}]}}