{"id":50898,"date":"2022-01-27T21:24:39","date_gmt":"2022-01-28T00:24:39","guid":{"rendered":"https:\/\/acasaladillo.com.ar\/?p=50898"},"modified":"2024-07-31T21:54:30","modified_gmt":"2024-08-01T00:54:30","slug":"decreto","status":"publish","type":"post","link":"https:\/\/acasaladillo.com.ar\/?p=50898","title":{"rendered":"Decreto"},"content":{"rendered":"\n<figure class=\"wp-block-image size-full is-style-rounded\"><img loading=\"lazy\" decoding=\"async\" width=\"300\" height=\"168\" src=\"https:\/\/acasaladillo.com.ar\/wp-content\/uploads\/2022\/01\/1-15.jpg\" alt=\"\" class=\"wp-image-50899\" srcset=\"https:\/\/acasaladillo.com.ar\/wp-content\/uploads\/2022\/01\/1-15.jpg 300w, https:\/\/acasaladillo.com.ar\/wp-content\/uploads\/2022\/01\/1-15-260x146.jpg 260w, https:\/\/acasaladillo.com.ar\/wp-content\/uploads\/2022\/01\/1-15-160x90.jpg 160w\" sizes=\"auto, (max-width: 300px) 100vw, 300px\" \/><\/figure>\n\n\n\n<p>Por fallecimiento<\/p>\n\n\n\n<hr class=\"wp-block-separator\"\/>\n\n\n\n<!--more-->\n\n\n\n<p>DECRETO POR EL FALLECIMIENTO DE AUGUSTO ULDERICO \u201cPIRINCHO\u201d CICAR\u00c9 *\ud83d\udcaf M\u00e1s info AC\u00c1: http:\/\/acasaladillo.com.ar\/<br>Desde la Municipalidad de Saladillo se da a conocer el correspondiente decreto por el fallecimiento de Augusto Ulderico \u201cPirincho\u201d Cicar\u00e9 que lleva las firmas de la Secretaria de Gobierno Prof. Viviana Rodr\u00edguez y el Intendente Interino Municipal Dr. Alejandro Armend\u00e1riz<br>Saladillo, 26 de enero de 2022<br>VISTO que en el d\u00eda de la fecha, a los 84 a\u00f1os de edad, se ha producido el deceso de Augusto Ulderico \u201cPirincho\u201d Cicar\u00e9; y<br>CONSIDERANDO que el mismo ha sido un trascendente creador, con una calidad humana inimaginable y una capacidad inventiva propia de aquellos llamados Genios;<br>QUE, Augusto Ulderico Cicar\u00e9 naci\u00f3 el 25 de mayo de 1937 en la localidad de Polvaredas, Partido de Saladillo, y con tan solo 11 a\u00f1os, construye su primer motor de cuatro tiempos con el cual hace funcionar un lavarropas. En esa misma \u00e9poca convierte el motor de un autom\u00f3vil para el empleo de gas envasado como combustible en lugar de nafta;<br>QUE, si bien a los 12 a\u00f1os egresa de la escuela primaria, y abandona para siempre sus estudios, nunca abandon\u00f3 su capacidad de invenci\u00f3n, la cual lo llev\u00f3 a dise\u00f1ar a la edad de 15 a\u00f1os, un motor de 500 cm3 con \u00e1rbol de levas a la cabeza, el cual vendi\u00f3, y con ese dinero comenz\u00f3 a fabricar las primeras piezas de lo que era el sue\u00f1o de su vida y su pasi\u00f3n, el HELICOPTERO;<br>QUE siendo apenas un joven de 18 a\u00f1os de edad, desarrolla y fabrica totalmente un motor diesel de dos tiempos. El sistema de lubricaci\u00f3n desarrollado para este motor le vali\u00f3 la obtenci\u00f3n de una patente de invenci\u00f3n;<br>QUE, a los 21 a\u00f1os de edad \u201cPirincho\u201d concreta su ambici\u00f3n de ni\u00f1o de fabricar y volar su primer helic\u00f3ptero, el CICARE CH-1, el cual fue creado con materiales e instrumentos que se encontraban al alcance en su taller agr\u00edcola, los cuales no eran propiamente materiales ni instrumentos aeron\u00e1uticos. El CICARE CH-1 constituye la primera aeronave de este tipo desarrollada y construida en Sudam\u00e9rica;<br>QUE en el a\u00f1o 1969 fue ciudadano distinguido por la UADE, debido a la creaci\u00f3n del primer simulador de vuelo construido en Sudam\u00e9rica, y sucesivamente, tambi\u00e9n fue distinguido por otros organismos provinciales y nacionales;<br>QUE, con el paso de los a\u00f1os, fue dise\u00f1ando y construyendo nuevos modelos de helic\u00f3pteros, y nuevos sistemas de conversi\u00f3n de motores nafteros a diesel;<br>QUE, en el a\u00f1o 1996 crea un helic\u00f3ptero con un sistema de comando totalmente innovador, este fue el mini-helic\u00f3ptero CICARE CH-6;<br>QUE, finalmente el d\u00eda 6 de Octubre de 1993 se forma la Empresa Cicar\u00e9 Helic\u00f3pteros S.A., y se designa a Augusto Cicar\u00e9 como Director y Responsable T\u00e9cnico de la misma;QUE el 27 de Junio de 1996 el Comando de Regiones A\u00e9reas de la fuerza A\u00e9rea Argentina le otorga la Licencia de Piloto Privado de Helic\u00f3pteros;<br>QUE \u201cPirincho\u201d ha revolucionado el sistema de ense\u00f1anza en el mundo entero, obteniendo a\u00fan m\u00e1s patentes de invenci\u00f3n por sus creaciones con caracter\u00edsticas \u00fanicas;<br>QUE, ha sido distinguido por innumerables organizaciones nacionales e internacionales, obteniendo variada cantidad de premios y reconocimientos, y adquiriendo en el a\u00f1o 1996 la Matr\u00edcula Honoraria de Ingeniero Aeron\u00e1utico y Espacial;<br>QUE siguiendo la l\u00ednea de reconocimientos recibidos, Augusto Ulderico \u201cPirincho\u201d Cicar\u00e9 fue distinguido como Miembro Honorario de la Facultad de Ingenier\u00eda de la Universidad Nacional de La Plata;<br>QUE, su nombre aparece en las enciclopedias y manuales internacionales m\u00e1s destacados, lo cual constituye un gran orgullo para el quehacer aeron\u00e1utico argentino, como as\u00ed tambi\u00e9n, para nuestro pueblo, llevando a Saladillo a ser declarado como \u201cCapital Provincial del Helic\u00f3ptero Argentino\u201d, mediante ley 15.138;<br>QUE fue declarado ciudadano ilustre, tanto por el Poder Legislativo de la Provincia de Buenos Aires, como as\u00ed tambi\u00e9n, por nuestro Honorable Concejo Deliberante;<br>QUE sin dudas, \u201cPirincho\u201d ha sido un GENIO HUMANO, no solo por sus grandes invenciones y creaciones, sino por su calidez humana, su humildad, y sus valores, los cuales ser\u00e1n siempre el mayor legado que vamos a recordar de su vuelo rasante por \u00e9ste peque\u00f1o lugar en el mundo;<br>QUE, su partida deja entristecido al pueblo de Saladillo, pero nos deja semillas esparcidas por todas partes, especialmente en los j\u00f3venes, que seguir\u00e1n viendo en \u00e9l el mejor ejemplo de c\u00f3mo perseguir esos sue\u00f1os que parecen lejanos y dif\u00edciles de alcanzar;<br>QUE, fue un hombre que estuvo acompa\u00f1ado y acompa\u00f1\u00f3 incondicionalmente a su familia, no dejando nunca de seguir generando ideas y proyectos;<br>Por todo ello, el INTENDENTE MUNICIPAL DE SALADILLO, en uso de sus facultades<br>D E C R E T A<br>ARTICULO 1: Adherir al duelo por el fallecimiento de Augusto Ulderico \u201cPirincho\u201d Cicar\u00e9, acaecido el d\u00eda 26 de enero de 2022.<br>ARTICULO 2: Comunicar, a fin de que tomen raz\u00f3n las correspondientes oficinas y cumplido dar al Registro Oficial de Decretos.<br>DECRETO 242\/2022<\/p>\n","protected":false},"excerpt":{"rendered":"<p>Por fallecimiento<\/p>\n<p class=\"more-link-p\"><a class=\"more-link\" href=\"https:\/\/acasaladillo.com.ar\/?p=50898\">Read more &rarr;<\/a><\/p>\n","protected":false},"author":3,"featured_media":50900,"comment_status":"closed","ping_status":"closed","sticky":false,"template":"","format":"standard","meta":{"_monsterinsights_skip_tracking":false,"footnotes":""},"categories":[1],"tags":[911,2202,264,217],"class_list":["post-50898","post","type-post","status-publish","format-standard","has-post-thumbnail","hentry","category-noticias","tag-cicare","tag-fallecimiento","tag-h-c-d","tag-pirincho"],"aioseo_notices":[],"_links":{"self":[{"href":"https:\/\/acasaladillo.com.ar\/index.php?rest_route=\/wp\/v2\/posts\/50898","targetHints":{"allow":["GET"]}}],"collection":[{"href":"https:\/\/acasaladillo.com.ar\/index.php?rest_route=\/wp\/v2\/posts"}],"about":[{"href":"https:\/\/acasaladillo.com.ar\/index.php?rest_route=\/wp\/v2\/types\/post"}],"author":[{"embeddable":true,"href":"https:\/\/acasaladillo.com.ar\/index.php?rest_route=\/wp\/v2\/users\/3"}],"replies":[{"embeddable":true,"href":"https:\/\/acasaladillo.com.ar\/index.php?rest_route=%2Fwp%2Fv2%2Fcomments&post=50898"}],"version-history":[{"count":2,"href":"https:\/\/acasaladillo.com.ar\/index.php?rest_route=\/wp\/v2\/posts\/50898\/revisions"}],"predecessor-version":[{"id":60280,"href":"https:\/\/acasaladillo.com.ar\/index.php?rest_route=\/wp\/v2\/posts\/50898\/revisions\/60280"}],"wp:featuredmedia":[{"embeddable":true,"href":"https:\/\/acasaladillo.com.ar\/index.php?rest_route=\/wp\/v2\/media\/50900"}],"wp:attachment":[{"href":"https:\/\/acasaladillo.com.ar\/index.php?rest_route=%2Fwp%2Fv2%2Fmedia&parent=50898"}],"wp:term":[{"taxonomy":"category","embeddable":true,"href":"https:\/\/acasaladillo.com.ar\/index.php?rest_route=%2Fwp%2Fv2%2Fcategories&post=50898"},{"taxonomy":"post_tag","embeddable":true,"href":"https:\/\/acasaladillo.com.ar\/index.php?rest_route=%2Fwp%2Fv2%2Ftags&post=50898"}],"curies":[{"name":"wp","href":"https:\/\/api.w.org\/{rel}","templated":true}]}}