{"id":50881,"date":"2022-01-27T21:14:01","date_gmt":"2022-01-28T00:14:01","guid":{"rendered":"https:\/\/acasaladillo.com.ar\/?p=50881"},"modified":"2022-02-07T12:48:17","modified_gmt":"2022-02-07T15:48:17","slug":"dolor","status":"publish","type":"post","link":"https:\/\/acasaladillo.com.ar\/?p=50881","title":{"rendered":"Dolor"},"content":{"rendered":"\n<figure class=\"wp-block-image size-full is-style-rounded\"><img loading=\"lazy\" decoding=\"async\" width=\"300\" height=\"168\" src=\"https:\/\/acasaladillo.com.ar\/wp-content\/uploads\/2022\/01\/8.jpg\" alt=\"\" class=\"wp-image-50882\" srcset=\"https:\/\/acasaladillo.com.ar\/wp-content\/uploads\/2022\/01\/8.jpg 300w, https:\/\/acasaladillo.com.ar\/wp-content\/uploads\/2022\/01\/8-260x146.jpg 260w, https:\/\/acasaladillo.com.ar\/wp-content\/uploads\/2022\/01\/8-160x90.jpg 160w\" sizes=\"auto, (max-width: 300px) 100vw, 300px\" \/><\/figure>\n\n\n\n<p>Recuerdos\/salutaciones<\/p>\n\n\n\n<hr class=\"wp-block-separator\"\/>\n\n\n\n<!--more-->\n\n\n\n<p>Las faltas, ausencias, siempre angustian, nos dejan una carga negativa en el alma. M\u00e1s cuando es por culpas, responsabilidades nuestras. La vida, con ejemplos simples nos muestra las miserias. Muchos ven perfectamente a un kil\u00f3metro, pero son incapaces de ver los n\u00fameros de celular en la pantalla, y la pantalla es nada menos que el HOY. Seguro que habr\u00e1 fotos, discursos, l\u00e1grimas, todos ellos innecesarios, porque tendr\u00eda que haber sido alegr\u00eda, abrazos y palabras llenas de historias y recuerdos, porque durante mucho tiempo se pidi\u00f3, se habl\u00f3, se prometi\u00f3, pero las miserias, mezquindades, hoy nos dicen que la foto No ser\u00e1. Mil palabras, frases, surgen, pero solo una tiene sentido. M\u00e1s vale tarde que Nunca, pero \u00bfes as\u00ed? Tarde es Tarde. Nunca, no se sabe. Responsabilidades, miles, nada fuera de la le ley, pero s\u00ed en el c\u00f3digo social, repudiable, porque no fueron otros los que no lo hicieron, son los mismos que hoy lo hacen. No menciono tu nombre porque es demasiado grande, es innecesario decir por qu\u00e9, \u00a1pero a vos GENIO!, solo puedo decir esa sola palabra. PERD\u00d3N; PERD\u00d3N, GENIO. \u00a1Y sigue tu vuelo, PIRINCHO!.<br>Sergio G. Ubios Cano<\/p>\n\n\n\n<hr class=\"wp-block-separator\"\/>\n\n\n\n<p>TU VUELO M\u00c1S SO\u00d1ADO PIRINCHO\u00bbNaciste para volar y esta vez querido Pirincho lograste tu vuelo m\u00e1s alto y eterno, \u00e9se que siempre so\u00f1aste y deseabas alcanzar, para poder estar muy cerca de tus padres, especialmente de tu Madre terrenal que amabas y agradec\u00edas con tanta ternura y tambi\u00e9n junto a tu Madre Celestial a qui\u00e9n le dedicadas toda tu devoci\u00f3n y admiraci\u00f3n.Hace solo 84 a\u00f1os, alg\u00fan Ser superior quiso que bajaras a \u00e9sta tierra, en tu Polvaredas natal, para que desde tu humilde hogar, muchos pudi\u00e9ramos conocerte GENIO HUMANO.Hoy duele mucho perderte y saber que ya no estar\u00e1s m\u00e1s ah\u00ed, muy cerca nuestro, inventando y creando todo lo que tanto orgullo nos generaba a los Saladillenses.Dejaste semillas esparcidas por todas partes, especialmente en los j\u00f3venes, que seguir\u00e1n viendo en vos el mejor ejemplo de c\u00f3mo perseguir esos sue\u00f1os que, parecen tan lejanos, dif\u00edciles e imposibles de alcanzar.Los valores humanos que plagaron tu trascendente vida, ser\u00e1n por siempre el mayor legado que vamos a recordar y a valorar de tu vuelo rasante por \u00e9ste peque\u00f1o lugar en el mundo.Me entristece profundamente no poder estar cerca para despedirte como vos te lo mereces amigo.Disfrut\u00e1 intensamente \u00e9ste vuelo m\u00e1gico de retorno a casa, sabiendo que diste mucho y bueno. Saladillo te quiere y ahora eternamente.\u00a1\u00a1\u00a1GRACIASSSS QUERIDO PIRINCHO!!!<\/p>\n\n\n\n<p>Intendente JOSE LUIS SALOMON<\/p>\n\n\n\n<p><\/p>\n\n\n\n<hr class=\"wp-block-separator\"\/>\n\n\n\n<p>AUGUSTO ULDERICO \u201cPIRINCHO\u201d CICARE ( 25-07-1937- 25-01-2022)<br>\u201cPIRINCHO\u201d CICAR\u00c9 NO HA MUERTO SOLO SE HA HECHO INMORTAL PORQUE LOS GRANDES HOMBRES NO MUEREN CUANDO MUEREN,PERMANECEN VIVOS EN LA MEMORIA COLECTIVAS DE SUS PUEBLOS\u201d CARLOS ANTONIO GOROSITO.<br>\u201cEl Ciudadano Ilustre, el Hijo Dilecto de Saladillo, se hizo inmortal, porque los grandes hombres no mueren cuando mueren, viven eternamente en la memoria colectiva de su pueblo, de su gente. Augusto Ulderico Cicar\u00e9 naci\u00f3 en la querida Polvaredas un 25 de mayo de 1937, cuando la Patria celebraba sus 127 a\u00f1os de vida. Grande, Inmenso, Vasto, Enorme, Genio y habr\u00eda que inventar muchos adjetivos y en grado superlativo para definir la dimensi\u00f3n de qui\u00e9n hoy nos ha dejado en la vida terrenal. Al mismo tiempo lo acamparon durante toda su vida otros atributos: la humildad, la sencillez, la llaneza, la simpleza, la sinceridad, su esp\u00edritu noble. Alguna vez John Lennon dijo de s\u00ed mismo\u201d si los genios existen, uno de ellos soy yo\u201d. Los genios existen y sin duda alguna \u201cPirincho\u201d Cicar\u00e9 era uno de ellos. Fue un saladillense universal, si universal el mundo de la aeron\u00e1utica lo hizo conocido en su mundo. Los helic\u00f3pteros lo hicieron conocido en ene universo. Muy precoz, tal vez a los 19 a\u00f1os, en su Polvaredas natal so\u00f1\u00f3 con fabricar un helic\u00f3ptero, so\u00f1\u00f3, so\u00f1o,pero puso esfuerzo y acci\u00f3n y conviertio sus sue\u00f1os en realidad. Autodidacta innato. De tanto en tanto en distintos lugares del mundo se suelen dar las excepcionalidades de que existan en alguna de las comunidades personas EXTRAORDINARIAS, FUERA DE LO COM\u00daN. Una de esas excepcionalidades, una de esas personas extraordinarias la hemos tenido en Saladillo y fue\u201dPirincho\u201d Cicar\u00e9. <\/p>\n\n\n\n<hr class=\"wp-block-separator\"\/>\n\n\n\n<figure class=\"wp-block-gallery columns-2 is-cropped wp-block-gallery-1 is-layout-flex wp-block-gallery-is-layout-flex\"><ul class=\"blocks-gallery-grid\"><li class=\"blocks-gallery-item\"><figure><img loading=\"lazy\" decoding=\"async\" width=\"417\" height=\"586\" src=\"https:\/\/acasaladillo.com.ar\/wp-content\/uploads\/2022\/01\/1-11.jpg\" alt=\"\" data-id=\"50883\" data-full-url=\"https:\/\/acasaladillo.com.ar\/wp-content\/uploads\/2022\/01\/1-11.jpg\" data-link=\"https:\/\/acasaladillo.com.ar\/?attachment_id=50883\" class=\"wp-image-50883\" srcset=\"https:\/\/acasaladillo.com.ar\/wp-content\/uploads\/2022\/01\/1-11.jpg 417w, https:\/\/acasaladillo.com.ar\/wp-content\/uploads\/2022\/01\/1-11-213x300.jpg 213w, https:\/\/acasaladillo.com.ar\/wp-content\/uploads\/2022\/01\/1-11-260x365.jpg 260w, https:\/\/acasaladillo.com.ar\/wp-content\/uploads\/2022\/01\/1-11-160x225.jpg 160w\" sizes=\"auto, (max-width: 417px) 100vw, 417px\" \/><\/figure><\/li><li class=\"blocks-gallery-item\"><figure><img loading=\"lazy\" decoding=\"async\" width=\"450\" height=\"600\" src=\"https:\/\/acasaladillo.com.ar\/wp-content\/uploads\/2022\/01\/3-3.jpg\" alt=\"\" data-id=\"50884\" data-full-url=\"https:\/\/acasaladillo.com.ar\/wp-content\/uploads\/2022\/01\/3-3.jpg\" data-link=\"https:\/\/acasaladillo.com.ar\/?attachment_id=50884\" class=\"wp-image-50884\" srcset=\"https:\/\/acasaladillo.com.ar\/wp-content\/uploads\/2022\/01\/3-3.jpg 450w, https:\/\/acasaladillo.com.ar\/wp-content\/uploads\/2022\/01\/3-3-225x300.jpg 225w, https:\/\/acasaladillo.com.ar\/wp-content\/uploads\/2022\/01\/3-3-260x347.jpg 260w, https:\/\/acasaladillo.com.ar\/wp-content\/uploads\/2022\/01\/3-3-160x213.jpg 160w\" sizes=\"auto, (max-width: 450px) 100vw, 450px\" \/><\/figure><\/li><\/ul><\/figure>\n\n\n\n<hr class=\"wp-block-separator\"\/>\n\n\n\n<p>Fue tocado por la \u201cvarita m\u00e1gica\u201d para ser inventor, para ser creador. Imaginaci\u00f3n le sobraba. Arm\u00f3 un motor diesel para hacer funcionar la heladera de su madre en Polvaredas. Vinieron con el devenir del tiempo innovaciones e inventos varios: motores diesel, bombas de aceite, kits conversores para motores ,etc,etc. Pero lo que marc\u00f3 a fuego su vida fueron los helic\u00f3pteros. Sus helic\u00f3pteros modelos biplaza y monoplazas, civiles y tambi\u00e9n de uso militar. Y el espectacular simulador de vuelo tal vez \u00fanico en el mundo. A principios de la d\u00e9cada del \u201960 el se\u00f1or Santiago Gonzalez Valdez era camar\u00f3grafo de la Presidencia de la Naci\u00f3n y estuvo destinado a cubrir los actos del centenario de Saladillo. Enterado de la existencia de Cicar\u00e9, de sus trabajos lo fue a ver a Polvaredas. Gonzalez Valdez le inform\u00f3 al Presidente Dr. Arturo Illia sobre las actividades de Cicar\u00e9. El Presidente Illia lo recibe a Cicar\u00e9 y trata de facilitarle todo,pero el golpe de 1966 y la ca\u00edda de Illia lo trunca todo seg\u00fan coment\u00f3 el propio Cicar\u00e9 un reportaje. Los saladillenses sabemos de las visitas que le realiz\u00f3 Juan Manuel Fangio, las de de Juan Manuel Bordeu. Luego vinieron los reconocimientos y distinciones para \u201cPirincho\u201d si mal no recuerdo en 1969 fue premiado como uno de los diez j\u00f3venes sobresalientes en un concurso del Banco de la Pcia. de Buenos Aires. Medalla de Oro como Inventor en Suiza. A partir del a\u00f1o 1991 cuando fui electo Intendente Municipal y hasta que deje de serlo en 2015 tuve una intensa relaci\u00f3n con \u201cPirincho\u201d lo acompa\u00f1e en numerosas gestiones y en nombre del pueblo de Saladillo le preste todo el apoyo que fue posible a sus emprendimeintos. Promov\u00ed adem\u00e1s en mi primera gesti\u00f3n de Gobierno su declaraci\u00f3n como Ciudadano Ilustre, luego se le impuso el nombre de Augusto Ulderico Cicar\u00e9 a la Avenida que pasa frente a su f\u00e1brica de helic\u00f3pteros. Una calle en su Polvaredas Natal lleva su nombre, cuando funde la Biblioteca de Polvaredas decid\u00ed ponerle su nombre en reconocimiento a su trayectoria. Pirincho ha sido de alguna manera un educador, a difundido valores culturales y era justo que en su suelo natal un Centro Cultural llevara su nombre en este caso la Biblioteca Municipal del lugar. Cuando regres\u00f3 de Suiza premiado con la Medalla de Oro tuve el honor de entregarle las llaves de la ciudad. En noviembre de 2013 \u201cPirincho\u201d fue designado miembro honorario de la Facultad de Ingenier\u00eda de la Universidad Nacional de La Plata, lo acompa\u00f1e junto a su familia en el acto de entrega de la distinci\u00f3n. <\/p>\n\n\n\n<hr class=\"wp-block-separator\"\/>\n\n\n\n<figure class=\"wp-block-gallery columns-2 is-cropped wp-block-gallery-2 is-layout-flex wp-block-gallery-is-layout-flex\"><ul class=\"blocks-gallery-grid\"><li class=\"blocks-gallery-item\"><figure><img loading=\"lazy\" decoding=\"async\" width=\"600\" height=\"460\" src=\"https:\/\/acasaladillo.com.ar\/wp-content\/uploads\/2022\/01\/2-4.jpg\" alt=\"\" data-id=\"50887\" data-full-url=\"https:\/\/acasaladillo.com.ar\/wp-content\/uploads\/2022\/01\/2-4.jpg\" data-link=\"https:\/\/acasaladillo.com.ar\/?attachment_id=50887\" class=\"wp-image-50887\" srcset=\"https:\/\/acasaladillo.com.ar\/wp-content\/uploads\/2022\/01\/2-4.jpg 600w, https:\/\/acasaladillo.com.ar\/wp-content\/uploads\/2022\/01\/2-4-300x230.jpg 300w, https:\/\/acasaladillo.com.ar\/wp-content\/uploads\/2022\/01\/2-4-560x429.jpg 560w, https:\/\/acasaladillo.com.ar\/wp-content\/uploads\/2022\/01\/2-4-260x199.jpg 260w, https:\/\/acasaladillo.com.ar\/wp-content\/uploads\/2022\/01\/2-4-160x123.jpg 160w\" sizes=\"auto, (max-width: 600px) 100vw, 600px\" \/><\/figure><\/li><li class=\"blocks-gallery-item\"><figure><img loading=\"lazy\" decoding=\"async\" width=\"600\" height=\"338\" src=\"https:\/\/acasaladillo.com.ar\/wp-content\/uploads\/2022\/01\/4-4.jpg\" alt=\"\" data-id=\"50888\" data-full-url=\"https:\/\/acasaladillo.com.ar\/wp-content\/uploads\/2022\/01\/4-4.jpg\" data-link=\"https:\/\/acasaladillo.com.ar\/?attachment_id=50888\" class=\"wp-image-50888\" srcset=\"https:\/\/acasaladillo.com.ar\/wp-content\/uploads\/2022\/01\/4-4.jpg 600w, https:\/\/acasaladillo.com.ar\/wp-content\/uploads\/2022\/01\/4-4-300x169.jpg 300w, https:\/\/acasaladillo.com.ar\/wp-content\/uploads\/2022\/01\/4-4-560x315.jpg 560w, https:\/\/acasaladillo.com.ar\/wp-content\/uploads\/2022\/01\/4-4-260x146.jpg 260w, https:\/\/acasaladillo.com.ar\/wp-content\/uploads\/2022\/01\/4-4-160x90.jpg 160w\" sizes=\"auto, (max-width: 600px) 100vw, 600px\" \/><\/figure><\/li><\/ul><\/figure>\n\n\n\n<hr class=\"wp-block-separator\"\/>\n\n\n\n<p>El Decano de la Facultad, Dr. Ing. Marcos Actis nos dijo y luego lo repiti\u00f3 en el discurso ante los estudiantes y el p\u00fablico presente que \u00e9l hab\u00eda decidido estudiar ingenier\u00eda aeron\u00e1utica inspirado en el trabajo de Cicare, haberlo conocido a Pirincho lo motiv\u00f3 a estudiar la carrera. Pirincho Cicar\u00e9 era vastamente conocido y valorado en el mundo de la aeron\u00e1utica y de la aviaci\u00f3n. Quienes de alguna manera estaban vinculados con el mundo de los helic\u00f3pteros y de la aviaci\u00f3n sab\u00edan perfectamente qui\u00e9n era \u201cPirincho\u201d. Las revistas especializadas lo mencionan. En 1987 viaje a la Ant\u00e1rtida con una Delegaci\u00f3n de Periodistas, Funcionarios,Pol\u00edticos y Militares en el \u201cBahia Paraiso\u201d. Yo estaba hablando de Saladillo y se acerca un Coronel o General no recuerdo bien la graduaci\u00f3n militar y me pregunta por \u201cPirincho \u201c Cicar\u00e9 y empezamos hablar de \u00e9l. Fue emocionante hablar de un coterr\u00e1neo tan importante en el continente blanco. En bares de Washington, Madrid, Par\u00eds o Roma me encontr\u00e9 con argentinos de cualquier lugar del pa\u00eds que conoc\u00edan de la trayectoria de Cicare. La \u00faltima vez fue en Sydney cuando me identifique como saladillense un argentino me dijo:\u00bbyo le compre un helic\u00f3ptero a Cicar\u00e9\u00bb. Todo eso como saladillense me llenaba de orgullo. En todos estos a\u00f1os que me fui relacionado con \u201cPirincho\u201d se fue creando una relaci\u00f3n de afecto rec\u00edproco. Sabiendo de mi afici\u00f3n por las corbatas toda vez que viajaba al exterior me tra\u00eda una de regalo. Los seres humanos somos finitos y por lo tanto nuestra existencia en este mundo es limitada en alg\u00fan momento nos toca partir hacia la vida Eterna. El 25 de enero Augusto U. Cicar\u00e9 fue convocado por el Se\u00f1or ,\u201dPirincho\u201d era un hombre de fe. Ahora estar\u00e1 junto al Supremo Hacedor proponi\u00e9ndole alguna de sus genialidades. Si bien todos sabemos de la inexorabilidad de nuestro destino. Cuando tuve conocimiento de que \u201cPirincho\u201d ya no estar\u00e1 m\u00e1s f\u00edsicamente entre nosotros, una gran tristeza invadi\u00f3 todo mi ser. Porque no solo nos deja el Ciudadano Ilustre, El Inventor Genial, el Talento entre los Talentos, nos deja el conciudadano, el hombre humilde y com\u00fan que todos quisimos. A Pirincho todos lo quer\u00edan porque era un ser querible. Era alguien imposible de no querer y esto era independiente de su condici\u00f3n de GENIO. So\u00f1\u00f3 Grandes Sue\u00f1os y Muchos convirti\u00f3 en realidad. Algunas frustraciones se habr\u00e1n cruzado en su camino. Pero ten\u00eda la fortaleza de todos los leones del universo para no darse por vencido. Repito \u201cPrincho\u201d no ha muerto solo se ha hecho inmortal porque los grandes hombres no mueren cuando mueren permanecen vivos en la memoria colectiva de su pueblos. Igual vamos a extra\u00f1ar la presencia f\u00edsica del Gran Pirincho\u201d, Carlos Antonio Gorosito Ex &#8211; Intendente Municipal (1991-2015), Saladillo 26 de Enero de 2022.<\/p>\n\n\n\n<hr class=\"wp-block-separator\"\/>\n\n\n\n<figure class=\"wp-block-image size-full is-style-default\"><img loading=\"lazy\" decoding=\"async\" width=\"275\" height=\"183\" src=\"https:\/\/acasaladillo.com.ar\/wp-content\/uploads\/2022\/01\/7.jpg\" alt=\"\" class=\"wp-image-50885\" srcset=\"https:\/\/acasaladillo.com.ar\/wp-content\/uploads\/2022\/01\/7.jpg 275w, https:\/\/acasaladillo.com.ar\/wp-content\/uploads\/2022\/01\/7-260x173.jpg 260w, https:\/\/acasaladillo.com.ar\/wp-content\/uploads\/2022\/01\/7-160x106.jpg 160w\" sizes=\"auto, (max-width: 275px) 100vw, 275px\" \/><figcaption>26 de enero de 2022.<br>CONSTRUIR LA PAZ CON HUMILDAD<br>La paz no es s\u00f3lo la ausencia de conflictos, la paz es algo mucho m\u00e1s profundo, porque la verdadera paz viene de una actitud de humildad activa. Es decir, depende de nuestras acciones y actitudes delante de las personas y de las situaciones.<br>Para tener el coraje de pedir perd\u00f3n y de saber perdonar, es necesario ser humilde; para llevar concordia donde hay desuni\u00f3n, s\u00f3lo la conseguiremos con la humildad.<br>La paz se construye con tolerancia, aceptaci\u00f3n de las diferencias, di\u00e1logo, y todo ello con mucha humildad.<br>Donde vayamos, podemos llevar la paz que Jes\u00fas nos da y que nos env\u00eda para compartirla con las personas que encontremos.<br>\u201cAl entrar en una casa, digan primero: \u00a1Que descienda la paz sobre esta casa!\u201d. (Lc. 10,5)<br>Nancy Brunetti: \ud83d\udc46\ud83c\udffbesta reflexi\u00f3n del d\u00eda parece indicada para Pirincho, s\u00edmbolo de humildad \ud83d\ude0d<\/figcaption><\/figure>\n\n\n\n<hr class=\"wp-block-separator\"\/>\n\n\n\n<figure class=\"wp-block-image size-full is-style-default\"><img loading=\"lazy\" decoding=\"async\" width=\"720\" height=\"526\" src=\"https:\/\/acasaladillo.com.ar\/wp-content\/uploads\/2022\/01\/9.jpg\" alt=\"\" class=\"wp-image-50886\" srcset=\"https:\/\/acasaladillo.com.ar\/wp-content\/uploads\/2022\/01\/9.jpg 720w, https:\/\/acasaladillo.com.ar\/wp-content\/uploads\/2022\/01\/9-300x219.jpg 300w, https:\/\/acasaladillo.com.ar\/wp-content\/uploads\/2022\/01\/9-560x409.jpg 560w, https:\/\/acasaladillo.com.ar\/wp-content\/uploads\/2022\/01\/9-260x190.jpg 260w, https:\/\/acasaladillo.com.ar\/wp-content\/uploads\/2022\/01\/9-160x117.jpg 160w\" sizes=\"auto, (max-width: 720px) 100vw, 720px\" \/><figcaption>Un d\u00eda muy triste para Polvaredas el pueblo que lo vio nacer, crecer, crear y cumplir su primer sue\u00f1o, realizar un helic\u00f3ptero; hoy parti\u00f3 a la casa del se\u00f1or en su propio vuelo, el del destino Augusto Ulderico Cicar\u00e9 \u201dPirincho\u201d, un grande, un genio de la aviaci\u00f3n.<br>No solo fue el creador del helic\u00f3ptero, muchos m\u00e1s inventos surgieron de sus ideas y sus manos.<br>Personal y Asociaci\u00f3n de la Biblioteca \u201cAugusto Ulderico Cicar\u00e9\u201d de Polvaredas, acompa\u00f1an en este momento de tanto dolor a su Sra. esposa, hijos y dem\u00e1s familiares\u2026QEPD \u201cPirincho\u201d<\/figcaption><\/figure>\n\n\n\n<hr class=\"wp-block-separator\"\/>\n\n\n\n<figure class=\"wp-block-image size-full is-style-default\"><img loading=\"lazy\" decoding=\"async\" width=\"552\" height=\"520\" src=\"https:\/\/acasaladillo.com.ar\/wp-content\/uploads\/2022\/01\/1-12.jpg\" alt=\"\" class=\"wp-image-50889\" srcset=\"https:\/\/acasaladillo.com.ar\/wp-content\/uploads\/2022\/01\/1-12.jpg 552w, https:\/\/acasaladillo.com.ar\/wp-content\/uploads\/2022\/01\/1-12-300x283.jpg 300w, https:\/\/acasaladillo.com.ar\/wp-content\/uploads\/2022\/01\/1-12-260x245.jpg 260w, https:\/\/acasaladillo.com.ar\/wp-content\/uploads\/2022\/01\/1-12-160x151.jpg 160w\" sizes=\"auto, (max-width: 552px) 100vw, 552px\" \/><\/figure>\n\n\n\n<hr class=\"wp-block-separator\"\/>\n\n\n\n<p>EL SALUDO DEL GOBERNADOR AXEL KICILLOF<br>Tambi\u00e9n durante la jornada de ayer, el Gobernador de la Provincia de Buenos Aires envi\u00f3 un mensaje de salutaci\u00f3n rescatando la figura de Augusto Ulderico \u201cPirincho\u201d Cicar\u00e9, se\u00f1alando que hab\u00eda tenido la oportunidad de conocerlo personalmente durante una de las recorridas en nuestro distrito y expresando que de haber sido posible hubiese estado presente en nuestro medio acompa\u00f1ando a la familia, lo cual no pudo ser posible por cuestiones de salud.<\/p>\n\n\n\n<hr class=\"wp-block-separator\"\/>\n\n\n\n<figure class=\"wp-block-image size-full is-style-default\"><img loading=\"lazy\" decoding=\"async\" width=\"526\" height=\"528\" src=\"https:\/\/acasaladillo.com.ar\/wp-content\/uploads\/2022\/01\/1-13.jpg\" alt=\"\" class=\"wp-image-50890\" srcset=\"https:\/\/acasaladillo.com.ar\/wp-content\/uploads\/2022\/01\/1-13.jpg 526w, https:\/\/acasaladillo.com.ar\/wp-content\/uploads\/2022\/01\/1-13-300x300.jpg 300w, https:\/\/acasaladillo.com.ar\/wp-content\/uploads\/2022\/01\/1-13-260x261.jpg 260w, https:\/\/acasaladillo.com.ar\/wp-content\/uploads\/2022\/01\/1-13-160x161.jpg 160w\" sizes=\"auto, (max-width: 526px) 100vw, 526px\" \/><\/figure>\n\n\n\n<hr class=\"wp-block-separator\"\/>\n\n\n\n<figure class=\"wp-block-image size-full is-style-default\"><img loading=\"lazy\" decoding=\"async\" width=\"526\" height=\"526\" src=\"https:\/\/acasaladillo.com.ar\/wp-content\/uploads\/2022\/01\/2-5.jpg\" alt=\"\" class=\"wp-image-50891\" srcset=\"https:\/\/acasaladillo.com.ar\/wp-content\/uploads\/2022\/01\/2-5.jpg 526w, https:\/\/acasaladillo.com.ar\/wp-content\/uploads\/2022\/01\/2-5-300x300.jpg 300w, https:\/\/acasaladillo.com.ar\/wp-content\/uploads\/2022\/01\/2-5-260x260.jpg 260w, https:\/\/acasaladillo.com.ar\/wp-content\/uploads\/2022\/01\/2-5-160x160.jpg 160w\" sizes=\"auto, (max-width: 526px) 100vw, 526px\" \/><\/figure>\n","protected":false},"excerpt":{"rendered":"<p>Recuerdos\/salutaciones<\/p>\n<p class=\"more-link-p\"><a class=\"more-link\" href=\"https:\/\/acasaladillo.com.ar\/?p=50881\">Read more &rarr;<\/a><\/p>\n","protected":false},"author":3,"featured_media":50892,"comment_status":"closed","ping_status":"closed","sticky":false,"template":"","format":"standard","meta":{"_monsterinsights_skip_tracking":false,"footnotes":""},"categories":[1],"tags":[2202,217,3127],"class_list":["post-50881","post","type-post","status-publish","format-standard","has-post-thumbnail","hentry","category-noticias","tag-fallecimiento","tag-pirincho","tag-recuerdos-salutaciones"],"aioseo_notices":[],"_links":{"self":[{"href":"https:\/\/acasaladillo.com.ar\/index.php?rest_route=\/wp\/v2\/posts\/50881","targetHints":{"allow":["GET"]}}],"collection":[{"href":"https:\/\/acasaladillo.com.ar\/index.php?rest_route=\/wp\/v2\/posts"}],"about":[{"href":"https:\/\/acasaladillo.com.ar\/index.php?rest_route=\/wp\/v2\/types\/post"}],"author":[{"embeddable":true,"href":"https:\/\/acasaladillo.com.ar\/index.php?rest_route=\/wp\/v2\/users\/3"}],"replies":[{"embeddable":true,"href":"https:\/\/acasaladillo.com.ar\/index.php?rest_route=%2Fwp%2Fv2%2Fcomments&post=50881"}],"version-history":[{"count":2,"href":"https:\/\/acasaladillo.com.ar\/index.php?rest_route=\/wp\/v2\/posts\/50881\/revisions"}],"predecessor-version":[{"id":50988,"href":"https:\/\/acasaladillo.com.ar\/index.php?rest_route=\/wp\/v2\/posts\/50881\/revisions\/50988"}],"wp:featuredmedia":[{"embeddable":true,"href":"https:\/\/acasaladillo.com.ar\/index.php?rest_route=\/wp\/v2\/media\/50892"}],"wp:attachment":[{"href":"https:\/\/acasaladillo.com.ar\/index.php?rest_route=%2Fwp%2Fv2%2Fmedia&parent=50881"}],"wp:term":[{"taxonomy":"category","embeddable":true,"href":"https:\/\/acasaladillo.com.ar\/index.php?rest_route=%2Fwp%2Fv2%2Fcategories&post=50881"},{"taxonomy":"post_tag","embeddable":true,"href":"https:\/\/acasaladillo.com.ar\/index.php?rest_route=%2Fwp%2Fv2%2Ftags&post=50881"}],"curies":[{"name":"wp","href":"https:\/\/api.w.org\/{rel}","templated":true}]}}