{"id":50853,"date":"2022-01-22T19:30:32","date_gmt":"2022-01-22T22:30:32","guid":{"rendered":"https:\/\/acasaladillo.com.ar\/?p=50853"},"modified":"2024-07-31T21:48:39","modified_gmt":"2024-08-01T00:48:39","slug":"la-lluvia","status":"publish","type":"post","link":"https:\/\/acasaladillo.com.ar\/?p=50853","title":{"rendered":"La lluvia"},"content":{"rendered":"\n<figure class=\"wp-block-image size-full is-style-rounded\"><img loading=\"lazy\" decoding=\"async\" width=\"260\" height=\"194\" src=\"https:\/\/acasaladillo.com.ar\/wp-content\/uploads\/2022\/01\/descarga.jpg\" alt=\"\" class=\"wp-image-50854\" srcset=\"https:\/\/acasaladillo.com.ar\/wp-content\/uploads\/2022\/01\/descarga.jpg 260w, https:\/\/acasaladillo.com.ar\/wp-content\/uploads\/2022\/01\/descarga-160x119.jpg 160w\" sizes=\"auto, (max-width: 260px) 100vw, 260px\" \/><\/figure>\n\n\n\n<p>  La Biblioteca  <\/p>\n\n\n\n<hr class=\"wp-block-separator\"\/>\n\n\n\n<!--more-->\n\n\n\n<p>La lluvia provoc\u00f3 importantes da\u00f1os en la Biblioteca Bartolom\u00e9 Mitre<\/p>\n\n\n\n<p>Subsecretario de Cultura y Educaci\u00f3n, Pablo Censi informo que que debido a la lluvia ca\u00edda , la Biblioteca Municipal Bartolom\u00e9 Mitre ha sufrido importantes da\u00f1os.<\/p>\n\n\n\n<p>Los techos, ya da\u00f1ados desde hace tiempo, no resistieron y hubo que lamentar el da\u00f1o en ejemplares de libros que se mojaron.<\/p>\n\n\n\n<p>El estado edilicio de la Biblioteca es malo desde hace tiempo y no es la primera vez que sucede un hecho de estas caracter\u00edsticas.<\/p>\n\n\n\n<p>Pablo Censi dijo que \u00aben el presupuesto de este a\u00f1o hay destinada una suma importante de dinero para reparar los techos de la Biblioteca Mitre y que en estos momentos se est\u00e1n preparando los pliegos para la licitaci\u00f3n de la reparaci\u00f3n de los mismos\u00bb.<\/p>\n\n\n\n<p><\/p>\n","protected":false},"excerpt":{"rendered":"<p>La Biblioteca<\/p>\n<p class=\"more-link-p\"><a class=\"more-link\" href=\"https:\/\/acasaladillo.com.ar\/?p=50853\">Read more &rarr;<\/a><\/p>\n","protected":false},"author":3,"featured_media":50854,"comment_status":"closed","ping_status":"closed","sticky":false,"template":"","format":"standard","meta":{"_monsterinsights_skip_tracking":false,"footnotes":""},"categories":[1],"tags":[151,303],"class_list":["post-50853","post","type-post","status-publish","format-standard","has-post-thumbnail","hentry","category-noticias","tag-biblioteca","tag-secretaria-de-cultura"],"aioseo_notices":[],"_links":{"self":[{"href":"https:\/\/acasaladillo.com.ar\/index.php?rest_route=\/wp\/v2\/posts\/50853","targetHints":{"allow":["GET"]}}],"collection":[{"href":"https:\/\/acasaladillo.com.ar\/index.php?rest_route=\/wp\/v2\/posts"}],"about":[{"href":"https:\/\/acasaladillo.com.ar\/index.php?rest_route=\/wp\/v2\/types\/post"}],"author":[{"embeddable":true,"href":"https:\/\/acasaladillo.com.ar\/index.php?rest_route=\/wp\/v2\/users\/3"}],"replies":[{"embeddable":true,"href":"https:\/\/acasaladillo.com.ar\/index.php?rest_route=%2Fwp%2Fv2%2Fcomments&post=50853"}],"version-history":[{"count":3,"href":"https:\/\/acasaladillo.com.ar\/index.php?rest_route=\/wp\/v2\/posts\/50853\/revisions"}],"predecessor-version":[{"id":60279,"href":"https:\/\/acasaladillo.com.ar\/index.php?rest_route=\/wp\/v2\/posts\/50853\/revisions\/60279"}],"wp:featuredmedia":[{"embeddable":true,"href":"https:\/\/acasaladillo.com.ar\/index.php?rest_route=\/wp\/v2\/media\/50854"}],"wp:attachment":[{"href":"https:\/\/acasaladillo.com.ar\/index.php?rest_route=%2Fwp%2Fv2%2Fmedia&parent=50853"}],"wp:term":[{"taxonomy":"category","embeddable":true,"href":"https:\/\/acasaladillo.com.ar\/index.php?rest_route=%2Fwp%2Fv2%2Fcategories&post=50853"},{"taxonomy":"post_tag","embeddable":true,"href":"https:\/\/acasaladillo.com.ar\/index.php?rest_route=%2Fwp%2Fv2%2Ftags&post=50853"}],"curies":[{"name":"wp","href":"https:\/\/api.w.org\/{rel}","templated":true}]}}