{"id":47809,"date":"2021-08-08T15:36:46","date_gmt":"2021-08-08T18:36:46","guid":{"rendered":"http:\/\/acasaladillo.com.ar\/?p=47809"},"modified":"2021-10-23T21:56:18","modified_gmt":"2021-10-24T00:56:18","slug":"evacuacion","status":"publish","type":"post","link":"https:\/\/acasaladillo.com.ar\/?p=47809","title":{"rendered":"Evacuaci\u00f3n"},"content":{"rendered":"\n<figure class=\"wp-block-image size-large\"><img loading=\"lazy\" decoding=\"async\" width=\"1280\" height=\"853\" src=\"http:\/\/acasaladillo.com.ar\/wp-content\/uploads\/2021\/08\/77.jpg\" alt=\"\" class=\"wp-image-47810\" srcset=\"https:\/\/acasaladillo.com.ar\/wp-content\/uploads\/2021\/08\/77.jpg 1280w, https:\/\/acasaladillo.com.ar\/wp-content\/uploads\/2021\/08\/77-300x200.jpg 300w, https:\/\/acasaladillo.com.ar\/wp-content\/uploads\/2021\/08\/77-768x512.jpg 768w, https:\/\/acasaladillo.com.ar\/wp-content\/uploads\/2021\/08\/77-560x373.jpg 560w, https:\/\/acasaladillo.com.ar\/wp-content\/uploads\/2021\/08\/77-260x173.jpg 260w, https:\/\/acasaladillo.com.ar\/wp-content\/uploads\/2021\/08\/77-160x107.jpg 160w\" sizes=\"auto, (max-width: 1280px) 100vw, 1280px\" \/><\/figure>\n\n\n\n<p>Dif\u00edcil situaci\u00f3n<\/p>\n\n\n\n<hr class=\"wp-block-separator\"\/>\n\n\n\n<!--more-->\n\n\n\n<p>LOS SALADILLENSES ESTAMOS ATRAVESANDO UNA DE LAS SITUACIONES M\u00c1S DIF\u00cdCILES<\/p>\n\n\n\n<p>Desde el Municipio se informa que las condiciones clim\u00e1ticas con ca\u00edda de granizo y fuertes lluvias ha afectado gravemente nuestra ciudad.<\/p>\n\n\n\n<p>Durante la ma\u00f1ana de hoy fueron autoconvocados los integrantes de Defensa Civil y todas las \u00e1reas del Municipio que tienen capacidad para dar respuesta en estos momentos; m\u00e1s all\u00e1 que muchos de los integrantes y empleados tambi\u00e9n han sufrido da\u00f1os en sus viviendas particulares.<\/p>\n\n\n\n<p>La demanda es muy alta. Pedimos solidaridad y paciencia para solicitar ayuda, ya que hay familias con voladuras de techos y afectaciones graves que la est\u00e1n pasando muy mal. Tambi\u00e9n han sufrido consecuencias muchas dependencias p\u00fablicas y oficinas Municipales.<\/p>\n\n\n\n<hr class=\"wp-block-separator\"\/>\n\n\n\n<figure class=\"wp-block-gallery columns-3 is-cropped wp-block-gallery-1 is-layout-flex wp-block-gallery-is-layout-flex\"><ul class=\"blocks-gallery-grid\"><li class=\"blocks-gallery-item\"><figure><img loading=\"lazy\" decoding=\"async\" width=\"1280\" height=\"960\" src=\"http:\/\/acasaladillo.com.ar\/wp-content\/uploads\/2021\/08\/1f18050c-0eaf-452b-9a1c-39d5446ca4d3.jpg\" alt=\"\" data-id=\"47811\" data-full-url=\"http:\/\/acasaladillo.com.ar\/wp-content\/uploads\/2021\/08\/1f18050c-0eaf-452b-9a1c-39d5446ca4d3.jpg\" data-link=\"http:\/\/acasaladillo.com.ar\/?attachment_id=47811\" class=\"wp-image-47811\" srcset=\"https:\/\/acasaladillo.com.ar\/wp-content\/uploads\/2021\/08\/1f18050c-0eaf-452b-9a1c-39d5446ca4d3.jpg 1280w, https:\/\/acasaladillo.com.ar\/wp-content\/uploads\/2021\/08\/1f18050c-0eaf-452b-9a1c-39d5446ca4d3-300x225.jpg 300w, https:\/\/acasaladillo.com.ar\/wp-content\/uploads\/2021\/08\/1f18050c-0eaf-452b-9a1c-39d5446ca4d3-768x576.jpg 768w, https:\/\/acasaladillo.com.ar\/wp-content\/uploads\/2021\/08\/1f18050c-0eaf-452b-9a1c-39d5446ca4d3-560x420.jpg 560w, https:\/\/acasaladillo.com.ar\/wp-content\/uploads\/2021\/08\/1f18050c-0eaf-452b-9a1c-39d5446ca4d3-260x195.jpg 260w, https:\/\/acasaladillo.com.ar\/wp-content\/uploads\/2021\/08\/1f18050c-0eaf-452b-9a1c-39d5446ca4d3-160x120.jpg 160w\" sizes=\"auto, (max-width: 1280px) 100vw, 1280px\" \/><\/figure><\/li><li class=\"blocks-gallery-item\"><figure><img loading=\"lazy\" decoding=\"async\" width=\"1280\" height=\"960\" src=\"http:\/\/acasaladillo.com.ar\/wp-content\/uploads\/2021\/08\/22.jpg\" alt=\"\" data-id=\"47812\" data-full-url=\"http:\/\/acasaladillo.com.ar\/wp-content\/uploads\/2021\/08\/22.jpg\" data-link=\"http:\/\/acasaladillo.com.ar\/?attachment_id=47812\" class=\"wp-image-47812\" srcset=\"https:\/\/acasaladillo.com.ar\/wp-content\/uploads\/2021\/08\/22.jpg 1280w, https:\/\/acasaladillo.com.ar\/wp-content\/uploads\/2021\/08\/22-300x225.jpg 300w, https:\/\/acasaladillo.com.ar\/wp-content\/uploads\/2021\/08\/22-768x576.jpg 768w, https:\/\/acasaladillo.com.ar\/wp-content\/uploads\/2021\/08\/22-560x420.jpg 560w, https:\/\/acasaladillo.com.ar\/wp-content\/uploads\/2021\/08\/22-260x195.jpg 260w, https:\/\/acasaladillo.com.ar\/wp-content\/uploads\/2021\/08\/22-160x120.jpg 160w\" sizes=\"auto, (max-width: 1280px) 100vw, 1280px\" \/><\/figure><\/li><li class=\"blocks-gallery-item\"><figure><img loading=\"lazy\" decoding=\"async\" width=\"1280\" height=\"853\" src=\"http:\/\/acasaladillo.com.ar\/wp-content\/uploads\/2021\/08\/33.jpg\" alt=\"\" data-id=\"47813\" data-full-url=\"http:\/\/acasaladillo.com.ar\/wp-content\/uploads\/2021\/08\/33.jpg\" data-link=\"http:\/\/acasaladillo.com.ar\/?attachment_id=47813\" class=\"wp-image-47813\" srcset=\"https:\/\/acasaladillo.com.ar\/wp-content\/uploads\/2021\/08\/33.jpg 1280w, https:\/\/acasaladillo.com.ar\/wp-content\/uploads\/2021\/08\/33-300x200.jpg 300w, https:\/\/acasaladillo.com.ar\/wp-content\/uploads\/2021\/08\/33-768x512.jpg 768w, https:\/\/acasaladillo.com.ar\/wp-content\/uploads\/2021\/08\/33-560x373.jpg 560w, https:\/\/acasaladillo.com.ar\/wp-content\/uploads\/2021\/08\/33-260x173.jpg 260w, https:\/\/acasaladillo.com.ar\/wp-content\/uploads\/2021\/08\/33-160x107.jpg 160w\" sizes=\"auto, (max-width: 1280px) 100vw, 1280px\" \/><\/figure><\/li><\/ul><\/figure>\n\n\n\n<hr class=\"wp-block-separator\"\/>\n\n\n\n<p>Se ha dispuesto como lugar de evacuaci\u00f3n el CAPS Falucho para las familias que necesiten retirarse de su domicilio.<\/p>\n\n\n\n<p>Hasta el momento se llevan contabilizadas 60 voladuras de techo en la planta urbana de la ciudad, y 270 reclamos por asistencia. Falta sumar el diagn\u00f3stico de lo ocurrido en las localidades del Interior.<\/p>\n\n\n\n<p>Tambi\u00e9n informamos que se ha comunicado con Autoridades Municipales el Director Provincial de Intervenci\u00f3n Social en la Emergencia Sr. Ariel Paniagua, quien estar\u00e1 presente en el d\u00eda de hoy en nuestra ciudad corroborando lo que ha ocurrido y ha comprometido la ayuda a nuestra ciudad.<\/p>\n\n\n\n<hr class=\"wp-block-separator\"\/>\n\n\n\n<figure class=\"wp-block-gallery columns-2 is-cropped wp-block-gallery-2 is-layout-flex wp-block-gallery-is-layout-flex\"><ul class=\"blocks-gallery-grid\"><li class=\"blocks-gallery-item\"><figure><img loading=\"lazy\" decoding=\"async\" width=\"1280\" height=\"853\" src=\"http:\/\/acasaladillo.com.ar\/wp-content\/uploads\/2021\/08\/55.jpg\" alt=\"\" data-id=\"47815\" data-full-url=\"http:\/\/acasaladillo.com.ar\/wp-content\/uploads\/2021\/08\/55.jpg\" data-link=\"http:\/\/acasaladillo.com.ar\/?attachment_id=47815\" class=\"wp-image-47815\" srcset=\"https:\/\/acasaladillo.com.ar\/wp-content\/uploads\/2021\/08\/55.jpg 1280w, https:\/\/acasaladillo.com.ar\/wp-content\/uploads\/2021\/08\/55-300x200.jpg 300w, https:\/\/acasaladillo.com.ar\/wp-content\/uploads\/2021\/08\/55-768x512.jpg 768w, https:\/\/acasaladillo.com.ar\/wp-content\/uploads\/2021\/08\/55-560x373.jpg 560w, https:\/\/acasaladillo.com.ar\/wp-content\/uploads\/2021\/08\/55-260x173.jpg 260w, https:\/\/acasaladillo.com.ar\/wp-content\/uploads\/2021\/08\/55-160x107.jpg 160w\" sizes=\"auto, (max-width: 1280px) 100vw, 1280px\" \/><\/figure><\/li><li class=\"blocks-gallery-item\"><figure><img loading=\"lazy\" decoding=\"async\" width=\"1280\" height=\"853\" src=\"http:\/\/acasaladillo.com.ar\/wp-content\/uploads\/2021\/08\/66.jpg\" alt=\"\" data-id=\"47816\" data-full-url=\"http:\/\/acasaladillo.com.ar\/wp-content\/uploads\/2021\/08\/66.jpg\" data-link=\"http:\/\/acasaladillo.com.ar\/?attachment_id=47816\" class=\"wp-image-47816\" srcset=\"https:\/\/acasaladillo.com.ar\/wp-content\/uploads\/2021\/08\/66.jpg 1280w, https:\/\/acasaladillo.com.ar\/wp-content\/uploads\/2021\/08\/66-300x200.jpg 300w, https:\/\/acasaladillo.com.ar\/wp-content\/uploads\/2021\/08\/66-768x512.jpg 768w, https:\/\/acasaladillo.com.ar\/wp-content\/uploads\/2021\/08\/66-560x373.jpg 560w, https:\/\/acasaladillo.com.ar\/wp-content\/uploads\/2021\/08\/66-260x173.jpg 260w, https:\/\/acasaladillo.com.ar\/wp-content\/uploads\/2021\/08\/66-160x107.jpg 160w\" sizes=\"auto, (max-width: 1280px) 100vw, 1280px\" \/><\/figure><\/li><\/ul><\/figure>\n\n\n\n<hr class=\"wp-block-separator\"\/>\n\n\n\n<p>Los referentes de la Cooperativa El\u00e9ctrica se encuentran realizando un diagn\u00f3stico general para determinar los da\u00f1os causados afectando especialmente la zona de Saladillo Norte, Campo Corch, Caz\u00f3n, Polvaredas, Del Carril y zona rural circundantes. Esto implica que el restablecimiento el\u00e9ctrico demandar\u00e1 entre 24 y 48 hs para los trabajos y el retorno de la electricidad domiciliaria.<\/p>\n\n\n\n<p>Todas las fuerzas y referentes pol\u00edticos se encuentran colaborando en estos momentos.<\/p>\n\n\n\n<hr class=\"wp-block-separator\"\/>\n\n\n\n<figure class=\"wp-block-gallery columns-2 is-cropped wp-block-gallery-3 is-layout-flex wp-block-gallery-is-layout-flex\"><ul class=\"blocks-gallery-grid\"><li class=\"blocks-gallery-item\"><figure><img loading=\"lazy\" decoding=\"async\" width=\"1280\" height=\"853\" src=\"http:\/\/acasaladillo.com.ar\/wp-content\/uploads\/2021\/08\/66-1.jpg\" alt=\"\" data-id=\"47817\" data-full-url=\"http:\/\/acasaladillo.com.ar\/wp-content\/uploads\/2021\/08\/66-1.jpg\" data-link=\"http:\/\/acasaladillo.com.ar\/?attachment_id=47817\" class=\"wp-image-47817\" srcset=\"https:\/\/acasaladillo.com.ar\/wp-content\/uploads\/2021\/08\/66-1.jpg 1280w, https:\/\/acasaladillo.com.ar\/wp-content\/uploads\/2021\/08\/66-1-300x200.jpg 300w, https:\/\/acasaladillo.com.ar\/wp-content\/uploads\/2021\/08\/66-1-768x512.jpg 768w, https:\/\/acasaladillo.com.ar\/wp-content\/uploads\/2021\/08\/66-1-560x373.jpg 560w, https:\/\/acasaladillo.com.ar\/wp-content\/uploads\/2021\/08\/66-1-260x173.jpg 260w, https:\/\/acasaladillo.com.ar\/wp-content\/uploads\/2021\/08\/66-1-160x107.jpg 160w\" sizes=\"auto, (max-width: 1280px) 100vw, 1280px\" \/><\/figure><\/li><li class=\"blocks-gallery-item\"><figure><img loading=\"lazy\" decoding=\"async\" width=\"1280\" height=\"853\" src=\"http:\/\/acasaladillo.com.ar\/wp-content\/uploads\/2021\/08\/77-1.jpg\" alt=\"\" data-id=\"47818\" data-full-url=\"http:\/\/acasaladillo.com.ar\/wp-content\/uploads\/2021\/08\/77-1.jpg\" data-link=\"http:\/\/acasaladillo.com.ar\/?attachment_id=47818\" class=\"wp-image-47818\" srcset=\"https:\/\/acasaladillo.com.ar\/wp-content\/uploads\/2021\/08\/77-1.jpg 1280w, https:\/\/acasaladillo.com.ar\/wp-content\/uploads\/2021\/08\/77-1-300x200.jpg 300w, https:\/\/acasaladillo.com.ar\/wp-content\/uploads\/2021\/08\/77-1-768x512.jpg 768w, https:\/\/acasaladillo.com.ar\/wp-content\/uploads\/2021\/08\/77-1-560x373.jpg 560w, https:\/\/acasaladillo.com.ar\/wp-content\/uploads\/2021\/08\/77-1-260x173.jpg 260w, https:\/\/acasaladillo.com.ar\/wp-content\/uploads\/2021\/08\/77-1-160x107.jpg 160w\" sizes=\"auto, (max-width: 1280px) 100vw, 1280px\" \/><\/figure><\/li><li class=\"blocks-gallery-item\"><figure><img loading=\"lazy\" decoding=\"async\" width=\"1280\" height=\"960\" src=\"http:\/\/acasaladillo.com.ar\/wp-content\/uploads\/2021\/08\/444.jpg\" alt=\"\" data-id=\"47819\" data-full-url=\"http:\/\/acasaladillo.com.ar\/wp-content\/uploads\/2021\/08\/444.jpg\" data-link=\"http:\/\/acasaladillo.com.ar\/?attachment_id=47819\" class=\"wp-image-47819\" srcset=\"https:\/\/acasaladillo.com.ar\/wp-content\/uploads\/2021\/08\/444.jpg 1280w, https:\/\/acasaladillo.com.ar\/wp-content\/uploads\/2021\/08\/444-300x225.jpg 300w, https:\/\/acasaladillo.com.ar\/wp-content\/uploads\/2021\/08\/444-768x576.jpg 768w, https:\/\/acasaladillo.com.ar\/wp-content\/uploads\/2021\/08\/444-560x420.jpg 560w, https:\/\/acasaladillo.com.ar\/wp-content\/uploads\/2021\/08\/444-260x195.jpg 260w, https:\/\/acasaladillo.com.ar\/wp-content\/uploads\/2021\/08\/444-160x120.jpg 160w\" sizes=\"auto, (max-width: 1280px) 100vw, 1280px\" \/><\/figure><\/li><\/ul><\/figure>\n\n\n\n<hr class=\"wp-block-separator\"\/>\n\n\n\n<p>El \u00e1rea de Desarrollo Humano est\u00e1 centralizando los pedidos para determinar lo m\u00e1s prioritario y lograr llegar con la asistencia urgente y necesaria para acompa\u00f1ar la situaci\u00f3n de la emergencia suscitada, aunque resulta dificultoso dar respuesta en forma simult\u00e1nea a todos los casos relevados; lo que demandar\u00e1 varios d\u00edas para volver a la normalidad.<\/p>\n\n\n\n<p>Estamos transitando una de las situaciones m\u00e1s dif\u00edciles que ha vivido Saladillo en su historia, lo que implicar\u00e1 mucho trabajo y colaboraci\u00f3n de los vecinos, como as\u00ed tambi\u00e9n del Estado en su totalidad.<\/p>\n","protected":false},"excerpt":{"rendered":"<p>Dif\u00edcil situaci\u00f3n<\/p>\n<p class=\"more-link-p\"><a class=\"more-link\" href=\"https:\/\/acasaladillo.com.ar\/?p=47809\">Read more &rarr;<\/a><\/p>\n","protected":false},"author":3,"featured_media":47795,"comment_status":"closed","ping_status":"closed","sticky":false,"template":"","format":"standard","meta":{"_monsterinsights_skip_tracking":false,"footnotes":""},"categories":[1],"tags":[1263,3057],"class_list":["post-47809","post","type-post","status-publish","format-standard","has-post-thumbnail","hentry","category-noticias","tag-temporal-en-saladillo","tag-tornado"],"aioseo_notices":[],"_links":{"self":[{"href":"https:\/\/acasaladillo.com.ar\/index.php?rest_route=\/wp\/v2\/posts\/47809","targetHints":{"allow":["GET"]}}],"collection":[{"href":"https:\/\/acasaladillo.com.ar\/index.php?rest_route=\/wp\/v2\/posts"}],"about":[{"href":"https:\/\/acasaladillo.com.ar\/index.php?rest_route=\/wp\/v2\/types\/post"}],"author":[{"embeddable":true,"href":"https:\/\/acasaladillo.com.ar\/index.php?rest_route=\/wp\/v2\/users\/3"}],"replies":[{"embeddable":true,"href":"https:\/\/acasaladillo.com.ar\/index.php?rest_route=%2Fwp%2Fv2%2Fcomments&post=47809"}],"version-history":[{"count":1,"href":"https:\/\/acasaladillo.com.ar\/index.php?rest_route=\/wp\/v2\/posts\/47809\/revisions"}],"predecessor-version":[{"id":47820,"href":"https:\/\/acasaladillo.com.ar\/index.php?rest_route=\/wp\/v2\/posts\/47809\/revisions\/47820"}],"wp:featuredmedia":[{"embeddable":true,"href":"https:\/\/acasaladillo.com.ar\/index.php?rest_route=\/wp\/v2\/media\/47795"}],"wp:attachment":[{"href":"https:\/\/acasaladillo.com.ar\/index.php?rest_route=%2Fwp%2Fv2%2Fmedia&parent=47809"}],"wp:term":[{"taxonomy":"category","embeddable":true,"href":"https:\/\/acasaladillo.com.ar\/index.php?rest_route=%2Fwp%2Fv2%2Fcategories&post=47809"},{"taxonomy":"post_tag","embeddable":true,"href":"https:\/\/acasaladillo.com.ar\/index.php?rest_route=%2Fwp%2Fv2%2Ftags&post=47809"}],"curies":[{"name":"wp","href":"https:\/\/api.w.org\/{rel}","templated":true}]}}